{"id":13012,"date":"2021-01-20T14:50:44","date_gmt":"2021-01-20T17:50:44","guid":{"rendered":"https:\/\/abrelivros.org.br\/site\/?p=13012"},"modified":"2021-01-20T14:50:44","modified_gmt":"2021-01-20T17:50:44","slug":"fnde-faz-pesquisa-para-formatar-cursos-sobre-o-novo-fundeb","status":"publish","type":"post","link":"https:\/\/abrelivros.org.br\/site\/fnde-faz-pesquisa-para-formatar-cursos-sobre-o-novo-fundeb\/","title":{"rendered":"FNDE faz pesquisa para formatar cursos sobre o novo Fundeb"},"content":{"rendered":"<p>O Fundo Nacional de Desenvolvimento da Educa\u00e7\u00e3o (FNDE) promove uma pesquisa, desde a segunda-feira, 18 de janeiro, para auxiliar na formata\u00e7\u00e3o de cursos sobre o novo Fundo de Manuten\u00e7\u00e3o e Desenvolvimento da Educa\u00e7\u00e3o B\u00e1sica e de Valoriza\u00e7\u00e3o dos Profissionais da Educa\u00e7\u00e3o (Fundeb). <!--more-->Direcionado a conselheiros de controle social, secret\u00e1rios de Educa\u00e7\u00e3o, dirigentes e t\u00e9cnicos educacionais, o levantamento busca reunir informa\u00e7\u00f5es para a implementa\u00e7\u00e3o de uma estrat\u00e9gia de capacita\u00e7\u00e3o voltada para esse mesmo p\u00fablico-alvo.<\/p>\n<p>\u201cCom as novas regras do Fundeb, \u00e9 necess\u00e1rio capacitar os gestores respons\u00e1veis pela execu\u00e7\u00e3o dos recursos do fundo, para que n\u00e3o ocorra nenhuma falha na destina\u00e7\u00e3o dos valores. Tamb\u00e9m \u00e9 importante orientar os conselheiros para aprimorar o controle social\u201d, afirma o presidente do FNDE, Marcelo Ponte.<\/p>\n<p>Os interessados t\u00eam at\u00e9 esta sexta-feira, dia 22, para responder a pesquisa. Com os dados levantados, a equipe t\u00e9cnica do Fundeb e da Assessoria de Educa\u00e7\u00e3o Corporativa do FNDE vai formatar cursos a dist\u00e2ncia sobre as novas regras, implementadas no ano passado pela Emenda Constitucional n\u00b0 108\/2020 e regulamentadas pela Lei n\u00b0 14.113\/2020. Os cursos devem estar dispon\u00edveis no Portal de Educa\u00e7\u00e3o Corporativa do FNDE at\u00e9 abril.<\/p>\n<p><strong>Participa\u00e7\u00e3o<\/strong> \u2013 A equipe do Fundeb tem, cada vez mais, se preocupado com inova\u00e7\u00e3o e participa\u00e7\u00e3o democr\u00e1tica, de modo a captar as diferentes realidades do pa\u00eds e de seus gestores, aproximando a comunidade escolar das decis\u00f5es estrat\u00e9gicas. `Os gestores locais, que cuidam da educa\u00e7\u00e3o b\u00e1sica p\u00fablica em diferentes realidades, merecem a oportunidade de contribuir com suas experi\u00eancias. \u00c9 um momento de valorizar quem executa e tem a responsabilidade de tornar esse recurso do novo Fundeb em uma realidade diferente na vida de mais de 45 milh\u00f5es de estudantes`, destaca a diretora de Gest\u00e3o de Fundos e Benef\u00edcios do FNDE, Renata d`Aguiar.<\/p>\n","protected":false},"excerpt":{"rendered":"<p>O Fundo Nacional de Desenvolvimento da Educa\u00e7\u00e3o (FNDE) promove uma pesquisa, desde a segunda-feira, 18 de janeiro, para auxiliar na formata\u00e7\u00e3o de cursos sobre o novo Fundo de Manuten\u00e7\u00e3o e Desenvolvimento da Educa\u00e7\u00e3o B\u00e1sica e de Valoriza\u00e7\u00e3o dos Profissionais da Educa\u00e7\u00e3o (Fundeb).<\/p>\n","protected":false},"author":4,"featured_media":0,"comment_status":"closed","ping_status":"closed","sticky":false,"template":"","format":"standard","meta":{"footnotes":"","_links_to":"","_links_to_target":""},"categories":[9],"tags":[],"class_list":["post-13012","post","type-post","status-publish","format-standard","hentry","category-noticias-da-imprensa"],"yoast_head":"<!-- This site is optimized with the Yoast SEO plugin v15.1 - https:\/\/yoast.com\/wordpress\/plugins\/seo\/ -->\n<title>FNDE faz pesquisa para formatar cursos sobre o novo Fundeb &raquo; Abrelivros<\/title>\n<meta name=\"robots\" content=\"index, follow, max-snippet:-1, max-image-preview:large, max-video-preview:-1\" \/>\n<link rel=\"canonical\" href=\"https:\/\/abrelivros.org.br\/site\/fnde-faz-pesquisa-para-formatar-cursos-sobre-o-novo-fundeb\/\" \/>\n<meta property=\"og:locale\" content=\"pt_BR\" \/>\n<meta property=\"og:type\" content=\"article\" \/>\n<meta property=\"og:title\" content=\"FNDE faz pesquisa para formatar cursos sobre o novo Fundeb &raquo; Abrelivros\" \/>\n<meta property=\"og:description\" content=\"O Fundo Nacional de Desenvolvimento da Educa\u00e7\u00e3o (FNDE) promove uma pesquisa, desde a segunda-feira, 18 de janeiro, para auxiliar na formata\u00e7\u00e3o de cursos sobre o novo Fundo de Manuten\u00e7\u00e3o e Desenvolvimento da Educa\u00e7\u00e3o B\u00e1sica e de Valoriza\u00e7\u00e3o dos Profissionais da Educa\u00e7\u00e3o (Fundeb).\" \/>\n<meta property=\"og:url\" content=\"https:\/\/abrelivros.org.br\/site\/fnde-faz-pesquisa-para-formatar-cursos-sobre-o-novo-fundeb\/\" \/>\n<meta property=\"og:site_name\" content=\"Abrelivros\" \/>\n<meta property=\"article:published_time\" content=\"2021-01-20T17:50:44+00:00\" \/>\n<meta name=\"twitter:card\" content=\"summary_large_image\" \/>\n<script type=\"application\/ld+json\" class=\"yoast-schema-graph\">{\"@context\":\"https:\/\/schema.org\",\"@graph\":[{\"@type\":\"WebSite\",\"@id\":\"https:\/\/abrelivros.org.br\/site\/#website\",\"url\":\"https:\/\/abrelivros.org.br\/site\/\",\"name\":\"Abrelivros\",\"description\":\"\",\"potentialAction\":[{\"@type\":\"SearchAction\",\"target\":\"https:\/\/abrelivros.org.br\/site\/?s={search_term_string}\",\"query-input\":\"required name=search_term_string\"}],\"inLanguage\":\"pt-BR\"},{\"@type\":\"WebPage\",\"@id\":\"https:\/\/abrelivros.org.br\/site\/fnde-faz-pesquisa-para-formatar-cursos-sobre-o-novo-fundeb\/#webpage\",\"url\":\"https:\/\/abrelivros.org.br\/site\/fnde-faz-pesquisa-para-formatar-cursos-sobre-o-novo-fundeb\/\",\"name\":\"FNDE faz pesquisa para formatar cursos sobre o novo Fundeb &raquo; Abrelivros\",\"isPartOf\":{\"@id\":\"https:\/\/abrelivros.org.br\/site\/#website\"},\"datePublished\":\"2021-01-20T17:50:44+00:00\",\"dateModified\":\"2021-01-20T17:50:44+00:00\",\"author\":{\"@id\":\"https:\/\/abrelivros.org.br\/site\/#\/schema\/person\/65db80e26409802ce15ac5feec6a15fd\"},\"breadcrumb\":{\"@id\":\"https:\/\/abrelivros.org.br\/site\/fnde-faz-pesquisa-para-formatar-cursos-sobre-o-novo-fundeb\/#breadcrumb\"},\"inLanguage\":\"pt-BR\",\"potentialAction\":[{\"@type\":\"ReadAction\",\"target\":[\"https:\/\/abrelivros.org.br\/site\/fnde-faz-pesquisa-para-formatar-cursos-sobre-o-novo-fundeb\/\"]}]},{\"@type\":\"BreadcrumbList\",\"@id\":\"https:\/\/abrelivros.org.br\/site\/fnde-faz-pesquisa-para-formatar-cursos-sobre-o-novo-fundeb\/#breadcrumb\",\"itemListElement\":[{\"@type\":\"ListItem\",\"position\":1,\"item\":{\"@type\":\"WebPage\",\"@id\":\"https:\/\/abrelivros.org.br\/site\/\",\"url\":\"https:\/\/abrelivros.org.br\/site\/\",\"name\":\"In\\u00edcio\"}},{\"@type\":\"ListItem\",\"position\":2,\"item\":{\"@type\":\"WebPage\",\"@id\":\"https:\/\/abrelivros.org.br\/site\/category\/noticias\/\",\"url\":\"https:\/\/abrelivros.org.br\/site\/category\/noticias\/\",\"name\":\"Not\\u00edcias\"}},{\"@type\":\"ListItem\",\"position\":3,\"item\":{\"@type\":\"WebPage\",\"@id\":\"https:\/\/abrelivros.org.br\/site\/category\/noticias\/noticias-da-imprensa\/\",\"url\":\"https:\/\/abrelivros.org.br\/site\/category\/noticias\/noticias-da-imprensa\/\",\"name\":\"Not\\u00edcias da imprensa\"}},{\"@type\":\"ListItem\",\"position\":4,\"item\":{\"@type\":\"WebPage\",\"@id\":\"https:\/\/abrelivros.org.br\/site\/fnde-faz-pesquisa-para-formatar-cursos-sobre-o-novo-fundeb\/\",\"url\":\"https:\/\/abrelivros.org.br\/site\/fnde-faz-pesquisa-para-formatar-cursos-sobre-o-novo-fundeb\/\",\"name\":\"FNDE faz pesquisa para formatar cursos sobre o novo Fundeb\"}}]},{\"@type\":\"Person\",\"@id\":\"https:\/\/abrelivros.org.br\/site\/#\/schema\/person\/65db80e26409802ce15ac5feec6a15fd\",\"name\":\"Reda\\u00e7\\u00e3o Abrelivros\",\"image\":{\"@type\":\"ImageObject\",\"@id\":\"https:\/\/abrelivros.org.br\/site\/#personlogo\",\"inLanguage\":\"pt-BR\",\"url\":\"https:\/\/secure.gravatar.com\/avatar\/c4e57f9c7e3482965bd428192061218520756c39080b1d1820b679fa5e9af192?s=96&d=mm&r=g\",\"caption\":\"Reda\\u00e7\\u00e3o Abrelivros\"}}]}<\/script>\n<!-- \/ Yoast SEO plugin. -->","_links":{"self":[{"href":"https:\/\/abrelivros.org.br\/site\/wp-json\/wp\/v2\/posts\/13012","targetHints":{"allow":["GET"]}}],"collection":[{"href":"https:\/\/abrelivros.org.br\/site\/wp-json\/wp\/v2\/posts"}],"about":[{"href":"https:\/\/abrelivros.org.br\/site\/wp-json\/wp\/v2\/types\/post"}],"author":[{"embeddable":true,"href":"https:\/\/abrelivros.org.br\/site\/wp-json\/wp\/v2\/users\/4"}],"replies":[{"embeddable":true,"href":"https:\/\/abrelivros.org.br\/site\/wp-json\/wp\/v2\/comments?post=13012"}],"version-history":[{"count":1,"href":"https:\/\/abrelivros.org.br\/site\/wp-json\/wp\/v2\/posts\/13012\/revisions"}],"predecessor-version":[{"id":13013,"href":"https:\/\/abrelivros.org.br\/site\/wp-json\/wp\/v2\/posts\/13012\/revisions\/13013"}],"wp:attachment":[{"href":"https:\/\/abrelivros.org.br\/site\/wp-json\/wp\/v2\/media?parent=13012"}],"wp:term":[{"taxonomy":"category","embeddable":true,"href":"https:\/\/abrelivros.org.br\/site\/wp-json\/wp\/v2\/categories?post=13012"},{"taxonomy":"post_tag","embeddable":true,"href":"https:\/\/abrelivros.org.br\/site\/wp-json\/wp\/v2\/tags?post=13012"}],"curies":[{"name":"wp","href":"https:\/\/api.w.org\/{rel}","templated":true}]}}