{"id":13006,"date":"2021-01-19T10:36:58","date_gmt":"2021-01-19T13:36:58","guid":{"rendered":"https:\/\/abrelivros.org.br\/site\/?p=13006"},"modified":"2021-01-19T10:36:58","modified_gmt":"2021-01-19T13:36:58","slug":"deputados-entregam-a-candidatos-a-presidencia-da-camara-carta-com-prioridades-para-a-educacao","status":"publish","type":"post","link":"https:\/\/abrelivros.org.br\/site\/deputados-entregam-a-candidatos-a-presidencia-da-camara-carta-com-prioridades-para-a-educacao\/","title":{"rendered":"Deputados entregam a candidatos \u00e0 Presid\u00eancia da C\u00e2mara carta com prioridades para a educa\u00e7\u00e3o"},"content":{"rendered":"<p>Os deputados que integram a comiss\u00e3o externa que acompanha os trabalhos do Minist\u00e9rio da Educa\u00e7\u00e3o e a Frente Parlamentar Mista da Educa\u00e7\u00e3o elaboraram uma carta em que pedem aos candidatos \u00e0 Presid\u00eancia da C\u00e2mara prioridade em pautar uma s\u00e9rie de propostas para o setor que tramitam na Casa.<!--more--><\/p>\n<p>As proposi\u00e7\u00f5es foram divididas em cinco grupos: medidas educacionais de urg\u00eancia, a fim de mitigar os efeitos da pandemia do novo coronav\u00edrus; governan\u00e7a e or\u00e7amento; Educa\u00e7\u00e3o Profissional, Cient\u00edfica e Tecnol\u00f3gica; forma\u00e7\u00e3o de professores; e primeira inf\u00e2ncia.<\/p>\n<p>Entre as prioridades elencadas pelo grupo est\u00e3o o PL 2949\/20, que disp\u00f5e sobre a estrat\u00e9gia para o retorno \u00e0s aulas no \u00e2mbito do enfrentamento da Covid-19; o PLP 25\/19, que institui o Sistema Nacional de Educa\u00e7\u00e3o (SNE); e a atualiza\u00e7\u00e3o do PL 4.372\/20, que regulamenta o Fundo de Manuten\u00e7\u00e3o e Desenvolvimento da Educa\u00e7\u00e3o B\u00e1sica e de Valoriza\u00e7\u00e3o dos Profissionais da Educa\u00e7\u00e3o (Fundeb); dentre outros.<\/p>\n<p>Na carta, o grupo de deputados tamb\u00e9m solicita ao futuro presidente da C\u00e2mara &#8220;o compromisso na prioriza\u00e7\u00e3o da integralidade dos recursos or\u00e7ament\u00e1rios das pastas de Educa\u00e7\u00e3o e de Ci\u00eancia e Tecnologia durante o futuro mandato. Ainda sobre esse ponto, \u00e9 de maior import\u00e2ncia e urg\u00eancia a retomada das tratativas para dar consequ\u00eancia ao acordo firmado entre o Congresso e o Governo, na recomposi\u00e7\u00e3o dos R$ 1,4 bilh\u00e3o remanejados do Minist\u00e9rio da Educa\u00e7\u00e3o no PLN 30\/20&#8221;, afirmam os parlamentares.<\/p>\n","protected":false},"excerpt":{"rendered":"<p>Os deputados que integram a comiss\u00e3o externa que acompanha os trabalhos do Minist\u00e9rio da Educa\u00e7\u00e3o e a Frente Parlamentar Mista da Educa\u00e7\u00e3o elaboraram uma carta em que pedem aos candidatos \u00e0 Presid\u00eancia da C\u00e2mara prioridade em pautar uma s\u00e9rie de propostas para o setor que tramitam na Casa.<\/p>\n","protected":false},"author":4,"featured_media":0,"comment_status":"closed","ping_status":"closed","sticky":false,"template":"","format":"standard","meta":{"footnotes":"","_links_to":"","_links_to_target":""},"categories":[9],"tags":[],"class_list":["post-13006","post","type-post","status-publish","format-standard","hentry","category-noticias-da-imprensa"],"yoast_head":"<!-- This site is optimized with the Yoast SEO plugin v15.1 - https:\/\/yoast.com\/wordpress\/plugins\/seo\/ -->\n<title>Deputados entregam a candidatos \u00e0 Presid\u00eancia da C\u00e2mara carta com prioridades para a educa\u00e7\u00e3o &raquo; Abrelivros<\/title>\n<meta name=\"robots\" content=\"index, follow, max-snippet:-1, max-image-preview:large, max-video-preview:-1\" \/>\n<link rel=\"canonical\" href=\"https:\/\/abrelivros.org.br\/site\/deputados-entregam-a-candidatos-a-presidencia-da-camara-carta-com-prioridades-para-a-educacao\/\" \/>\n<meta property=\"og:locale\" content=\"pt_BR\" \/>\n<meta property=\"og:type\" content=\"article\" \/>\n<meta property=\"og:title\" content=\"Deputados entregam a candidatos \u00e0 Presid\u00eancia da C\u00e2mara carta com prioridades para a educa\u00e7\u00e3o &raquo; Abrelivros\" \/>\n<meta property=\"og:description\" content=\"Os deputados que integram a comiss\u00e3o externa que acompanha os trabalhos do Minist\u00e9rio da Educa\u00e7\u00e3o e a Frente Parlamentar Mista da Educa\u00e7\u00e3o elaboraram uma carta em que pedem aos candidatos \u00e0 Presid\u00eancia da C\u00e2mara prioridade em pautar uma s\u00e9rie de propostas para o setor que tramitam na Casa.\" \/>\n<meta property=\"og:url\" content=\"https:\/\/abrelivros.org.br\/site\/deputados-entregam-a-candidatos-a-presidencia-da-camara-carta-com-prioridades-para-a-educacao\/\" \/>\n<meta property=\"og:site_name\" content=\"Abrelivros\" \/>\n<meta property=\"article:published_time\" content=\"2021-01-19T13:36:58+00:00\" \/>\n<meta name=\"twitter:card\" content=\"summary_large_image\" \/>\n<script type=\"application\/ld+json\" class=\"yoast-schema-graph\">{\"@context\":\"https:\/\/schema.org\",\"@graph\":[{\"@type\":\"WebSite\",\"@id\":\"https:\/\/abrelivros.org.br\/site\/#website\",\"url\":\"https:\/\/abrelivros.org.br\/site\/\",\"name\":\"Abrelivros\",\"description\":\"\",\"potentialAction\":[{\"@type\":\"SearchAction\",\"target\":\"https:\/\/abrelivros.org.br\/site\/?s={search_term_string}\",\"query-input\":\"required name=search_term_string\"}],\"inLanguage\":\"pt-BR\"},{\"@type\":\"WebPage\",\"@id\":\"https:\/\/abrelivros.org.br\/site\/deputados-entregam-a-candidatos-a-presidencia-da-camara-carta-com-prioridades-para-a-educacao\/#webpage\",\"url\":\"https:\/\/abrelivros.org.br\/site\/deputados-entregam-a-candidatos-a-presidencia-da-camara-carta-com-prioridades-para-a-educacao\/\",\"name\":\"Deputados entregam a candidatos \\u00e0 Presid\\u00eancia da C\\u00e2mara carta com prioridades para a educa\\u00e7\\u00e3o &raquo; Abrelivros\",\"isPartOf\":{\"@id\":\"https:\/\/abrelivros.org.br\/site\/#website\"},\"datePublished\":\"2021-01-19T13:36:58+00:00\",\"dateModified\":\"2021-01-19T13:36:58+00:00\",\"author\":{\"@id\":\"https:\/\/abrelivros.org.br\/site\/#\/schema\/person\/65db80e26409802ce15ac5feec6a15fd\"},\"breadcrumb\":{\"@id\":\"https:\/\/abrelivros.org.br\/site\/deputados-entregam-a-candidatos-a-presidencia-da-camara-carta-com-prioridades-para-a-educacao\/#breadcrumb\"},\"inLanguage\":\"pt-BR\",\"potentialAction\":[{\"@type\":\"ReadAction\",\"target\":[\"https:\/\/abrelivros.org.br\/site\/deputados-entregam-a-candidatos-a-presidencia-da-camara-carta-com-prioridades-para-a-educacao\/\"]}]},{\"@type\":\"BreadcrumbList\",\"@id\":\"https:\/\/abrelivros.org.br\/site\/deputados-entregam-a-candidatos-a-presidencia-da-camara-carta-com-prioridades-para-a-educacao\/#breadcrumb\",\"itemListElement\":[{\"@type\":\"ListItem\",\"position\":1,\"item\":{\"@type\":\"WebPage\",\"@id\":\"https:\/\/abrelivros.org.br\/site\/\",\"url\":\"https:\/\/abrelivros.org.br\/site\/\",\"name\":\"In\\u00edcio\"}},{\"@type\":\"ListItem\",\"position\":2,\"item\":{\"@type\":\"WebPage\",\"@id\":\"https:\/\/abrelivros.org.br\/site\/category\/noticias\/\",\"url\":\"https:\/\/abrelivros.org.br\/site\/category\/noticias\/\",\"name\":\"Not\\u00edcias\"}},{\"@type\":\"ListItem\",\"position\":3,\"item\":{\"@type\":\"WebPage\",\"@id\":\"https:\/\/abrelivros.org.br\/site\/category\/noticias\/noticias-da-imprensa\/\",\"url\":\"https:\/\/abrelivros.org.br\/site\/category\/noticias\/noticias-da-imprensa\/\",\"name\":\"Not\\u00edcias da imprensa\"}},{\"@type\":\"ListItem\",\"position\":4,\"item\":{\"@type\":\"WebPage\",\"@id\":\"https:\/\/abrelivros.org.br\/site\/deputados-entregam-a-candidatos-a-presidencia-da-camara-carta-com-prioridades-para-a-educacao\/\",\"url\":\"https:\/\/abrelivros.org.br\/site\/deputados-entregam-a-candidatos-a-presidencia-da-camara-carta-com-prioridades-para-a-educacao\/\",\"name\":\"Deputados entregam a candidatos \\u00e0 Presid\\u00eancia da C\\u00e2mara carta com prioridades para a educa\\u00e7\\u00e3o\"}}]},{\"@type\":\"Person\",\"@id\":\"https:\/\/abrelivros.org.br\/site\/#\/schema\/person\/65db80e26409802ce15ac5feec6a15fd\",\"name\":\"Reda\\u00e7\\u00e3o Abrelivros\",\"image\":{\"@type\":\"ImageObject\",\"@id\":\"https:\/\/abrelivros.org.br\/site\/#personlogo\",\"inLanguage\":\"pt-BR\",\"url\":\"https:\/\/secure.gravatar.com\/avatar\/c4e57f9c7e3482965bd428192061218520756c39080b1d1820b679fa5e9af192?s=96&d=mm&r=g\",\"caption\":\"Reda\\u00e7\\u00e3o Abrelivros\"}}]}<\/script>\n<!-- \/ Yoast SEO plugin. -->","_links":{"self":[{"href":"https:\/\/abrelivros.org.br\/site\/wp-json\/wp\/v2\/posts\/13006","targetHints":{"allow":["GET"]}}],"collection":[{"href":"https:\/\/abrelivros.org.br\/site\/wp-json\/wp\/v2\/posts"}],"about":[{"href":"https:\/\/abrelivros.org.br\/site\/wp-json\/wp\/v2\/types\/post"}],"author":[{"embeddable":true,"href":"https:\/\/abrelivros.org.br\/site\/wp-json\/wp\/v2\/users\/4"}],"replies":[{"embeddable":true,"href":"https:\/\/abrelivros.org.br\/site\/wp-json\/wp\/v2\/comments?post=13006"}],"version-history":[{"count":1,"href":"https:\/\/abrelivros.org.br\/site\/wp-json\/wp\/v2\/posts\/13006\/revisions"}],"predecessor-version":[{"id":13007,"href":"https:\/\/abrelivros.org.br\/site\/wp-json\/wp\/v2\/posts\/13006\/revisions\/13007"}],"wp:attachment":[{"href":"https:\/\/abrelivros.org.br\/site\/wp-json\/wp\/v2\/media?parent=13006"}],"wp:term":[{"taxonomy":"category","embeddable":true,"href":"https:\/\/abrelivros.org.br\/site\/wp-json\/wp\/v2\/categories?post=13006"},{"taxonomy":"post_tag","embeddable":true,"href":"https:\/\/abrelivros.org.br\/site\/wp-json\/wp\/v2\/tags?post=13006"}],"curies":[{"name":"wp","href":"https:\/\/api.w.org\/{rel}","templated":true}]}}