{"id":13000,"date":"2021-01-18T15:28:26","date_gmt":"2021-01-18T18:28:26","guid":{"rendered":"https:\/\/abrelivros.org.br\/site\/?p=13000"},"modified":"2021-01-18T15:28:26","modified_gmt":"2021-01-18T18:28:26","slug":"de-janeiro-a-novembro-de-2020-setor-varejista-de-livros-jornais-revistas-e-papelaria-perdeu-297-aponta-ibge","status":"publish","type":"post","link":"https:\/\/abrelivros.org.br\/site\/de-janeiro-a-novembro-de-2020-setor-varejista-de-livros-jornais-revistas-e-papelaria-perdeu-297-aponta-ibge\/","title":{"rendered":"De janeiro a novembro de 2020, setor varejista de \u2018Livros, jornais, revistas e papelaria\u2019 perdeu 29,7%, aponta IBGE"},"content":{"rendered":"<p>Na \u00faltima sexta-feira (15), o Instituto Brasileiro de Geografia e Estat\u00edstica (IBGE) divulgou os resultados da sua Pesquisa Mensal de Com\u00e9rcio (PMC), referente a novembro, m\u00eas da Black Friday. Apesar da data promocional forte, o varejo ficou est\u00e1vel quando comparado com o m\u00eas anterior, com varia\u00e7\u00e3o negativa de 0,1%. <!--more-->No confronto com igual m\u00eas do ano anterior, houve perda de ritmo, com o varejo crescendo 3,4% em novembro de 2020, menos que a alta de 8,4% registrada em outubro. Apesar da desacelera\u00e7\u00e3o, o setor se encontra 7,3% acima do patamar pr\u00e9-pandemia, informou o instituto. A queda no consumo de alimentos foi a principal respons\u00e1vel por frear a sequ\u00eancia de altas do setor.<\/p>\n<p>Das oito atividades investigadas, cinco cresceram na compara\u00e7\u00e3o com o m\u00eas anterior, incluindo a categoria \u201cLivros, jornais, revistas e papelaria\u201d, que apresentou crescimento de 5,6% nessa base de compara\u00e7\u00e3o. No entanto, na compara\u00e7\u00e3o com novembro de 2019, o segmento registrou queda de 15,3%. No ano \u2013 de janeiro a novembro de 2020, o setor varejista de Livros, jornais, revistas e papelaria apresentou perda acumulada de 29,7%.<\/p>\n<p>Pela metodologia da PMC, n\u00e3o h\u00e1 informa\u00e7\u00f5es exclusivas de livros, separadas de jornais, revistas e papelaria.<\/p>\n","protected":false},"excerpt":{"rendered":"<p>Na \u00faltima sexta-feira (15), o Instituto Brasileiro de Geografia e Estat\u00edstica (IBGE) divulgou os resultados da sua Pesquisa Mensal de Com\u00e9rcio (PMC), referente a novembro, m\u00eas da Black Friday. Apesar da data promocional forte, o varejo ficou est\u00e1vel quando comparado com o m\u00eas anterior, com varia\u00e7\u00e3o negativa de 0,1%.<\/p>\n","protected":false},"author":4,"featured_media":0,"comment_status":"closed","ping_status":"closed","sticky":false,"template":"","format":"standard","meta":{"footnotes":"","_links_to":"","_links_to_target":""},"categories":[9],"tags":[],"class_list":["post-13000","post","type-post","status-publish","format-standard","hentry","category-noticias-da-imprensa"],"yoast_head":"<!-- This site is optimized with the Yoast SEO plugin v15.1 - https:\/\/yoast.com\/wordpress\/plugins\/seo\/ -->\n<title>De janeiro a novembro de 2020, setor varejista de \u2018Livros, jornais, revistas e papelaria\u2019 perdeu 29,7%, aponta IBGE &raquo; Abrelivros<\/title>\n<meta name=\"robots\" content=\"index, follow, max-snippet:-1, max-image-preview:large, max-video-preview:-1\" \/>\n<link rel=\"canonical\" href=\"https:\/\/abrelivros.org.br\/site\/de-janeiro-a-novembro-de-2020-setor-varejista-de-livros-jornais-revistas-e-papelaria-perdeu-297-aponta-ibge\/\" \/>\n<meta property=\"og:locale\" content=\"pt_BR\" \/>\n<meta property=\"og:type\" content=\"article\" \/>\n<meta property=\"og:title\" content=\"De janeiro a novembro de 2020, setor varejista de \u2018Livros, jornais, revistas e papelaria\u2019 perdeu 29,7%, aponta IBGE &raquo; Abrelivros\" \/>\n<meta property=\"og:description\" content=\"Na \u00faltima sexta-feira (15), o Instituto Brasileiro de Geografia e Estat\u00edstica (IBGE) divulgou os resultados da sua Pesquisa Mensal de Com\u00e9rcio (PMC), referente a novembro, m\u00eas da Black Friday. Apesar da data promocional forte, o varejo ficou est\u00e1vel quando comparado com o m\u00eas anterior, com varia\u00e7\u00e3o negativa de 0,1%.\" \/>\n<meta property=\"og:url\" content=\"https:\/\/abrelivros.org.br\/site\/de-janeiro-a-novembro-de-2020-setor-varejista-de-livros-jornais-revistas-e-papelaria-perdeu-297-aponta-ibge\/\" \/>\n<meta property=\"og:site_name\" content=\"Abrelivros\" \/>\n<meta property=\"article:published_time\" content=\"2021-01-18T18:28:26+00:00\" \/>\n<meta name=\"twitter:card\" content=\"summary_large_image\" \/>\n<script type=\"application\/ld+json\" class=\"yoast-schema-graph\">{\"@context\":\"https:\/\/schema.org\",\"@graph\":[{\"@type\":\"WebSite\",\"@id\":\"https:\/\/abrelivros.org.br\/site\/#website\",\"url\":\"https:\/\/abrelivros.org.br\/site\/\",\"name\":\"Abrelivros\",\"description\":\"\",\"potentialAction\":[{\"@type\":\"SearchAction\",\"target\":\"https:\/\/abrelivros.org.br\/site\/?s={search_term_string}\",\"query-input\":\"required name=search_term_string\"}],\"inLanguage\":\"pt-BR\"},{\"@type\":\"WebPage\",\"@id\":\"https:\/\/abrelivros.org.br\/site\/de-janeiro-a-novembro-de-2020-setor-varejista-de-livros-jornais-revistas-e-papelaria-perdeu-297-aponta-ibge\/#webpage\",\"url\":\"https:\/\/abrelivros.org.br\/site\/de-janeiro-a-novembro-de-2020-setor-varejista-de-livros-jornais-revistas-e-papelaria-perdeu-297-aponta-ibge\/\",\"name\":\"De janeiro a novembro de 2020, setor varejista de \\u2018Livros, jornais, revistas e papelaria\\u2019 perdeu 29,7%, aponta IBGE &raquo; Abrelivros\",\"isPartOf\":{\"@id\":\"https:\/\/abrelivros.org.br\/site\/#website\"},\"datePublished\":\"2021-01-18T18:28:26+00:00\",\"dateModified\":\"2021-01-18T18:28:26+00:00\",\"author\":{\"@id\":\"https:\/\/abrelivros.org.br\/site\/#\/schema\/person\/65db80e26409802ce15ac5feec6a15fd\"},\"breadcrumb\":{\"@id\":\"https:\/\/abrelivros.org.br\/site\/de-janeiro-a-novembro-de-2020-setor-varejista-de-livros-jornais-revistas-e-papelaria-perdeu-297-aponta-ibge\/#breadcrumb\"},\"inLanguage\":\"pt-BR\",\"potentialAction\":[{\"@type\":\"ReadAction\",\"target\":[\"https:\/\/abrelivros.org.br\/site\/de-janeiro-a-novembro-de-2020-setor-varejista-de-livros-jornais-revistas-e-papelaria-perdeu-297-aponta-ibge\/\"]}]},{\"@type\":\"BreadcrumbList\",\"@id\":\"https:\/\/abrelivros.org.br\/site\/de-janeiro-a-novembro-de-2020-setor-varejista-de-livros-jornais-revistas-e-papelaria-perdeu-297-aponta-ibge\/#breadcrumb\",\"itemListElement\":[{\"@type\":\"ListItem\",\"position\":1,\"item\":{\"@type\":\"WebPage\",\"@id\":\"https:\/\/abrelivros.org.br\/site\/\",\"url\":\"https:\/\/abrelivros.org.br\/site\/\",\"name\":\"In\\u00edcio\"}},{\"@type\":\"ListItem\",\"position\":2,\"item\":{\"@type\":\"WebPage\",\"@id\":\"https:\/\/abrelivros.org.br\/site\/category\/noticias\/\",\"url\":\"https:\/\/abrelivros.org.br\/site\/category\/noticias\/\",\"name\":\"Not\\u00edcias\"}},{\"@type\":\"ListItem\",\"position\":3,\"item\":{\"@type\":\"WebPage\",\"@id\":\"https:\/\/abrelivros.org.br\/site\/category\/noticias\/noticias-da-imprensa\/\",\"url\":\"https:\/\/abrelivros.org.br\/site\/category\/noticias\/noticias-da-imprensa\/\",\"name\":\"Not\\u00edcias da imprensa\"}},{\"@type\":\"ListItem\",\"position\":4,\"item\":{\"@type\":\"WebPage\",\"@id\":\"https:\/\/abrelivros.org.br\/site\/de-janeiro-a-novembro-de-2020-setor-varejista-de-livros-jornais-revistas-e-papelaria-perdeu-297-aponta-ibge\/\",\"url\":\"https:\/\/abrelivros.org.br\/site\/de-janeiro-a-novembro-de-2020-setor-varejista-de-livros-jornais-revistas-e-papelaria-perdeu-297-aponta-ibge\/\",\"name\":\"De janeiro a novembro de 2020, setor varejista de \\u2018Livros, jornais, revistas e papelaria\\u2019 perdeu 29,7%, aponta IBGE\"}}]},{\"@type\":\"Person\",\"@id\":\"https:\/\/abrelivros.org.br\/site\/#\/schema\/person\/65db80e26409802ce15ac5feec6a15fd\",\"name\":\"Reda\\u00e7\\u00e3o Abrelivros\",\"image\":{\"@type\":\"ImageObject\",\"@id\":\"https:\/\/abrelivros.org.br\/site\/#personlogo\",\"inLanguage\":\"pt-BR\",\"url\":\"https:\/\/secure.gravatar.com\/avatar\/c4e57f9c7e3482965bd428192061218520756c39080b1d1820b679fa5e9af192?s=96&d=mm&r=g\",\"caption\":\"Reda\\u00e7\\u00e3o Abrelivros\"}}]}<\/script>\n<!-- \/ Yoast SEO plugin. -->","_links":{"self":[{"href":"https:\/\/abrelivros.org.br\/site\/wp-json\/wp\/v2\/posts\/13000","targetHints":{"allow":["GET"]}}],"collection":[{"href":"https:\/\/abrelivros.org.br\/site\/wp-json\/wp\/v2\/posts"}],"about":[{"href":"https:\/\/abrelivros.org.br\/site\/wp-json\/wp\/v2\/types\/post"}],"author":[{"embeddable":true,"href":"https:\/\/abrelivros.org.br\/site\/wp-json\/wp\/v2\/users\/4"}],"replies":[{"embeddable":true,"href":"https:\/\/abrelivros.org.br\/site\/wp-json\/wp\/v2\/comments?post=13000"}],"version-history":[{"count":1,"href":"https:\/\/abrelivros.org.br\/site\/wp-json\/wp\/v2\/posts\/13000\/revisions"}],"predecessor-version":[{"id":13001,"href":"https:\/\/abrelivros.org.br\/site\/wp-json\/wp\/v2\/posts\/13000\/revisions\/13001"}],"wp:attachment":[{"href":"https:\/\/abrelivros.org.br\/site\/wp-json\/wp\/v2\/media?parent=13000"}],"wp:term":[{"taxonomy":"category","embeddable":true,"href":"https:\/\/abrelivros.org.br\/site\/wp-json\/wp\/v2\/categories?post=13000"},{"taxonomy":"post_tag","embeddable":true,"href":"https:\/\/abrelivros.org.br\/site\/wp-json\/wp\/v2\/tags?post=13000"}],"curies":[{"name":"wp","href":"https:\/\/api.w.org\/{rel}","templated":true}]}}