{"id":12974,"date":"2021-01-14T17:06:16","date_gmt":"2021-01-14T20:06:16","guid":{"rendered":"https:\/\/abrelivros.org.br\/site\/?p=12974"},"modified":"2021-01-14T17:20:46","modified_gmt":"2021-01-14T20:20:46","slug":"evidencias-educacionais-marcam-os-84-anos-do-inep","status":"publish","type":"post","link":"https:\/\/abrelivros.org.br\/site\/evidencias-educacionais-marcam-os-84-anos-do-inep\/","title":{"rendered":"Evid\u00eancias educacionais marcam os 84 anos do Inep"},"content":{"rendered":"<p>A cada ano, as iniciativas do Instituto Nacional de Estudos e Pesquisas Educacionais An\u00edsio Teixeira (Inep) atingem um n\u00famero maior de brasileiros. O trabalho dedicado \u00e0s avalia\u00e7\u00f5es e exames, pesquisas estat\u00edsticas e indicadores, gest\u00e3o do conhecimento e estudos educacionais completaram 84 anos. <!--more-->As atividades do Inep perduram por d\u00e9cadas e s\u00e3o sin\u00f4nimos de compet\u00eancia e resultados que contribuem para as pol\u00edticas p\u00fablicas de educa\u00e7\u00e3o. \u201cParticipar da hist\u00f3ria do Inep \u00e9 uma honra. Produzimos estudos, aplicamos exames e avalia\u00e7\u00f5es, temos um vasto conte\u00fado editorial e somos um grande produtor de dados educacionais. Isso tudo tem um grande impacto na vida de milhares de brasileiros. Estamos conscientes que ainda temos muito trabalho pela frente\u201d, destacou Alexandre Lopes, presidente do Inep.<\/p>\n<p>O ano de 2020 ficar\u00e1 marcado nessa longa trajet\u00f3ria, afinal, trouxe novos desafios para o instituto: cumprir as a\u00e7\u00f5es previstas mesmo diante das quest\u00f5es impostas pela crise sanit\u00e1ria. Nesse per\u00edodo, o trabalho foi pautado sempre de forma a garantir a seguran\u00e7a dos seus servidores, colaboradores e dos cidad\u00e3os usu\u00e1rios de seus servi\u00e7os.<\/p>\n<p>E 2021 ser\u00e1 um ano de inova\u00e7\u00f5es. A primeira aplica\u00e7\u00e3o do Enem Digital, nos dias 31 de janeiro e 7 de fevereiro; o Censo Escolar e o Censo da Educa\u00e7\u00e3o Superior com informa\u00e7\u00f5es in\u00e9ditas para identificar como as escolas e institui\u00e7\u00f5es de educa\u00e7\u00e3o superior responderam aos desafios impostos pela pandemia no \u00faltimo ano letivo; e a implementa\u00e7\u00e3o no Novo Saeb, uma amplia\u00e7\u00e3o e evolu\u00e7\u00e3o do Sistema de Avalia\u00e7\u00e3o da Educa\u00e7\u00e3o B\u00e1sica (Saeb), s\u00e3o algumas das novidades para este ano.<\/p>\n<p><strong>Cria\u00e7\u00e3o<\/strong> \u2013 A hist\u00f3ria do Inep, entretanto, sempre foi marcada por desafios e inova\u00e7\u00f5es. Quando foi criado pela Lei n.\u00ba 378, de 13 de janeiro de 1937, o Brasil passava por um processo de industrializa\u00e7\u00e3o que demandava trabalhadores mais preparados. O Inep nasce com o objetivo de realizar estudos para identificar os problemas do ensino nacional e propor pol\u00edticas p\u00fablicas. A funda\u00e7\u00e3o do Inep ocorreu em um contexto de renova\u00e7\u00e3o do Estado brasileiro, quando foi criado o Minist\u00e9rio da Educa\u00e7\u00e3o e Sa\u00fade. No plano mais amplo, o cen\u00e1rio foi marcado pelo movimento de reformas educacionais realizadas por educadores, e pela mobiliza\u00e7\u00e3o dessa classe, ao lado de outros atores sociais, em favor da educa\u00e7\u00e3o p\u00fablica.<\/p>\n<p><strong>Novos tempos<\/strong> \u2013 Foi em 1972, que o Inep passou a ser chamado de Instituto Nacional de Estudos e Pesquisas Educacionais. Neste per\u00edodo, foi enquadrado como \u00f3rg\u00e3o de assessoramento da Presid\u00eancia da Rep\u00fablica e desvinculado do MEC. As atividades t\u00e9cnicas foram retomadas com o lan\u00e7amento de dois programas: o Programa An\u00edsio Teixeira, voltado para estudos, levantamentos e pesquisas; e o Programa Louren\u00e7o Filho, que prop\u00f4s um subsistema de documenta\u00e7\u00e3o e informa\u00e7\u00e3o educacional. A implanta\u00e7\u00e3o desse subsistema iniciou um trabalho dentro das modernas t\u00e9cnicas de documenta\u00e7\u00e3o, e homenageou dois dos grandes nomes que conduziram o Inep.<\/p>\n<p><strong>Autarquia<\/strong> \u2013 Em 1997, o Inep tornou-se uma autarquia federal e passou a ser o \u00f3rg\u00e3o encarregado de avalia\u00e7\u00f5es, pesquisas e levantamentos estat\u00edsticos educacionais do Governo Federal. Essa atua\u00e7\u00e3o do Inep, no final dos anos 1990, retomou o ide\u00e1rio de An\u00edsio Teixeira, inspirador de gera\u00e7\u00f5es de pesquisadores e educadores. Em homenagem ao ex-diretor, o Senado aprovou a inclus\u00e3o do seu nome no instituto, que passou a ser designado Instituto Nacional de Estudos e Pesquisas Educacionais An\u00edsio Teixeira.<\/p>\n","protected":false},"excerpt":{"rendered":"<p>A cada ano, as iniciativas do Instituto Nacional de Estudos e Pesquisas Educacionais An\u00edsio Teixeira (Inep) atingem um n\u00famero maior de brasileiros. O trabalho dedicado \u00e0s avalia\u00e7\u00f5es e exames, pesquisas estat\u00edsticas e indicadores, gest\u00e3o do conhecimento e estudos educacionais completaram 84 anos.<\/p>\n","protected":false},"author":4,"featured_media":0,"comment_status":"closed","ping_status":"closed","sticky":false,"template":"","format":"standard","meta":{"footnotes":"","_links_to":"","_links_to_target":""},"categories":[9],"tags":[],"class_list":["post-12974","post","type-post","status-publish","format-standard","hentry","category-noticias-da-imprensa"],"yoast_head":"<!-- This site is optimized with the Yoast SEO plugin v15.1 - https:\/\/yoast.com\/wordpress\/plugins\/seo\/ -->\n<title>Evid\u00eancias educacionais marcam os 84 anos do Inep &raquo; Abrelivros<\/title>\n<meta name=\"robots\" content=\"index, follow, max-snippet:-1, max-image-preview:large, max-video-preview:-1\" \/>\n<link rel=\"canonical\" href=\"https:\/\/abrelivros.org.br\/site\/evidencias-educacionais-marcam-os-84-anos-do-inep\/\" \/>\n<meta property=\"og:locale\" content=\"pt_BR\" \/>\n<meta property=\"og:type\" content=\"article\" \/>\n<meta property=\"og:title\" content=\"Evid\u00eancias educacionais marcam os 84 anos do Inep &raquo; Abrelivros\" \/>\n<meta property=\"og:description\" content=\"A cada ano, as iniciativas do Instituto Nacional de Estudos e Pesquisas Educacionais An\u00edsio Teixeira (Inep) atingem um n\u00famero maior de brasileiros. O trabalho dedicado \u00e0s avalia\u00e7\u00f5es e exames, pesquisas estat\u00edsticas e indicadores, gest\u00e3o do conhecimento e estudos educacionais completaram 84 anos.\" \/>\n<meta property=\"og:url\" content=\"https:\/\/abrelivros.org.br\/site\/evidencias-educacionais-marcam-os-84-anos-do-inep\/\" \/>\n<meta property=\"og:site_name\" content=\"Abrelivros\" \/>\n<meta property=\"article:published_time\" content=\"2021-01-14T20:06:16+00:00\" \/>\n<meta property=\"article:modified_time\" content=\"2021-01-14T20:20:46+00:00\" \/>\n<meta name=\"twitter:card\" content=\"summary_large_image\" \/>\n<script type=\"application\/ld+json\" class=\"yoast-schema-graph\">{\"@context\":\"https:\/\/schema.org\",\"@graph\":[{\"@type\":\"WebSite\",\"@id\":\"https:\/\/abrelivros.org.br\/site\/#website\",\"url\":\"https:\/\/abrelivros.org.br\/site\/\",\"name\":\"Abrelivros\",\"description\":\"\",\"potentialAction\":[{\"@type\":\"SearchAction\",\"target\":\"https:\/\/abrelivros.org.br\/site\/?s={search_term_string}\",\"query-input\":\"required name=search_term_string\"}],\"inLanguage\":\"pt-BR\"},{\"@type\":\"WebPage\",\"@id\":\"https:\/\/abrelivros.org.br\/site\/evidencias-educacionais-marcam-os-84-anos-do-inep\/#webpage\",\"url\":\"https:\/\/abrelivros.org.br\/site\/evidencias-educacionais-marcam-os-84-anos-do-inep\/\",\"name\":\"Evid\\u00eancias educacionais marcam os 84 anos do Inep &raquo; Abrelivros\",\"isPartOf\":{\"@id\":\"https:\/\/abrelivros.org.br\/site\/#website\"},\"datePublished\":\"2021-01-14T20:06:16+00:00\",\"dateModified\":\"2021-01-14T20:20:46+00:00\",\"author\":{\"@id\":\"https:\/\/abrelivros.org.br\/site\/#\/schema\/person\/65db80e26409802ce15ac5feec6a15fd\"},\"breadcrumb\":{\"@id\":\"https:\/\/abrelivros.org.br\/site\/evidencias-educacionais-marcam-os-84-anos-do-inep\/#breadcrumb\"},\"inLanguage\":\"pt-BR\",\"potentialAction\":[{\"@type\":\"ReadAction\",\"target\":[\"https:\/\/abrelivros.org.br\/site\/evidencias-educacionais-marcam-os-84-anos-do-inep\/\"]}]},{\"@type\":\"BreadcrumbList\",\"@id\":\"https:\/\/abrelivros.org.br\/site\/evidencias-educacionais-marcam-os-84-anos-do-inep\/#breadcrumb\",\"itemListElement\":[{\"@type\":\"ListItem\",\"position\":1,\"item\":{\"@type\":\"WebPage\",\"@id\":\"https:\/\/abrelivros.org.br\/site\/\",\"url\":\"https:\/\/abrelivros.org.br\/site\/\",\"name\":\"In\\u00edcio\"}},{\"@type\":\"ListItem\",\"position\":2,\"item\":{\"@type\":\"WebPage\",\"@id\":\"https:\/\/abrelivros.org.br\/site\/category\/noticias\/\",\"url\":\"https:\/\/abrelivros.org.br\/site\/category\/noticias\/\",\"name\":\"Not\\u00edcias\"}},{\"@type\":\"ListItem\",\"position\":3,\"item\":{\"@type\":\"WebPage\",\"@id\":\"https:\/\/abrelivros.org.br\/site\/category\/noticias\/noticias-da-imprensa\/\",\"url\":\"https:\/\/abrelivros.org.br\/site\/category\/noticias\/noticias-da-imprensa\/\",\"name\":\"Not\\u00edcias da imprensa\"}},{\"@type\":\"ListItem\",\"position\":4,\"item\":{\"@type\":\"WebPage\",\"@id\":\"https:\/\/abrelivros.org.br\/site\/evidencias-educacionais-marcam-os-84-anos-do-inep\/\",\"url\":\"https:\/\/abrelivros.org.br\/site\/evidencias-educacionais-marcam-os-84-anos-do-inep\/\",\"name\":\"Evid\\u00eancias educacionais marcam os 84 anos do Inep\"}}]},{\"@type\":\"Person\",\"@id\":\"https:\/\/abrelivros.org.br\/site\/#\/schema\/person\/65db80e26409802ce15ac5feec6a15fd\",\"name\":\"Reda\\u00e7\\u00e3o Abrelivros\",\"image\":{\"@type\":\"ImageObject\",\"@id\":\"https:\/\/abrelivros.org.br\/site\/#personlogo\",\"inLanguage\":\"pt-BR\",\"url\":\"https:\/\/secure.gravatar.com\/avatar\/c4e57f9c7e3482965bd428192061218520756c39080b1d1820b679fa5e9af192?s=96&d=mm&r=g\",\"caption\":\"Reda\\u00e7\\u00e3o Abrelivros\"}}]}<\/script>\n<!-- \/ Yoast SEO plugin. -->","_links":{"self":[{"href":"https:\/\/abrelivros.org.br\/site\/wp-json\/wp\/v2\/posts\/12974","targetHints":{"allow":["GET"]}}],"collection":[{"href":"https:\/\/abrelivros.org.br\/site\/wp-json\/wp\/v2\/posts"}],"about":[{"href":"https:\/\/abrelivros.org.br\/site\/wp-json\/wp\/v2\/types\/post"}],"author":[{"embeddable":true,"href":"https:\/\/abrelivros.org.br\/site\/wp-json\/wp\/v2\/users\/4"}],"replies":[{"embeddable":true,"href":"https:\/\/abrelivros.org.br\/site\/wp-json\/wp\/v2\/comments?post=12974"}],"version-history":[{"count":3,"href":"https:\/\/abrelivros.org.br\/site\/wp-json\/wp\/v2\/posts\/12974\/revisions"}],"predecessor-version":[{"id":12983,"href":"https:\/\/abrelivros.org.br\/site\/wp-json\/wp\/v2\/posts\/12974\/revisions\/12983"}],"wp:attachment":[{"href":"https:\/\/abrelivros.org.br\/site\/wp-json\/wp\/v2\/media?parent=12974"}],"wp:term":[{"taxonomy":"category","embeddable":true,"href":"https:\/\/abrelivros.org.br\/site\/wp-json\/wp\/v2\/categories?post=12974"},{"taxonomy":"post_tag","embeddable":true,"href":"https:\/\/abrelivros.org.br\/site\/wp-json\/wp\/v2\/tags?post=12974"}],"curies":[{"name":"wp","href":"https:\/\/api.w.org\/{rel}","templated":true}]}}