{"id":12963,"date":"2021-01-13T15:03:38","date_gmt":"2021-01-13T18:03:38","guid":{"rendered":"https:\/\/abrelivros.org.br\/site\/?p=12963"},"modified":"2021-01-13T15:03:38","modified_gmt":"2021-01-13T18:03:38","slug":"que-matematica-ensinaremos-e-como","status":"publish","type":"post","link":"https:\/\/abrelivros.org.br\/site\/que-matematica-ensinaremos-e-como\/","title":{"rendered":"Que matem\u00e1tica ensinaremos e como?"},"content":{"rendered":"<p>Para evoluir a forma de ensino no pa\u00eds \u00e9 preciso valorizar forma\u00e7\u00e3o do docente. Comentei tr\u00eas semanas atr\u00e1s que as nossas escolas ensinam, na melhor das hip\u00f3teses, matem\u00e1tica do s\u00e9culo 19, e que isso gera um descompasso entre a forma\u00e7\u00e3o que damos a nossos jovens e suas reais necessidades para o exerc\u00edcio das profiss\u00f5es de hoje e a compreens\u00e3o do mundo que nos cerca.<!--more--><\/p>\n<p>E a quest\u00e3o n\u00e3o \u00e9 apenas de \u201co qu\u00ea\u201d, mas tamb\u00e9m de \u201ccomo\u201d ensinamos essa matem\u00e1tica. Peguemos um exemplo.<\/p>\n<p>Em 2015, quando o governo federal iniciou a discuss\u00e3o da BNCC (Base Nacional Comum Curricular), a Sociedade Brasileira de Matem\u00e1tica constituiu grupos de trabalho formados por professores universit\u00e1rios e da educa\u00e7\u00e3o b\u00e1sica para discutir como deveriam evoluir os curr\u00edculos escolares da \u00e1rea na educa\u00e7\u00e3o b\u00e1sica e na licenciatura.<\/p>\n<p>Um tema que surgiu e felizmente teve efeito concreto na elabora\u00e7\u00e3o da BNCC foi o do ensino da probabilidade e da estat\u00edstica.<\/p>\n<p>As duas s\u00e3o \u00e1reas fundamentais para a ci\u00eancia, a atividade produtiva e a compreens\u00e3o dos fen\u00f4menos que ocorrem \u00e0 nossa volta. Haja vista o seu papel na modelagem de doen\u00e7as contagiosas ou no desenvolvimento espetacular recente da intelig\u00eancia artificial.<\/p>\n<p>No entanto, at\u00e9 pouco tempo atr\u00e1s, ambas as \u00e1reas estavam praticamente ausentes da sala de aula.<\/p>\n<p>Mas, al\u00e9m de teoria e aplica\u00e7\u00f5es da estat\u00edstica e da probabilidade terem avan\u00e7ado muito, os novos recursos tecnol\u00f3gicos tamb\u00e9m permitem que esses temas sejam tratados de maneira muito mais adequada.<\/p>\n<p>De fato, da forma como costumam ser ensinadas, pouca diferen\u00e7a far\u00e3o na vida dos jovens.<\/p>\n<p>Mas ser\u00e1 que os professores est\u00e3o sendo formados com esse conhecimento? Quem os forma em nossas licenciaturas est\u00e1 preparado para isso?<\/p>\n<p>E quanto ao pensamento computacional, t\u00e3o essencial nos nossos dias? E o racioc\u00ednio l\u00f3gico que lhe \u00e9 inerente? Est\u00e3o sendo abordados adequadamente nas licenciaturas? Quem est\u00e1 preparado para ensinar isso ao futuro professor, de modo a habilit\u00e1-lo a estimular esse conhecimento nas mentes de seus alunos? Em cursos de forma\u00e7\u00e3o continuada de professores, frequentemente h\u00e1 pedidos de aulas sobre \u201ccomo usar o Excel\u201d ou de \u201cmatem\u00e1tica da rob\u00f3tica\u201d. Por qu\u00ea?<\/p>\n<p>O matem\u00e1tico alem\u00e3o Felix Klein, que, mais de um s\u00e9culo atr\u00e1s se debru\u00e7ou sobre essas quest\u00f5es em seu pa\u00eds, com toda a autoridade de sua trajet\u00f3ria cient\u00edfica, n\u00e3o teve d\u00favida em apontar o problema e, portanto, a \u201csolu\u00e7\u00e3o\u201d: a valoriza\u00e7\u00e3o da forma\u00e7\u00e3o do docente.<\/p>\n<p>&nbsp;<\/p>\n","protected":false},"excerpt":{"rendered":"<p>Para evoluir a forma de ensino no pa\u00eds \u00e9 preciso valorizar forma\u00e7\u00e3o do docente. Comentei tr\u00eas semanas atr\u00e1s que as nossas escolas ensinam, na melhor das hip\u00f3teses, matem\u00e1tica do s\u00e9culo 19, e que isso gera um descompasso entre a forma\u00e7\u00e3o que damos a nossos jovens e suas reais necessidades para o exerc\u00edcio das profiss\u00f5es de [&hellip;]<\/p>\n","protected":false},"author":4,"featured_media":0,"comment_status":"closed","ping_status":"closed","sticky":false,"template":"","format":"standard","meta":{"footnotes":"","_links_to":"","_links_to_target":""},"categories":[9],"tags":[],"class_list":["post-12963","post","type-post","status-publish","format-standard","hentry","category-noticias-da-imprensa"],"yoast_head":"<!-- This site is optimized with the Yoast SEO plugin v15.1 - https:\/\/yoast.com\/wordpress\/plugins\/seo\/ -->\n<title>Que matem\u00e1tica ensinaremos e como? &raquo; Abrelivros<\/title>\n<meta name=\"robots\" content=\"index, follow, max-snippet:-1, max-image-preview:large, max-video-preview:-1\" \/>\n<link rel=\"canonical\" href=\"https:\/\/abrelivros.org.br\/site\/que-matematica-ensinaremos-e-como\/\" \/>\n<meta property=\"og:locale\" content=\"pt_BR\" \/>\n<meta property=\"og:type\" content=\"article\" \/>\n<meta property=\"og:title\" content=\"Que matem\u00e1tica ensinaremos e como? &raquo; Abrelivros\" \/>\n<meta property=\"og:description\" content=\"Para evoluir a forma de ensino no pa\u00eds \u00e9 preciso valorizar forma\u00e7\u00e3o do docente. Comentei tr\u00eas semanas atr\u00e1s que as nossas escolas ensinam, na melhor das hip\u00f3teses, matem\u00e1tica do s\u00e9culo 19, e que isso gera um descompasso entre a forma\u00e7\u00e3o que damos a nossos jovens e suas reais necessidades para o exerc\u00edcio das profiss\u00f5es de [&hellip;]\" \/>\n<meta property=\"og:url\" content=\"https:\/\/abrelivros.org.br\/site\/que-matematica-ensinaremos-e-como\/\" \/>\n<meta property=\"og:site_name\" content=\"Abrelivros\" \/>\n<meta property=\"article:published_time\" content=\"2021-01-13T18:03:38+00:00\" \/>\n<meta name=\"twitter:card\" content=\"summary_large_image\" \/>\n<script type=\"application\/ld+json\" class=\"yoast-schema-graph\">{\"@context\":\"https:\/\/schema.org\",\"@graph\":[{\"@type\":\"WebSite\",\"@id\":\"https:\/\/abrelivros.org.br\/site\/#website\",\"url\":\"https:\/\/abrelivros.org.br\/site\/\",\"name\":\"Abrelivros\",\"description\":\"\",\"potentialAction\":[{\"@type\":\"SearchAction\",\"target\":\"https:\/\/abrelivros.org.br\/site\/?s={search_term_string}\",\"query-input\":\"required name=search_term_string\"}],\"inLanguage\":\"pt-BR\"},{\"@type\":\"WebPage\",\"@id\":\"https:\/\/abrelivros.org.br\/site\/que-matematica-ensinaremos-e-como\/#webpage\",\"url\":\"https:\/\/abrelivros.org.br\/site\/que-matematica-ensinaremos-e-como\/\",\"name\":\"Que matem\\u00e1tica ensinaremos e como? &raquo; Abrelivros\",\"isPartOf\":{\"@id\":\"https:\/\/abrelivros.org.br\/site\/#website\"},\"datePublished\":\"2021-01-13T18:03:38+00:00\",\"dateModified\":\"2021-01-13T18:03:38+00:00\",\"author\":{\"@id\":\"https:\/\/abrelivros.org.br\/site\/#\/schema\/person\/65db80e26409802ce15ac5feec6a15fd\"},\"breadcrumb\":{\"@id\":\"https:\/\/abrelivros.org.br\/site\/que-matematica-ensinaremos-e-como\/#breadcrumb\"},\"inLanguage\":\"pt-BR\",\"potentialAction\":[{\"@type\":\"ReadAction\",\"target\":[\"https:\/\/abrelivros.org.br\/site\/que-matematica-ensinaremos-e-como\/\"]}]},{\"@type\":\"BreadcrumbList\",\"@id\":\"https:\/\/abrelivros.org.br\/site\/que-matematica-ensinaremos-e-como\/#breadcrumb\",\"itemListElement\":[{\"@type\":\"ListItem\",\"position\":1,\"item\":{\"@type\":\"WebPage\",\"@id\":\"https:\/\/abrelivros.org.br\/site\/\",\"url\":\"https:\/\/abrelivros.org.br\/site\/\",\"name\":\"In\\u00edcio\"}},{\"@type\":\"ListItem\",\"position\":2,\"item\":{\"@type\":\"WebPage\",\"@id\":\"https:\/\/abrelivros.org.br\/site\/category\/noticias\/\",\"url\":\"https:\/\/abrelivros.org.br\/site\/category\/noticias\/\",\"name\":\"Not\\u00edcias\"}},{\"@type\":\"ListItem\",\"position\":3,\"item\":{\"@type\":\"WebPage\",\"@id\":\"https:\/\/abrelivros.org.br\/site\/category\/noticias\/noticias-da-imprensa\/\",\"url\":\"https:\/\/abrelivros.org.br\/site\/category\/noticias\/noticias-da-imprensa\/\",\"name\":\"Not\\u00edcias da imprensa\"}},{\"@type\":\"ListItem\",\"position\":4,\"item\":{\"@type\":\"WebPage\",\"@id\":\"https:\/\/abrelivros.org.br\/site\/que-matematica-ensinaremos-e-como\/\",\"url\":\"https:\/\/abrelivros.org.br\/site\/que-matematica-ensinaremos-e-como\/\",\"name\":\"Que matem\\u00e1tica ensinaremos e como?\"}}]},{\"@type\":\"Person\",\"@id\":\"https:\/\/abrelivros.org.br\/site\/#\/schema\/person\/65db80e26409802ce15ac5feec6a15fd\",\"name\":\"Reda\\u00e7\\u00e3o Abrelivros\",\"image\":{\"@type\":\"ImageObject\",\"@id\":\"https:\/\/abrelivros.org.br\/site\/#personlogo\",\"inLanguage\":\"pt-BR\",\"url\":\"https:\/\/secure.gravatar.com\/avatar\/c4e57f9c7e3482965bd428192061218520756c39080b1d1820b679fa5e9af192?s=96&d=mm&r=g\",\"caption\":\"Reda\\u00e7\\u00e3o Abrelivros\"}}]}<\/script>\n<!-- \/ Yoast SEO plugin. -->","_links":{"self":[{"href":"https:\/\/abrelivros.org.br\/site\/wp-json\/wp\/v2\/posts\/12963","targetHints":{"allow":["GET"]}}],"collection":[{"href":"https:\/\/abrelivros.org.br\/site\/wp-json\/wp\/v2\/posts"}],"about":[{"href":"https:\/\/abrelivros.org.br\/site\/wp-json\/wp\/v2\/types\/post"}],"author":[{"embeddable":true,"href":"https:\/\/abrelivros.org.br\/site\/wp-json\/wp\/v2\/users\/4"}],"replies":[{"embeddable":true,"href":"https:\/\/abrelivros.org.br\/site\/wp-json\/wp\/v2\/comments?post=12963"}],"version-history":[{"count":1,"href":"https:\/\/abrelivros.org.br\/site\/wp-json\/wp\/v2\/posts\/12963\/revisions"}],"predecessor-version":[{"id":12964,"href":"https:\/\/abrelivros.org.br\/site\/wp-json\/wp\/v2\/posts\/12963\/revisions\/12964"}],"wp:attachment":[{"href":"https:\/\/abrelivros.org.br\/site\/wp-json\/wp\/v2\/media?parent=12963"}],"wp:term":[{"taxonomy":"category","embeddable":true,"href":"https:\/\/abrelivros.org.br\/site\/wp-json\/wp\/v2\/categories?post=12963"},{"taxonomy":"post_tag","embeddable":true,"href":"https:\/\/abrelivros.org.br\/site\/wp-json\/wp\/v2\/tags?post=12963"}],"curies":[{"name":"wp","href":"https:\/\/api.w.org\/{rel}","templated":true}]}}