{"id":12961,"date":"2021-01-13T15:02:28","date_gmt":"2021-01-13T18:02:28","guid":{"rendered":"https:\/\/abrelivros.org.br\/site\/?p=12961"},"modified":"2021-01-13T15:02:28","modified_gmt":"2021-01-13T18:02:28","slug":"todos-pela-educacao-lanca-campanha-para-mobilizar-prefeitosas-de-todo-o-brasil-em-prol-da-educacao","status":"publish","type":"post","link":"https:\/\/abrelivros.org.br\/site\/todos-pela-educacao-lanca-campanha-para-mobilizar-prefeitosas-de-todo-o-brasil-em-prol-da-educacao\/","title":{"rendered":"Todos Pela Educa\u00e7\u00e3o lan\u00e7a campanha para mobilizar prefeitos(as) de todo o Brasil em prol da Educa\u00e7\u00e3o"},"content":{"rendered":"<p>Os desafios para a gest\u00e3o educacional nos pr\u00f3ximos anos, que j\u00e1 eram grandes, se aprofundaram diante do impacto causado pela grave crise da pandemia de Covid-19. Diante disso, o Todos Pela Educa\u00e7\u00e3o lan\u00e7a neste m\u00eas de janeiro uma campanha para apoiar e mobilizar prefeitos e prefeitas que acabaram de assumir seus mandatos. <!--more-->Enviamos para cada prefeitura dos 5.568 munic\u00edpios brasileiros um kit com os dois documentos t\u00e9cnicos rec\u00e9m produzidos pela nossa equipe no \u00e2mbito da iniciativa Educa\u00e7\u00e3o J\u00e1 Munic\u00edpios \u2013 que trazem tanto recomenda\u00e7\u00f5es para a volta \u00e0s aulas em 2021 como diretrizes para pol\u00edticas estruturantes na gest\u00e3o 2021-2024.<\/p>\n<p>\u201cEsta a\u00e7\u00e3o \u00e9 fruto de um intenso trabalho t\u00e9cnico e de articula\u00e7\u00e3o do Todos para tornar a Educa\u00e7\u00e3o prioridade dos mandatos municipais. \u00c9 tamb\u00e9m resultado da nossa profunda preocupa\u00e7\u00e3o com a atual situa\u00e7\u00e3o das crian\u00e7as e jovens, especialmente as mais vulner\u00e1veis, sem aulas diante de um sistema que antes j\u00e1 n\u00e3o garantia qualidade para todos e todas. Por isso, fazemos esse chamado p\u00fablico aos prefeitos e prefeitas, para que se engajem na miss\u00e3o de garantir o direito \u00e0 Educa\u00e7\u00e3o\u201d, afirma Priscila Cruz, presidente-executiva e cofundadora do Todos Pela Educa\u00e7\u00e3o<\/p>\n<p>In\u00e9dita e nacional, a mobiliza\u00e7\u00e3o ganhou uma p\u00e1gina online exclusiva que re\u00fane os documentos com orienta\u00e7\u00f5es \u00e0 gest\u00e3o, al\u00e9m de materiais para apoiar a elabora\u00e7\u00e3o e implementa\u00e7\u00e3o dos planos de Educa\u00e7\u00e3o das novas gest\u00f5es. Dentre esses materiais, destacamos o Painel Educa\u00e7\u00e3o J\u00e1 Munic\u00edpios, plataforma de dados educacionais, al\u00e9m de uma webs\u00e9rie especial com 14 especialistas com reconhecida trajet\u00f3ria no campo da Educa\u00e7\u00e3o B\u00e1sica que debatem o atual cen\u00e1rio da \u00e1rea e os desafios que est\u00e3o por vir.<\/p>\n<p>A mobiliza\u00e7\u00e3o conta ainda com um espa\u00e7o reservado a depoimentos dos prefeitos e prefeitas que abra\u00e7arem o compromisso de elaborar planos efetivos para avan\u00e7ar em pol\u00edticas educacionais que garantam Educa\u00e7\u00e3o de qualidade. O objetivo \u00e9 dar visibilidade \u00e0queles que assumem um compromisso p\u00fablico com a melhoria da Educa\u00e7\u00e3o no seu munic\u00edpio.<\/p>\n<p>&nbsp;<\/p>\n","protected":false},"excerpt":{"rendered":"<p>Os desafios para a gest\u00e3o educacional nos pr\u00f3ximos anos, que j\u00e1 eram grandes, se aprofundaram diante do impacto causado pela grave crise da pandemia de Covid-19. Diante disso, o Todos Pela Educa\u00e7\u00e3o lan\u00e7a neste m\u00eas de janeiro uma campanha para apoiar e mobilizar prefeitos e prefeitas que acabaram de assumir seus mandatos.<\/p>\n","protected":false},"author":4,"featured_media":0,"comment_status":"closed","ping_status":"closed","sticky":false,"template":"","format":"standard","meta":{"footnotes":"","_links_to":"","_links_to_target":""},"categories":[9],"tags":[],"class_list":["post-12961","post","type-post","status-publish","format-standard","hentry","category-noticias-da-imprensa"],"yoast_head":"<!-- This site is optimized with the Yoast SEO plugin v15.1 - https:\/\/yoast.com\/wordpress\/plugins\/seo\/ -->\n<title>Todos Pela Educa\u00e7\u00e3o lan\u00e7a campanha para mobilizar prefeitos(as) de todo o Brasil em prol da Educa\u00e7\u00e3o &raquo; Abrelivros<\/title>\n<meta name=\"robots\" content=\"index, follow, max-snippet:-1, max-image-preview:large, max-video-preview:-1\" \/>\n<link rel=\"canonical\" href=\"https:\/\/abrelivros.org.br\/site\/todos-pela-educacao-lanca-campanha-para-mobilizar-prefeitosas-de-todo-o-brasil-em-prol-da-educacao\/\" \/>\n<meta property=\"og:locale\" content=\"pt_BR\" \/>\n<meta property=\"og:type\" content=\"article\" \/>\n<meta property=\"og:title\" content=\"Todos Pela Educa\u00e7\u00e3o lan\u00e7a campanha para mobilizar prefeitos(as) de todo o Brasil em prol da Educa\u00e7\u00e3o &raquo; Abrelivros\" \/>\n<meta property=\"og:description\" content=\"Os desafios para a gest\u00e3o educacional nos pr\u00f3ximos anos, que j\u00e1 eram grandes, se aprofundaram diante do impacto causado pela grave crise da pandemia de Covid-19. Diante disso, o Todos Pela Educa\u00e7\u00e3o lan\u00e7a neste m\u00eas de janeiro uma campanha para apoiar e mobilizar prefeitos e prefeitas que acabaram de assumir seus mandatos.\" \/>\n<meta property=\"og:url\" content=\"https:\/\/abrelivros.org.br\/site\/todos-pela-educacao-lanca-campanha-para-mobilizar-prefeitosas-de-todo-o-brasil-em-prol-da-educacao\/\" \/>\n<meta property=\"og:site_name\" content=\"Abrelivros\" \/>\n<meta property=\"article:published_time\" content=\"2021-01-13T18:02:28+00:00\" \/>\n<meta name=\"twitter:card\" content=\"summary_large_image\" \/>\n<script type=\"application\/ld+json\" class=\"yoast-schema-graph\">{\"@context\":\"https:\/\/schema.org\",\"@graph\":[{\"@type\":\"WebSite\",\"@id\":\"https:\/\/abrelivros.org.br\/site\/#website\",\"url\":\"https:\/\/abrelivros.org.br\/site\/\",\"name\":\"Abrelivros\",\"description\":\"\",\"potentialAction\":[{\"@type\":\"SearchAction\",\"target\":\"https:\/\/abrelivros.org.br\/site\/?s={search_term_string}\",\"query-input\":\"required name=search_term_string\"}],\"inLanguage\":\"pt-BR\"},{\"@type\":\"WebPage\",\"@id\":\"https:\/\/abrelivros.org.br\/site\/todos-pela-educacao-lanca-campanha-para-mobilizar-prefeitosas-de-todo-o-brasil-em-prol-da-educacao\/#webpage\",\"url\":\"https:\/\/abrelivros.org.br\/site\/todos-pela-educacao-lanca-campanha-para-mobilizar-prefeitosas-de-todo-o-brasil-em-prol-da-educacao\/\",\"name\":\"Todos Pela Educa\\u00e7\\u00e3o lan\\u00e7a campanha para mobilizar prefeitos(as) de todo o Brasil em prol da Educa\\u00e7\\u00e3o &raquo; Abrelivros\",\"isPartOf\":{\"@id\":\"https:\/\/abrelivros.org.br\/site\/#website\"},\"datePublished\":\"2021-01-13T18:02:28+00:00\",\"dateModified\":\"2021-01-13T18:02:28+00:00\",\"author\":{\"@id\":\"https:\/\/abrelivros.org.br\/site\/#\/schema\/person\/65db80e26409802ce15ac5feec6a15fd\"},\"breadcrumb\":{\"@id\":\"https:\/\/abrelivros.org.br\/site\/todos-pela-educacao-lanca-campanha-para-mobilizar-prefeitosas-de-todo-o-brasil-em-prol-da-educacao\/#breadcrumb\"},\"inLanguage\":\"pt-BR\",\"potentialAction\":[{\"@type\":\"ReadAction\",\"target\":[\"https:\/\/abrelivros.org.br\/site\/todos-pela-educacao-lanca-campanha-para-mobilizar-prefeitosas-de-todo-o-brasil-em-prol-da-educacao\/\"]}]},{\"@type\":\"BreadcrumbList\",\"@id\":\"https:\/\/abrelivros.org.br\/site\/todos-pela-educacao-lanca-campanha-para-mobilizar-prefeitosas-de-todo-o-brasil-em-prol-da-educacao\/#breadcrumb\",\"itemListElement\":[{\"@type\":\"ListItem\",\"position\":1,\"item\":{\"@type\":\"WebPage\",\"@id\":\"https:\/\/abrelivros.org.br\/site\/\",\"url\":\"https:\/\/abrelivros.org.br\/site\/\",\"name\":\"In\\u00edcio\"}},{\"@type\":\"ListItem\",\"position\":2,\"item\":{\"@type\":\"WebPage\",\"@id\":\"https:\/\/abrelivros.org.br\/site\/category\/noticias\/\",\"url\":\"https:\/\/abrelivros.org.br\/site\/category\/noticias\/\",\"name\":\"Not\\u00edcias\"}},{\"@type\":\"ListItem\",\"position\":3,\"item\":{\"@type\":\"WebPage\",\"@id\":\"https:\/\/abrelivros.org.br\/site\/category\/noticias\/noticias-da-imprensa\/\",\"url\":\"https:\/\/abrelivros.org.br\/site\/category\/noticias\/noticias-da-imprensa\/\",\"name\":\"Not\\u00edcias da imprensa\"}},{\"@type\":\"ListItem\",\"position\":4,\"item\":{\"@type\":\"WebPage\",\"@id\":\"https:\/\/abrelivros.org.br\/site\/todos-pela-educacao-lanca-campanha-para-mobilizar-prefeitosas-de-todo-o-brasil-em-prol-da-educacao\/\",\"url\":\"https:\/\/abrelivros.org.br\/site\/todos-pela-educacao-lanca-campanha-para-mobilizar-prefeitosas-de-todo-o-brasil-em-prol-da-educacao\/\",\"name\":\"Todos Pela Educa\\u00e7\\u00e3o lan\\u00e7a campanha para mobilizar prefeitos(as) de todo o Brasil em prol da Educa\\u00e7\\u00e3o\"}}]},{\"@type\":\"Person\",\"@id\":\"https:\/\/abrelivros.org.br\/site\/#\/schema\/person\/65db80e26409802ce15ac5feec6a15fd\",\"name\":\"Reda\\u00e7\\u00e3o Abrelivros\",\"image\":{\"@type\":\"ImageObject\",\"@id\":\"https:\/\/abrelivros.org.br\/site\/#personlogo\",\"inLanguage\":\"pt-BR\",\"url\":\"https:\/\/secure.gravatar.com\/avatar\/c4e57f9c7e3482965bd428192061218520756c39080b1d1820b679fa5e9af192?s=96&d=mm&r=g\",\"caption\":\"Reda\\u00e7\\u00e3o Abrelivros\"}}]}<\/script>\n<!-- \/ Yoast SEO plugin. -->","_links":{"self":[{"href":"https:\/\/abrelivros.org.br\/site\/wp-json\/wp\/v2\/posts\/12961","targetHints":{"allow":["GET"]}}],"collection":[{"href":"https:\/\/abrelivros.org.br\/site\/wp-json\/wp\/v2\/posts"}],"about":[{"href":"https:\/\/abrelivros.org.br\/site\/wp-json\/wp\/v2\/types\/post"}],"author":[{"embeddable":true,"href":"https:\/\/abrelivros.org.br\/site\/wp-json\/wp\/v2\/users\/4"}],"replies":[{"embeddable":true,"href":"https:\/\/abrelivros.org.br\/site\/wp-json\/wp\/v2\/comments?post=12961"}],"version-history":[{"count":1,"href":"https:\/\/abrelivros.org.br\/site\/wp-json\/wp\/v2\/posts\/12961\/revisions"}],"predecessor-version":[{"id":12962,"href":"https:\/\/abrelivros.org.br\/site\/wp-json\/wp\/v2\/posts\/12961\/revisions\/12962"}],"wp:attachment":[{"href":"https:\/\/abrelivros.org.br\/site\/wp-json\/wp\/v2\/media?parent=12961"}],"wp:term":[{"taxonomy":"category","embeddable":true,"href":"https:\/\/abrelivros.org.br\/site\/wp-json\/wp\/v2\/categories?post=12961"},{"taxonomy":"post_tag","embeddable":true,"href":"https:\/\/abrelivros.org.br\/site\/wp-json\/wp\/v2\/tags?post=12961"}],"curies":[{"name":"wp","href":"https:\/\/api.w.org\/{rel}","templated":true}]}}