{"id":12958,"date":"2021-01-12T15:08:24","date_gmt":"2021-01-12T18:08:24","guid":{"rendered":"https:\/\/abrelivros.org.br\/site\/?p=12958"},"modified":"2021-01-12T15:08:24","modified_gmt":"2021-01-12T18:08:24","slug":"karine-pansa-representa-o-brasil-em-evento-que-reune-superpotencias-da-industria-editorial","status":"publish","type":"post","link":"https:\/\/abrelivros.org.br\/site\/karine-pansa-representa-o-brasil-em-evento-que-reune-superpotencias-da-industria-editorial\/","title":{"rendered":"Karine Pansa representa o Brasil em evento que re\u00fane \u2018superpot\u00eancias\u2019 da ind\u00fastria editorial"},"content":{"rendered":"<p>EUA, Reino Unido, Alemanha e Jap\u00e3o s\u00e3o, inequivocamente, grandes pot\u00eancias econ\u00f4micas quando o assunto \u00e9 a ind\u00fastria do livro. Representantes dessas quatro superpot\u00eancias participaram da primeira rodada da s\u00e9rie Publishers Super Powers, realizada pela HP Publishing Solutions, bra\u00e7o editorial da fabricante de impressoras.<!--more--><\/p>\n<p>Nesta quarta-feira (13), \u00e0s 10h (hor\u00e1rio de Bras\u00edlia) ser\u00e1 a vez de mais tr\u00eas pa\u00edses \u2013 Brasil, \u00cdndia e Indon\u00e9sia \u2013 participarem do evento que questiona se esses pa\u00edses conseguir\u00e3o desafiar o status quo por meio da inova\u00e7\u00e3o e crescimento. O Brasil ser\u00e1 representado pela editora Karine Pansa, que al\u00e9m de s\u00f3cia da Girassol \u00e9 tamb\u00e9m vice-presidente da International Publishers Association (IPA). Ela estar\u00e1 ao lado de Ananth Padmanabhan, da HarperCollins (\u00cdndia) e Laura Prinsloo, da Kesaint Blanc (Indon\u00e9sia). A conversa ser\u00e1 mediada por Porter Andersen, editor do Publishing Perspectives.<\/p>\n<p>A participa\u00e7\u00e3o \u00e9 gratuita e as inscri\u00e7\u00f5es podem ser feitas <a href=\"https:\/\/us02web.zoom.us\/webinar\/register\/WN_3KMl_1s3SMetgBF5wgQc6A\">clicando aqui<\/a>.<\/p>\n","protected":false},"excerpt":{"rendered":"<p>EUA, Reino Unido, Alemanha e Jap\u00e3o s\u00e3o, inequivocamente, grandes pot\u00eancias econ\u00f4micas quando o assunto \u00e9 a ind\u00fastria do livro. Representantes dessas quatro superpot\u00eancias participaram da primeira rodada da s\u00e9rie Publishers Super Powers, realizada pela HP Publishing Solutions, bra\u00e7o editorial da fabricante de impressoras.<\/p>\n","protected":false},"author":4,"featured_media":0,"comment_status":"closed","ping_status":"closed","sticky":false,"template":"","format":"standard","meta":{"footnotes":"","_links_to":"","_links_to_target":""},"categories":[9,13],"tags":[],"class_list":["post-12958","post","type-post","status-publish","format-standard","hentry","category-noticias-da-imprensa","category-noticias-eventos"],"yoast_head":"<!-- This site is optimized with the Yoast SEO plugin v15.1 - https:\/\/yoast.com\/wordpress\/plugins\/seo\/ -->\n<title>Karine Pansa representa o Brasil em evento que re\u00fane \u2018superpot\u00eancias\u2019 da ind\u00fastria editorial &raquo; Abrelivros<\/title>\n<meta name=\"robots\" content=\"index, follow, max-snippet:-1, max-image-preview:large, max-video-preview:-1\" \/>\n<link rel=\"canonical\" href=\"https:\/\/abrelivros.org.br\/site\/karine-pansa-representa-o-brasil-em-evento-que-reune-superpotencias-da-industria-editorial\/\" \/>\n<meta property=\"og:locale\" content=\"pt_BR\" \/>\n<meta property=\"og:type\" content=\"article\" \/>\n<meta property=\"og:title\" content=\"Karine Pansa representa o Brasil em evento que re\u00fane \u2018superpot\u00eancias\u2019 da ind\u00fastria editorial &raquo; Abrelivros\" \/>\n<meta property=\"og:description\" content=\"EUA, Reino Unido, Alemanha e Jap\u00e3o s\u00e3o, inequivocamente, grandes pot\u00eancias econ\u00f4micas quando o assunto \u00e9 a ind\u00fastria do livro. Representantes dessas quatro superpot\u00eancias participaram da primeira rodada da s\u00e9rie Publishers Super Powers, realizada pela HP Publishing Solutions, bra\u00e7o editorial da fabricante de impressoras.\" \/>\n<meta property=\"og:url\" content=\"https:\/\/abrelivros.org.br\/site\/karine-pansa-representa-o-brasil-em-evento-que-reune-superpotencias-da-industria-editorial\/\" \/>\n<meta property=\"og:site_name\" content=\"Abrelivros\" \/>\n<meta property=\"article:published_time\" content=\"2021-01-12T18:08:24+00:00\" \/>\n<meta name=\"twitter:card\" content=\"summary_large_image\" \/>\n<script type=\"application\/ld+json\" class=\"yoast-schema-graph\">{\"@context\":\"https:\/\/schema.org\",\"@graph\":[{\"@type\":\"WebSite\",\"@id\":\"https:\/\/abrelivros.org.br\/site\/#website\",\"url\":\"https:\/\/abrelivros.org.br\/site\/\",\"name\":\"Abrelivros\",\"description\":\"\",\"potentialAction\":[{\"@type\":\"SearchAction\",\"target\":\"https:\/\/abrelivros.org.br\/site\/?s={search_term_string}\",\"query-input\":\"required name=search_term_string\"}],\"inLanguage\":\"pt-BR\"},{\"@type\":\"WebPage\",\"@id\":\"https:\/\/abrelivros.org.br\/site\/karine-pansa-representa-o-brasil-em-evento-que-reune-superpotencias-da-industria-editorial\/#webpage\",\"url\":\"https:\/\/abrelivros.org.br\/site\/karine-pansa-representa-o-brasil-em-evento-que-reune-superpotencias-da-industria-editorial\/\",\"name\":\"Karine Pansa representa o Brasil em evento que re\\u00fane \\u2018superpot\\u00eancias\\u2019 da ind\\u00fastria editorial &raquo; Abrelivros\",\"isPartOf\":{\"@id\":\"https:\/\/abrelivros.org.br\/site\/#website\"},\"datePublished\":\"2021-01-12T18:08:24+00:00\",\"dateModified\":\"2021-01-12T18:08:24+00:00\",\"author\":{\"@id\":\"https:\/\/abrelivros.org.br\/site\/#\/schema\/person\/65db80e26409802ce15ac5feec6a15fd\"},\"breadcrumb\":{\"@id\":\"https:\/\/abrelivros.org.br\/site\/karine-pansa-representa-o-brasil-em-evento-que-reune-superpotencias-da-industria-editorial\/#breadcrumb\"},\"inLanguage\":\"pt-BR\",\"potentialAction\":[{\"@type\":\"ReadAction\",\"target\":[\"https:\/\/abrelivros.org.br\/site\/karine-pansa-representa-o-brasil-em-evento-que-reune-superpotencias-da-industria-editorial\/\"]}]},{\"@type\":\"BreadcrumbList\",\"@id\":\"https:\/\/abrelivros.org.br\/site\/karine-pansa-representa-o-brasil-em-evento-que-reune-superpotencias-da-industria-editorial\/#breadcrumb\",\"itemListElement\":[{\"@type\":\"ListItem\",\"position\":1,\"item\":{\"@type\":\"WebPage\",\"@id\":\"https:\/\/abrelivros.org.br\/site\/\",\"url\":\"https:\/\/abrelivros.org.br\/site\/\",\"name\":\"In\\u00edcio\"}},{\"@type\":\"ListItem\",\"position\":2,\"item\":{\"@type\":\"WebPage\",\"@id\":\"https:\/\/abrelivros.org.br\/site\/category\/noticias\/\",\"url\":\"https:\/\/abrelivros.org.br\/site\/category\/noticias\/\",\"name\":\"Not\\u00edcias\"}},{\"@type\":\"ListItem\",\"position\":3,\"item\":{\"@type\":\"WebPage\",\"@id\":\"https:\/\/abrelivros.org.br\/site\/category\/noticias\/noticias-da-imprensa\/\",\"url\":\"https:\/\/abrelivros.org.br\/site\/category\/noticias\/noticias-da-imprensa\/\",\"name\":\"Not\\u00edcias da imprensa\"}},{\"@type\":\"ListItem\",\"position\":4,\"item\":{\"@type\":\"WebPage\",\"@id\":\"https:\/\/abrelivros.org.br\/site\/karine-pansa-representa-o-brasil-em-evento-que-reune-superpotencias-da-industria-editorial\/\",\"url\":\"https:\/\/abrelivros.org.br\/site\/karine-pansa-representa-o-brasil-em-evento-que-reune-superpotencias-da-industria-editorial\/\",\"name\":\"Karine Pansa representa o Brasil em evento que re\\u00fane \\u2018superpot\\u00eancias\\u2019 da ind\\u00fastria editorial\"}}]},{\"@type\":\"Person\",\"@id\":\"https:\/\/abrelivros.org.br\/site\/#\/schema\/person\/65db80e26409802ce15ac5feec6a15fd\",\"name\":\"Reda\\u00e7\\u00e3o Abrelivros\",\"image\":{\"@type\":\"ImageObject\",\"@id\":\"https:\/\/abrelivros.org.br\/site\/#personlogo\",\"inLanguage\":\"pt-BR\",\"url\":\"https:\/\/secure.gravatar.com\/avatar\/c4e57f9c7e3482965bd428192061218520756c39080b1d1820b679fa5e9af192?s=96&d=mm&r=g\",\"caption\":\"Reda\\u00e7\\u00e3o Abrelivros\"}}]}<\/script>\n<!-- \/ Yoast SEO plugin. -->","_links":{"self":[{"href":"https:\/\/abrelivros.org.br\/site\/wp-json\/wp\/v2\/posts\/12958","targetHints":{"allow":["GET"]}}],"collection":[{"href":"https:\/\/abrelivros.org.br\/site\/wp-json\/wp\/v2\/posts"}],"about":[{"href":"https:\/\/abrelivros.org.br\/site\/wp-json\/wp\/v2\/types\/post"}],"author":[{"embeddable":true,"href":"https:\/\/abrelivros.org.br\/site\/wp-json\/wp\/v2\/users\/4"}],"replies":[{"embeddable":true,"href":"https:\/\/abrelivros.org.br\/site\/wp-json\/wp\/v2\/comments?post=12958"}],"version-history":[{"count":1,"href":"https:\/\/abrelivros.org.br\/site\/wp-json\/wp\/v2\/posts\/12958\/revisions"}],"predecessor-version":[{"id":12959,"href":"https:\/\/abrelivros.org.br\/site\/wp-json\/wp\/v2\/posts\/12958\/revisions\/12959"}],"wp:attachment":[{"href":"https:\/\/abrelivros.org.br\/site\/wp-json\/wp\/v2\/media?parent=12958"}],"wp:term":[{"taxonomy":"category","embeddable":true,"href":"https:\/\/abrelivros.org.br\/site\/wp-json\/wp\/v2\/categories?post=12958"},{"taxonomy":"post_tag","embeddable":true,"href":"https:\/\/abrelivros.org.br\/site\/wp-json\/wp\/v2\/tags?post=12958"}],"curies":[{"name":"wp","href":"https:\/\/api.w.org\/{rel}","templated":true}]}}