{"id":12956,"date":"2021-01-12T15:07:04","date_gmt":"2021-01-12T18:07:04","guid":{"rendered":"https:\/\/abrelivros.org.br\/site\/?p=12956"},"modified":"2021-01-12T15:07:04","modified_gmt":"2021-01-12T18:07:04","slug":"mec-publica-portaria-com-diretrizes-gerais-para-educacao-basica","status":"publish","type":"post","link":"https:\/\/abrelivros.org.br\/site\/mec-publica-portaria-com-diretrizes-gerais-para-educacao-basica\/","title":{"rendered":"MEC publica portaria com diretrizes gerais para educa\u00e7\u00e3o b\u00e1sica"},"content":{"rendered":"<p>O Minist\u00e9rio da Educa\u00e7\u00e3o (MEC) publicou no dia 11 de janeiro, no Di\u00e1rio Oficial da Uni\u00e3o (DOU), uma portaria com diretrizes gerais para a implementa\u00e7\u00e3o do novo Sistema de Avalia\u00e7\u00e3o da Educa\u00e7\u00e3o B\u00e1sica (Saeb). O texto especifica alguns pontos de outra portaria a pasta, publicada em maio de 2020, que determinou que o Saeb ser\u00e1 anual e que os resultados do exame tamb\u00e9m poder\u00e3o ser usados para ingresso no ensino superior.<!--more--><\/p>\n<p>O Saeb \u00e9 um conjunto de instrumentos que permite a produ\u00e7\u00e3o e a dissemina\u00e7\u00e3o de evid\u00eancias, estat\u00edsticas, avalia\u00e7\u00f5es, exames e estudos a respeito da qualidade das etapas que comp\u00f5em a educa\u00e7\u00e3o b\u00e1sica, que engloba a Educa\u00e7\u00e3o Infantil, o Ensino Fundamental obrigat\u00f3rio de nove anos e o Ensino M\u00e9dio.<\/p>\n<p>Atualmente a avalia\u00e7\u00e3o \u00e9 aplicada de dois em dois anos a estudantes dos 2\u00ba, 5\u00ba e 9\u00ba anos do ensino fundamental e da 3\u00aa s\u00e9rie do ensino m\u00e9dio. A portaria publicada em maio, diz que, a partir de 2021, o Instituto Nacional de Estudos e Pesquisas Educacionais An\u00edsio Teixeira (Inep) passar\u00e1 a avaliar os estudantes todos os anos, a partir do 2\u00ba ano do ensino fundamental at\u00e9 o final do ensino m\u00e9dio.<\/p>\n<p>Entre outros pontos, a portaria publicada nesta segunda-feira diz que dever\u00e3o ser formulados novos objetivos para a avalia\u00e7\u00e3o dos estudantes do Ensino M\u00e9dio, que ocorrer\u00e1 de maneira seriada e ser\u00e1 um exame alternativo de ingresso ao ensino superior.<\/p>\n<p>O texto tamb\u00e9m diz que a Educa\u00e7\u00e3o Infantil (de 0 a 5 anos) ser\u00e1 avaliada a cada dois anos exclusivamente pela aplica\u00e7\u00e3o de question\u00e1rios eletr\u00f4nicos de natureza n\u00e3o cognitiva.<\/p>\n<p>De acordo com a portaria, o Inep tamb\u00e9m deve realizar em parceria com estados e munic\u00edpios, um Saeb censit\u00e1rio, anual e para as quatro \u00e1reas do conhecimento da educa\u00e7\u00e3o b\u00e1sica; ampliar de forma gradativa a popula\u00e7\u00e3o de refer\u00eancia da avalia\u00e7\u00e3o e das condi\u00e7\u00f5es de acessibilidade dos testes e dos question\u00e1rios, com progressiva aplica\u00e7\u00e3o eletr\u00f4nica dos exames.<\/p>\n<p>As altera\u00e7\u00f5es visam ajustar o Saeb \u00e0s mudan\u00e7as na Base Nacional Comum Curricular observadas as Diretrizes Curriculares Nacionais, na Pol\u00edtica Nacional de Alfabetiza\u00e7\u00e3o e o novo Ensino M\u00e9dio.<\/p>\n<p>O Inep dever\u00e1 formar uma comiss\u00e3o especial, formada por representantes do \u00f3rg\u00e3o, do MEC, do Conselho Nacional de Secret\u00e1rios de Educa\u00e7\u00e3o, Uni\u00e3o Nacional dos Dirigentes Municipais de Educa\u00e7\u00e3o, al\u00e9m de pesquisadores para assessorar `t\u00e9cnica e pedagogicamente na formula\u00e7\u00e3o dos instrumentos de avalia\u00e7\u00e3o e na progressiva amplia\u00e7\u00e3o da popula\u00e7\u00e3o de refer\u00eancia do Saeb.`<\/p>\n<p>&nbsp;<\/p>\n<p>&nbsp;<\/p>\n","protected":false},"excerpt":{"rendered":"<p>O Minist\u00e9rio da Educa\u00e7\u00e3o (MEC) publicou no dia 11 de janeiro, no Di\u00e1rio Oficial da Uni\u00e3o (DOU), uma portaria com diretrizes gerais para a implementa\u00e7\u00e3o do novo Sistema de Avalia\u00e7\u00e3o da Educa\u00e7\u00e3o B\u00e1sica (Saeb). O texto especifica alguns pontos de outra portaria a pasta, publicada em maio de 2020, que determinou que o Saeb ser\u00e1 [&hellip;]<\/p>\n","protected":false},"author":4,"featured_media":0,"comment_status":"closed","ping_status":"closed","sticky":false,"template":"","format":"standard","meta":{"footnotes":"","_links_to":"","_links_to_target":""},"categories":[9],"tags":[],"class_list":["post-12956","post","type-post","status-publish","format-standard","hentry","category-noticias-da-imprensa"],"yoast_head":"<!-- This site is optimized with the Yoast SEO plugin v15.1 - https:\/\/yoast.com\/wordpress\/plugins\/seo\/ -->\n<title>MEC publica portaria com diretrizes gerais para educa\u00e7\u00e3o b\u00e1sica &raquo; Abrelivros<\/title>\n<meta name=\"robots\" content=\"index, follow, max-snippet:-1, max-image-preview:large, max-video-preview:-1\" \/>\n<link rel=\"canonical\" href=\"https:\/\/abrelivros.org.br\/site\/mec-publica-portaria-com-diretrizes-gerais-para-educacao-basica\/\" \/>\n<meta property=\"og:locale\" content=\"pt_BR\" \/>\n<meta property=\"og:type\" content=\"article\" \/>\n<meta property=\"og:title\" content=\"MEC publica portaria com diretrizes gerais para educa\u00e7\u00e3o b\u00e1sica &raquo; Abrelivros\" \/>\n<meta property=\"og:description\" content=\"O Minist\u00e9rio da Educa\u00e7\u00e3o (MEC) publicou no dia 11 de janeiro, no Di\u00e1rio Oficial da Uni\u00e3o (DOU), uma portaria com diretrizes gerais para a implementa\u00e7\u00e3o do novo Sistema de Avalia\u00e7\u00e3o da Educa\u00e7\u00e3o B\u00e1sica (Saeb). O texto especifica alguns pontos de outra portaria a pasta, publicada em maio de 2020, que determinou que o Saeb ser\u00e1 [&hellip;]\" \/>\n<meta property=\"og:url\" content=\"https:\/\/abrelivros.org.br\/site\/mec-publica-portaria-com-diretrizes-gerais-para-educacao-basica\/\" \/>\n<meta property=\"og:site_name\" content=\"Abrelivros\" \/>\n<meta property=\"article:published_time\" content=\"2021-01-12T18:07:04+00:00\" \/>\n<meta name=\"twitter:card\" content=\"summary_large_image\" \/>\n<script type=\"application\/ld+json\" class=\"yoast-schema-graph\">{\"@context\":\"https:\/\/schema.org\",\"@graph\":[{\"@type\":\"WebSite\",\"@id\":\"https:\/\/abrelivros.org.br\/site\/#website\",\"url\":\"https:\/\/abrelivros.org.br\/site\/\",\"name\":\"Abrelivros\",\"description\":\"\",\"potentialAction\":[{\"@type\":\"SearchAction\",\"target\":\"https:\/\/abrelivros.org.br\/site\/?s={search_term_string}\",\"query-input\":\"required name=search_term_string\"}],\"inLanguage\":\"pt-BR\"},{\"@type\":\"WebPage\",\"@id\":\"https:\/\/abrelivros.org.br\/site\/mec-publica-portaria-com-diretrizes-gerais-para-educacao-basica\/#webpage\",\"url\":\"https:\/\/abrelivros.org.br\/site\/mec-publica-portaria-com-diretrizes-gerais-para-educacao-basica\/\",\"name\":\"MEC publica portaria com diretrizes gerais para educa\\u00e7\\u00e3o b\\u00e1sica &raquo; Abrelivros\",\"isPartOf\":{\"@id\":\"https:\/\/abrelivros.org.br\/site\/#website\"},\"datePublished\":\"2021-01-12T18:07:04+00:00\",\"dateModified\":\"2021-01-12T18:07:04+00:00\",\"author\":{\"@id\":\"https:\/\/abrelivros.org.br\/site\/#\/schema\/person\/65db80e26409802ce15ac5feec6a15fd\"},\"breadcrumb\":{\"@id\":\"https:\/\/abrelivros.org.br\/site\/mec-publica-portaria-com-diretrizes-gerais-para-educacao-basica\/#breadcrumb\"},\"inLanguage\":\"pt-BR\",\"potentialAction\":[{\"@type\":\"ReadAction\",\"target\":[\"https:\/\/abrelivros.org.br\/site\/mec-publica-portaria-com-diretrizes-gerais-para-educacao-basica\/\"]}]},{\"@type\":\"BreadcrumbList\",\"@id\":\"https:\/\/abrelivros.org.br\/site\/mec-publica-portaria-com-diretrizes-gerais-para-educacao-basica\/#breadcrumb\",\"itemListElement\":[{\"@type\":\"ListItem\",\"position\":1,\"item\":{\"@type\":\"WebPage\",\"@id\":\"https:\/\/abrelivros.org.br\/site\/\",\"url\":\"https:\/\/abrelivros.org.br\/site\/\",\"name\":\"In\\u00edcio\"}},{\"@type\":\"ListItem\",\"position\":2,\"item\":{\"@type\":\"WebPage\",\"@id\":\"https:\/\/abrelivros.org.br\/site\/category\/noticias\/\",\"url\":\"https:\/\/abrelivros.org.br\/site\/category\/noticias\/\",\"name\":\"Not\\u00edcias\"}},{\"@type\":\"ListItem\",\"position\":3,\"item\":{\"@type\":\"WebPage\",\"@id\":\"https:\/\/abrelivros.org.br\/site\/category\/noticias\/noticias-da-imprensa\/\",\"url\":\"https:\/\/abrelivros.org.br\/site\/category\/noticias\/noticias-da-imprensa\/\",\"name\":\"Not\\u00edcias da imprensa\"}},{\"@type\":\"ListItem\",\"position\":4,\"item\":{\"@type\":\"WebPage\",\"@id\":\"https:\/\/abrelivros.org.br\/site\/mec-publica-portaria-com-diretrizes-gerais-para-educacao-basica\/\",\"url\":\"https:\/\/abrelivros.org.br\/site\/mec-publica-portaria-com-diretrizes-gerais-para-educacao-basica\/\",\"name\":\"MEC publica portaria com diretrizes gerais para educa\\u00e7\\u00e3o b\\u00e1sica\"}}]},{\"@type\":\"Person\",\"@id\":\"https:\/\/abrelivros.org.br\/site\/#\/schema\/person\/65db80e26409802ce15ac5feec6a15fd\",\"name\":\"Reda\\u00e7\\u00e3o Abrelivros\",\"image\":{\"@type\":\"ImageObject\",\"@id\":\"https:\/\/abrelivros.org.br\/site\/#personlogo\",\"inLanguage\":\"pt-BR\",\"url\":\"https:\/\/secure.gravatar.com\/avatar\/c4e57f9c7e3482965bd428192061218520756c39080b1d1820b679fa5e9af192?s=96&d=mm&r=g\",\"caption\":\"Reda\\u00e7\\u00e3o Abrelivros\"}}]}<\/script>\n<!-- \/ Yoast SEO plugin. -->","_links":{"self":[{"href":"https:\/\/abrelivros.org.br\/site\/wp-json\/wp\/v2\/posts\/12956","targetHints":{"allow":["GET"]}}],"collection":[{"href":"https:\/\/abrelivros.org.br\/site\/wp-json\/wp\/v2\/posts"}],"about":[{"href":"https:\/\/abrelivros.org.br\/site\/wp-json\/wp\/v2\/types\/post"}],"author":[{"embeddable":true,"href":"https:\/\/abrelivros.org.br\/site\/wp-json\/wp\/v2\/users\/4"}],"replies":[{"embeddable":true,"href":"https:\/\/abrelivros.org.br\/site\/wp-json\/wp\/v2\/comments?post=12956"}],"version-history":[{"count":1,"href":"https:\/\/abrelivros.org.br\/site\/wp-json\/wp\/v2\/posts\/12956\/revisions"}],"predecessor-version":[{"id":12957,"href":"https:\/\/abrelivros.org.br\/site\/wp-json\/wp\/v2\/posts\/12956\/revisions\/12957"}],"wp:attachment":[{"href":"https:\/\/abrelivros.org.br\/site\/wp-json\/wp\/v2\/media?parent=12956"}],"wp:term":[{"taxonomy":"category","embeddable":true,"href":"https:\/\/abrelivros.org.br\/site\/wp-json\/wp\/v2\/categories?post=12956"},{"taxonomy":"post_tag","embeddable":true,"href":"https:\/\/abrelivros.org.br\/site\/wp-json\/wp\/v2\/tags?post=12956"}],"curies":[{"name":"wp","href":"https:\/\/api.w.org\/{rel}","templated":true}]}}