{"id":12954,"date":"2021-01-12T15:05:33","date_gmt":"2021-01-12T18:05:33","guid":{"rendered":"https:\/\/abrelivros.org.br\/site\/?p=12954"},"modified":"2021-01-12T15:05:33","modified_gmt":"2021-01-12T18:05:33","slug":"ate-quando-as-escolas-vao-poder-oferecer-ensino-remoto-entenda-as-previsoes-do-mec","status":"publish","type":"post","link":"https:\/\/abrelivros.org.br\/site\/ate-quando-as-escolas-vao-poder-oferecer-ensino-remoto-entenda-as-previsoes-do-mec\/","title":{"rendered":"At\u00e9 quando as escolas v\u00e3o poder oferecer ensino remoto? Entenda as previs\u00f5es do MEC"},"content":{"rendered":"<p>O Minist\u00e9rio da Educa\u00e7\u00e3o homologou resolu\u00e7\u00e3o nesta semana com previs\u00e3o sobre a dura\u00e7\u00e3o das atividades de ensino remoto no Pa\u00eds. As aulas presenciais nas escolas foram intensamente afetadas pela pandemia do novo coronav\u00edrus. Aos poucos, o retorno acontece em parte das unidades pelo Pa\u00eds, mas os efeitos ainda devem perdurar. O Estad\u00e3o tem respostas para perguntas comuns sobre o assunto.<!--more--><\/p>\n<p>Veja abaixo:<\/p>\n<p><strong>At\u00e9 quando as escolas v\u00e3o poder oferecer ensino remoto?<\/strong><\/p>\n<p>O Minist\u00e9rio da Educa\u00e7\u00e3o (MEC) homologou a resolu\u00e7\u00e3o do Conselho Nacional de Educa\u00e7\u00e3o (CNE) que afirma que as escolas p\u00fablicas e particulares podem oferecer ensino remoto enquanto durar a pandemia. O documento foi motivo de intenso debate e esperava aprova\u00e7\u00e3o desde outubro.<\/p>\n<p><strong>Qual foi a posi\u00e7\u00e3o do MEC nesse debate?<\/strong><\/p>\n<p>O ministro Milton Ribeiro sinalizou vetar o artigo que mencionava a extens\u00e3o do ensino remoto. Sem a resolu\u00e7\u00e3o, havia uma lacuna sobre como as escolas poderiam operar em 2021, pois a continuidade das aulas e atividades on line \u00e9 dada como certa no ano que vem.<\/p>\n<p><strong>Qual a orienta\u00e7\u00e3o dada sobre a avalia\u00e7\u00e3o de alunos no atual ano letivo?<\/strong><\/p>\n<p>Algumas redes p\u00fablicas j\u00e1 anunciaram que juntar\u00e3o os dois anos letivos, como forma de n\u00e3o penalizar estudantes que n\u00e3o puderam acompanhar o ensino online. Uma delas \u00e9 a rede estadual de S\u00e3o Paulo, que abriu matr\u00edculas para um novo 4.\u00ba ano do ensino m\u00e9dio para os alunos que quiserem continuar estudando em 2021.<\/p>\n<p><strong>A quem cabe a decis\u00e3o de enviar ou n\u00e3o os alunos para as escolas?<\/strong><\/p>\n<p>Deve ser decis\u00e3o dos pais ou respons\u00e1veis enviar ou n\u00e3o os alunos para aulas presenciais e que as avalia\u00e7\u00f5es s\u00e3o facultativas \u00e0s escolas durante a pandemia. Quem quiser manter os filhos em atividades remotas devem se comprometer em cumprir `atividades e avalia\u00e7\u00f5es`.<\/p>\n<p><strong>Quando voltam as aulas presenciais nas universidades?<\/strong><\/p>\n<p>O Minist\u00e9rio da Educa\u00e7\u00e3o (MEC) alterou para 1\u00ba de mar\u00e7o do ano que vem a volta \u00e0s aulas presenciais nas universidades do Pa\u00eds. A nova data consta em portaria publicada em edi\u00e7\u00e3o extra do Di\u00e1rio Oficial da Uni\u00e3o de segunda-feira, 7.<\/p>\n<p><strong>As institui\u00e7\u00f5es federais de ensino superior s\u00e3o obrigadas a seguir o que determina o MEC?<\/strong><\/p>\n<p>Apesar da portaria publicada pelo MEC, as universidades federais seguir\u00e3o o planejamento de retomada conforme determina\u00e7\u00e3o do conselho superior das pr\u00f3prias institui\u00e7\u00f5es de ensino.<\/p>\n<p><strong>Como ficam as aulas nas escolas de S\u00e3o Paulo?<\/strong><\/p>\n<p>Na educa\u00e7\u00e3o, o Estado continua autorizando 35% da quantidade de alunos nas escolas por dia e aulas para m\u00e9dio e fundamental. A capital, no entanto, foi mais restritiva e permite apenas 20% dos alunos, com aulas apenas para o m\u00e9dio. O restante pode apenas ter atividades extracurriculares.<\/p>\n<p><strong>Os col\u00e9gios continuar\u00e3o abertos no Estado?<\/strong><\/p>\n<p>O Estad\u00e3o apurou que a inten\u00e7\u00e3o \u00e9 que, mesmo se o Estado regredir para a fase laranja, as escolas n\u00e3o sejam fechadas. O decreto que regula a educa\u00e7\u00e3o deve ser modificado. Pediatras tamb\u00e9m sustentam que as crian\u00e7as transmitem muito menos o v\u00edrus do que adultos e que as escolas j\u00e1 conseguiram se adaptar bem aos protocolos. Pesquisa feita pelo sindicato e pela associa\u00e7\u00e3o das escolas particulares mostra que, em 86% das mais de 500 institu\u00e7\u00f5es consultadas, n\u00e3o houve nenhum caso de covid desde que foram abertas.<\/p>\n<p>&nbsp;<\/p>\n","protected":false},"excerpt":{"rendered":"<p>O Minist\u00e9rio da Educa\u00e7\u00e3o homologou resolu\u00e7\u00e3o nesta semana com previs\u00e3o sobre a dura\u00e7\u00e3o das atividades de ensino remoto no Pa\u00eds. As aulas presenciais nas escolas foram intensamente afetadas pela pandemia do novo coronav\u00edrus. Aos poucos, o retorno acontece em parte das unidades pelo Pa\u00eds, mas os efeitos ainda devem perdurar. O Estad\u00e3o tem respostas para [&hellip;]<\/p>\n","protected":false},"author":4,"featured_media":0,"comment_status":"closed","ping_status":"closed","sticky":false,"template":"","format":"standard","meta":{"footnotes":"","_links_to":"","_links_to_target":""},"categories":[9],"tags":[],"class_list":["post-12954","post","type-post","status-publish","format-standard","hentry","category-noticias-da-imprensa"],"yoast_head":"<!-- This site is optimized with the Yoast SEO plugin v15.1 - https:\/\/yoast.com\/wordpress\/plugins\/seo\/ -->\n<title>At\u00e9 quando as escolas v\u00e3o poder oferecer ensino remoto? Entenda as previs\u00f5es do MEC &raquo; Abrelivros<\/title>\n<meta name=\"robots\" content=\"index, follow, max-snippet:-1, max-image-preview:large, max-video-preview:-1\" \/>\n<link rel=\"canonical\" href=\"https:\/\/abrelivros.org.br\/site\/ate-quando-as-escolas-vao-poder-oferecer-ensino-remoto-entenda-as-previsoes-do-mec\/\" \/>\n<meta property=\"og:locale\" content=\"pt_BR\" \/>\n<meta property=\"og:type\" content=\"article\" \/>\n<meta property=\"og:title\" content=\"At\u00e9 quando as escolas v\u00e3o poder oferecer ensino remoto? Entenda as previs\u00f5es do MEC &raquo; Abrelivros\" \/>\n<meta property=\"og:description\" content=\"O Minist\u00e9rio da Educa\u00e7\u00e3o homologou resolu\u00e7\u00e3o nesta semana com previs\u00e3o sobre a dura\u00e7\u00e3o das atividades de ensino remoto no Pa\u00eds. As aulas presenciais nas escolas foram intensamente afetadas pela pandemia do novo coronav\u00edrus. Aos poucos, o retorno acontece em parte das unidades pelo Pa\u00eds, mas os efeitos ainda devem perdurar. O Estad\u00e3o tem respostas para [&hellip;]\" \/>\n<meta property=\"og:url\" content=\"https:\/\/abrelivros.org.br\/site\/ate-quando-as-escolas-vao-poder-oferecer-ensino-remoto-entenda-as-previsoes-do-mec\/\" \/>\n<meta property=\"og:site_name\" content=\"Abrelivros\" \/>\n<meta property=\"article:published_time\" content=\"2021-01-12T18:05:33+00:00\" \/>\n<meta name=\"twitter:card\" content=\"summary_large_image\" \/>\n<script type=\"application\/ld+json\" class=\"yoast-schema-graph\">{\"@context\":\"https:\/\/schema.org\",\"@graph\":[{\"@type\":\"WebSite\",\"@id\":\"https:\/\/abrelivros.org.br\/site\/#website\",\"url\":\"https:\/\/abrelivros.org.br\/site\/\",\"name\":\"Abrelivros\",\"description\":\"\",\"potentialAction\":[{\"@type\":\"SearchAction\",\"target\":\"https:\/\/abrelivros.org.br\/site\/?s={search_term_string}\",\"query-input\":\"required name=search_term_string\"}],\"inLanguage\":\"pt-BR\"},{\"@type\":\"WebPage\",\"@id\":\"https:\/\/abrelivros.org.br\/site\/ate-quando-as-escolas-vao-poder-oferecer-ensino-remoto-entenda-as-previsoes-do-mec\/#webpage\",\"url\":\"https:\/\/abrelivros.org.br\/site\/ate-quando-as-escolas-vao-poder-oferecer-ensino-remoto-entenda-as-previsoes-do-mec\/\",\"name\":\"At\\u00e9 quando as escolas v\\u00e3o poder oferecer ensino remoto? Entenda as previs\\u00f5es do MEC &raquo; Abrelivros\",\"isPartOf\":{\"@id\":\"https:\/\/abrelivros.org.br\/site\/#website\"},\"datePublished\":\"2021-01-12T18:05:33+00:00\",\"dateModified\":\"2021-01-12T18:05:33+00:00\",\"author\":{\"@id\":\"https:\/\/abrelivros.org.br\/site\/#\/schema\/person\/65db80e26409802ce15ac5feec6a15fd\"},\"breadcrumb\":{\"@id\":\"https:\/\/abrelivros.org.br\/site\/ate-quando-as-escolas-vao-poder-oferecer-ensino-remoto-entenda-as-previsoes-do-mec\/#breadcrumb\"},\"inLanguage\":\"pt-BR\",\"potentialAction\":[{\"@type\":\"ReadAction\",\"target\":[\"https:\/\/abrelivros.org.br\/site\/ate-quando-as-escolas-vao-poder-oferecer-ensino-remoto-entenda-as-previsoes-do-mec\/\"]}]},{\"@type\":\"BreadcrumbList\",\"@id\":\"https:\/\/abrelivros.org.br\/site\/ate-quando-as-escolas-vao-poder-oferecer-ensino-remoto-entenda-as-previsoes-do-mec\/#breadcrumb\",\"itemListElement\":[{\"@type\":\"ListItem\",\"position\":1,\"item\":{\"@type\":\"WebPage\",\"@id\":\"https:\/\/abrelivros.org.br\/site\/\",\"url\":\"https:\/\/abrelivros.org.br\/site\/\",\"name\":\"In\\u00edcio\"}},{\"@type\":\"ListItem\",\"position\":2,\"item\":{\"@type\":\"WebPage\",\"@id\":\"https:\/\/abrelivros.org.br\/site\/category\/noticias\/\",\"url\":\"https:\/\/abrelivros.org.br\/site\/category\/noticias\/\",\"name\":\"Not\\u00edcias\"}},{\"@type\":\"ListItem\",\"position\":3,\"item\":{\"@type\":\"WebPage\",\"@id\":\"https:\/\/abrelivros.org.br\/site\/category\/noticias\/noticias-da-imprensa\/\",\"url\":\"https:\/\/abrelivros.org.br\/site\/category\/noticias\/noticias-da-imprensa\/\",\"name\":\"Not\\u00edcias da imprensa\"}},{\"@type\":\"ListItem\",\"position\":4,\"item\":{\"@type\":\"WebPage\",\"@id\":\"https:\/\/abrelivros.org.br\/site\/ate-quando-as-escolas-vao-poder-oferecer-ensino-remoto-entenda-as-previsoes-do-mec\/\",\"url\":\"https:\/\/abrelivros.org.br\/site\/ate-quando-as-escolas-vao-poder-oferecer-ensino-remoto-entenda-as-previsoes-do-mec\/\",\"name\":\"At\\u00e9 quando as escolas v\\u00e3o poder oferecer ensino remoto? Entenda as previs\\u00f5es do MEC\"}}]},{\"@type\":\"Person\",\"@id\":\"https:\/\/abrelivros.org.br\/site\/#\/schema\/person\/65db80e26409802ce15ac5feec6a15fd\",\"name\":\"Reda\\u00e7\\u00e3o Abrelivros\",\"image\":{\"@type\":\"ImageObject\",\"@id\":\"https:\/\/abrelivros.org.br\/site\/#personlogo\",\"inLanguage\":\"pt-BR\",\"url\":\"https:\/\/secure.gravatar.com\/avatar\/c4e57f9c7e3482965bd428192061218520756c39080b1d1820b679fa5e9af192?s=96&d=mm&r=g\",\"caption\":\"Reda\\u00e7\\u00e3o Abrelivros\"}}]}<\/script>\n<!-- \/ Yoast SEO plugin. -->","_links":{"self":[{"href":"https:\/\/abrelivros.org.br\/site\/wp-json\/wp\/v2\/posts\/12954","targetHints":{"allow":["GET"]}}],"collection":[{"href":"https:\/\/abrelivros.org.br\/site\/wp-json\/wp\/v2\/posts"}],"about":[{"href":"https:\/\/abrelivros.org.br\/site\/wp-json\/wp\/v2\/types\/post"}],"author":[{"embeddable":true,"href":"https:\/\/abrelivros.org.br\/site\/wp-json\/wp\/v2\/users\/4"}],"replies":[{"embeddable":true,"href":"https:\/\/abrelivros.org.br\/site\/wp-json\/wp\/v2\/comments?post=12954"}],"version-history":[{"count":1,"href":"https:\/\/abrelivros.org.br\/site\/wp-json\/wp\/v2\/posts\/12954\/revisions"}],"predecessor-version":[{"id":12955,"href":"https:\/\/abrelivros.org.br\/site\/wp-json\/wp\/v2\/posts\/12954\/revisions\/12955"}],"wp:attachment":[{"href":"https:\/\/abrelivros.org.br\/site\/wp-json\/wp\/v2\/media?parent=12954"}],"wp:term":[{"taxonomy":"category","embeddable":true,"href":"https:\/\/abrelivros.org.br\/site\/wp-json\/wp\/v2\/categories?post=12954"},{"taxonomy":"post_tag","embeddable":true,"href":"https:\/\/abrelivros.org.br\/site\/wp-json\/wp\/v2\/tags?post=12954"}],"curies":[{"name":"wp","href":"https:\/\/api.w.org\/{rel}","templated":true}]}}