{"id":12951,"date":"2021-01-12T15:02:44","date_gmt":"2021-01-12T18:02:44","guid":{"rendered":"https:\/\/abrelivros.org.br\/site\/?p=12951"},"modified":"2021-01-12T15:03:53","modified_gmt":"2021-01-12T18:03:53","slug":"juventude-e-trabalho-educar-melhor-para-um-mundo-incerto","status":"publish","type":"post","link":"https:\/\/abrelivros.org.br\/site\/juventude-e-trabalho-educar-melhor-para-um-mundo-incerto\/","title":{"rendered":"Juventude e trabalho, educar melhor para um mundo incerto"},"content":{"rendered":"<p>Em meio \u00e0 pandemia, somos inundados a cada dia por uma torrente de m\u00e1s not\u00edcias sobre o pa\u00eds. Uma delas, de h\u00e1 cerca de um m\u00eas, veio do IBGE, referindo-se ao desemprego de jovens de 18 a 24 anos, no terceiro trimestre de 2020, da ordem de 31,4%, a maior taxa hist\u00f3rica com a atual metodologia, iniciada em 2012. A taxa geral foi de 14,6%.<!--more--><\/p>\n<p>Naturalmente, num contexto de redu\u00e7\u00e3o geral de postos de trabalho, a falta de experi\u00eancia penaliza mais essa faixa et\u00e1ria, o que ali\u00e1s ocorria mesmo antes da presente crise. Mas a pergunta que fica \u00e9: como evitar que venha a ocorrer, no mundo p\u00f3s-Covid, uma diferen\u00e7a t\u00e3o grande como essa?<\/p>\n<p>E h\u00e1 a\u00ed possibilidades de pol\u00edticas p\u00fablicas que se complementam: melhorar a forma\u00e7\u00e3o dos jovens e promover op\u00e7\u00f5es de trabalho compat\u00edveis com o s\u00e9culo em que vivemos, em que, com o advento da intelig\u00eancia artificial, m\u00e1quinas substituem trabalho humano, inclusive aquele que demanda compet\u00eancias cognitivas.<\/p>\n<p>H\u00e1 muito o que pode ser feito para melhorar a educa\u00e7\u00e3o da juventude para assegurar-lhe maior empregabilidade e um sentido de prop\u00f3sito em sua rela\u00e7\u00e3o com o trabalho. Discutimos muito esse tema, num mundo anterior \u00e0 Covid, em 2018, quando integrei a Comiss\u00e3o Global sobre o Futuro do Trabalho da OIT \u2014e a abordagem ainda se mant\u00e9m.<\/p>\n<p>Foi, nesse sentido, uma boa surpresa ler o excelente trabalho do grupo Ita\u00fa Educa\u00e7\u00e3o e Trabalho, &#8220;Educa\u00e7\u00e3o Profissional e Tecnol\u00f3gica Emancipat\u00f3ria, Juventudes e Trabalho&#8221;, que mostra como o fato de o Brasil ter criado um novo ensino m\u00e9dio, com cinco itiner\u00e1rios formativos, um deles o ensino profissional, permitiu que se olhasse para esta modalidade como parte integrante da educa\u00e7\u00e3o b\u00e1sica. Al\u00e9m disso, a recente Base Nacional Comum Curricular trabalha, j\u00e1 no fundamental 2, com o projeto de vida do aluno, o que o leva a estabelecer uma conex\u00e3o com o mundo do trabalho, construindo, dessa forma, um sentido de prop\u00f3sito. No ensino m\u00e9dio, isso pode ser aprofundado, e, dada a permeabilidade dos itiner\u00e1rios formativos, alguma experimenta\u00e7\u00e3o com cursos curtos que profissionalizem pode acontecer, mesmo que n\u00e3o seja essa a trajet\u00f3ria selecionada pelo aluno.<\/p>\n<p>As habilidades previstas na BNCC s\u00e3o, para completar, mais adequadas para o que demanda o s\u00e9culo 21 como empreendedorismo, pensamento sist\u00eamico, autonomia para aprender, resolu\u00e7\u00e3o colaborativa de problemas com criatividade. Mesmo assim, ser\u00e1 importante estabelecer maior parceria com o setor produtivo e investir numa forma\u00e7\u00e3o de professores para um ensino menos tradicional. O desafio ser\u00e1 grande, mas os primeiros passos j\u00e1 foram trilhados, como mostra o documento.<\/p>\n<p><em>Claudia Costin &#8211; Diretora do Centro de Excel\u00eancia e Inova\u00e7\u00e3o em Pol\u00edticas Educacionais, da FGV, e ex-diretora de educa\u00e7\u00e3o do Banco Mundial.<\/em><\/p>\n","protected":false},"excerpt":{"rendered":"<p>Em meio \u00e0 pandemia, somos inundados a cada dia por uma torrente de m\u00e1s not\u00edcias sobre o pa\u00eds. Uma delas, de h\u00e1 cerca de um m\u00eas, veio do IBGE, referindo-se ao desemprego de jovens de 18 a 24 anos, no terceiro trimestre de 2020, da ordem de 31,4%, a maior taxa hist\u00f3rica com a atual [&hellip;]<\/p>\n","protected":false},"author":4,"featured_media":0,"comment_status":"closed","ping_status":"closed","sticky":false,"template":"","format":"standard","meta":{"footnotes":"","_links_to":"","_links_to_target":""},"categories":[9],"tags":[],"class_list":["post-12951","post","type-post","status-publish","format-standard","hentry","category-noticias-da-imprensa"],"yoast_head":"<!-- This site is optimized with the Yoast SEO plugin v15.1 - https:\/\/yoast.com\/wordpress\/plugins\/seo\/ -->\n<title>Juventude e trabalho, educar melhor para um mundo incerto &raquo; Abrelivros<\/title>\n<meta name=\"robots\" content=\"index, follow, max-snippet:-1, max-image-preview:large, max-video-preview:-1\" \/>\n<link rel=\"canonical\" href=\"https:\/\/abrelivros.org.br\/site\/juventude-e-trabalho-educar-melhor-para-um-mundo-incerto\/\" \/>\n<meta property=\"og:locale\" content=\"pt_BR\" \/>\n<meta property=\"og:type\" content=\"article\" \/>\n<meta property=\"og:title\" content=\"Juventude e trabalho, educar melhor para um mundo incerto &raquo; Abrelivros\" \/>\n<meta property=\"og:description\" content=\"Em meio \u00e0 pandemia, somos inundados a cada dia por uma torrente de m\u00e1s not\u00edcias sobre o pa\u00eds. Uma delas, de h\u00e1 cerca de um m\u00eas, veio do IBGE, referindo-se ao desemprego de jovens de 18 a 24 anos, no terceiro trimestre de 2020, da ordem de 31,4%, a maior taxa hist\u00f3rica com a atual [&hellip;]\" \/>\n<meta property=\"og:url\" content=\"https:\/\/abrelivros.org.br\/site\/juventude-e-trabalho-educar-melhor-para-um-mundo-incerto\/\" \/>\n<meta property=\"og:site_name\" content=\"Abrelivros\" \/>\n<meta property=\"article:published_time\" content=\"2021-01-12T18:02:44+00:00\" \/>\n<meta property=\"article:modified_time\" content=\"2021-01-12T18:03:53+00:00\" \/>\n<meta name=\"twitter:card\" content=\"summary_large_image\" \/>\n<script type=\"application\/ld+json\" class=\"yoast-schema-graph\">{\"@context\":\"https:\/\/schema.org\",\"@graph\":[{\"@type\":\"WebSite\",\"@id\":\"https:\/\/abrelivros.org.br\/site\/#website\",\"url\":\"https:\/\/abrelivros.org.br\/site\/\",\"name\":\"Abrelivros\",\"description\":\"\",\"potentialAction\":[{\"@type\":\"SearchAction\",\"target\":\"https:\/\/abrelivros.org.br\/site\/?s={search_term_string}\",\"query-input\":\"required name=search_term_string\"}],\"inLanguage\":\"pt-BR\"},{\"@type\":\"WebPage\",\"@id\":\"https:\/\/abrelivros.org.br\/site\/juventude-e-trabalho-educar-melhor-para-um-mundo-incerto\/#webpage\",\"url\":\"https:\/\/abrelivros.org.br\/site\/juventude-e-trabalho-educar-melhor-para-um-mundo-incerto\/\",\"name\":\"Juventude e trabalho, educar melhor para um mundo incerto &raquo; Abrelivros\",\"isPartOf\":{\"@id\":\"https:\/\/abrelivros.org.br\/site\/#website\"},\"datePublished\":\"2021-01-12T18:02:44+00:00\",\"dateModified\":\"2021-01-12T18:03:53+00:00\",\"author\":{\"@id\":\"https:\/\/abrelivros.org.br\/site\/#\/schema\/person\/65db80e26409802ce15ac5feec6a15fd\"},\"breadcrumb\":{\"@id\":\"https:\/\/abrelivros.org.br\/site\/juventude-e-trabalho-educar-melhor-para-um-mundo-incerto\/#breadcrumb\"},\"inLanguage\":\"pt-BR\",\"potentialAction\":[{\"@type\":\"ReadAction\",\"target\":[\"https:\/\/abrelivros.org.br\/site\/juventude-e-trabalho-educar-melhor-para-um-mundo-incerto\/\"]}]},{\"@type\":\"BreadcrumbList\",\"@id\":\"https:\/\/abrelivros.org.br\/site\/juventude-e-trabalho-educar-melhor-para-um-mundo-incerto\/#breadcrumb\",\"itemListElement\":[{\"@type\":\"ListItem\",\"position\":1,\"item\":{\"@type\":\"WebPage\",\"@id\":\"https:\/\/abrelivros.org.br\/site\/\",\"url\":\"https:\/\/abrelivros.org.br\/site\/\",\"name\":\"In\\u00edcio\"}},{\"@type\":\"ListItem\",\"position\":2,\"item\":{\"@type\":\"WebPage\",\"@id\":\"https:\/\/abrelivros.org.br\/site\/category\/noticias\/\",\"url\":\"https:\/\/abrelivros.org.br\/site\/category\/noticias\/\",\"name\":\"Not\\u00edcias\"}},{\"@type\":\"ListItem\",\"position\":3,\"item\":{\"@type\":\"WebPage\",\"@id\":\"https:\/\/abrelivros.org.br\/site\/category\/noticias\/noticias-da-imprensa\/\",\"url\":\"https:\/\/abrelivros.org.br\/site\/category\/noticias\/noticias-da-imprensa\/\",\"name\":\"Not\\u00edcias da imprensa\"}},{\"@type\":\"ListItem\",\"position\":4,\"item\":{\"@type\":\"WebPage\",\"@id\":\"https:\/\/abrelivros.org.br\/site\/juventude-e-trabalho-educar-melhor-para-um-mundo-incerto\/\",\"url\":\"https:\/\/abrelivros.org.br\/site\/juventude-e-trabalho-educar-melhor-para-um-mundo-incerto\/\",\"name\":\"Juventude e trabalho, educar melhor para um mundo incerto\"}}]},{\"@type\":\"Person\",\"@id\":\"https:\/\/abrelivros.org.br\/site\/#\/schema\/person\/65db80e26409802ce15ac5feec6a15fd\",\"name\":\"Reda\\u00e7\\u00e3o Abrelivros\",\"image\":{\"@type\":\"ImageObject\",\"@id\":\"https:\/\/abrelivros.org.br\/site\/#personlogo\",\"inLanguage\":\"pt-BR\",\"url\":\"https:\/\/secure.gravatar.com\/avatar\/c4e57f9c7e3482965bd428192061218520756c39080b1d1820b679fa5e9af192?s=96&d=mm&r=g\",\"caption\":\"Reda\\u00e7\\u00e3o Abrelivros\"}}]}<\/script>\n<!-- \/ Yoast SEO plugin. -->","_links":{"self":[{"href":"https:\/\/abrelivros.org.br\/site\/wp-json\/wp\/v2\/posts\/12951","targetHints":{"allow":["GET"]}}],"collection":[{"href":"https:\/\/abrelivros.org.br\/site\/wp-json\/wp\/v2\/posts"}],"about":[{"href":"https:\/\/abrelivros.org.br\/site\/wp-json\/wp\/v2\/types\/post"}],"author":[{"embeddable":true,"href":"https:\/\/abrelivros.org.br\/site\/wp-json\/wp\/v2\/users\/4"}],"replies":[{"embeddable":true,"href":"https:\/\/abrelivros.org.br\/site\/wp-json\/wp\/v2\/comments?post=12951"}],"version-history":[{"count":1,"href":"https:\/\/abrelivros.org.br\/site\/wp-json\/wp\/v2\/posts\/12951\/revisions"}],"predecessor-version":[{"id":12952,"href":"https:\/\/abrelivros.org.br\/site\/wp-json\/wp\/v2\/posts\/12951\/revisions\/12952"}],"wp:attachment":[{"href":"https:\/\/abrelivros.org.br\/site\/wp-json\/wp\/v2\/media?parent=12951"}],"wp:term":[{"taxonomy":"category","embeddable":true,"href":"https:\/\/abrelivros.org.br\/site\/wp-json\/wp\/v2\/categories?post=12951"},{"taxonomy":"post_tag","embeddable":true,"href":"https:\/\/abrelivros.org.br\/site\/wp-json\/wp\/v2\/tags?post=12951"}],"curies":[{"name":"wp","href":"https:\/\/api.w.org\/{rel}","templated":true}]}}