{"id":12949,"date":"2021-01-11T16:06:51","date_gmt":"2021-01-11T19:06:51","guid":{"rendered":"https:\/\/abrelivros.org.br\/site\/?p=12949"},"modified":"2021-01-11T16:22:24","modified_gmt":"2021-01-11T19:22:24","slug":"papel-mais-caro-deve-empurrar-preco-dos-livros-para-cima-dizem-editoras","status":"publish","type":"post","link":"https:\/\/abrelivros.org.br\/site\/papel-mais-caro-deve-empurrar-preco-dos-livros-para-cima-dizem-editoras\/","title":{"rendered":"Papel mais caro deve empurrar pre\u00e7o dos livros para cima, dizem editoras"},"content":{"rendered":"<p>O aumento consider\u00e1vel do pre\u00e7o do papel neste come\u00e7o de ano pode provocar um encarecimento dos livros, segundo a coluna ouviu de editoras de grande e pequeno porte.<!--more--><\/p>\n<p>A Suzano, empresa dominante no fornecimento de papel e celulose, comunicou a seus parceiros que o papel P\u00f3len, um dos mais populares, sofreria um aumento de 15,5% a partir da pr\u00f3xima semana, enquanto os pap\u00e9is revestidos, mais comuns em livros ilustrados, subiriam 15%.<\/p>\n<p>Em nota, a empresa diz que ao longo de 2020 n\u00e3o promoveu reajustes no pre\u00e7o do papel n\u00e3o revestido e que decidiu, no in\u00edcio da pandemia, \u201cn\u00e3o repassar para os pre\u00e7os praticados no mercado dom\u00e9stico a alta de custos de produ\u00e7\u00e3o, diretamente relacionada \u00e0 r\u00e1pida desvaloriza\u00e7\u00e3o do real frente ao d\u00f3lar\u201d.<\/p>\n<p>A International Paper, outra empresa relevante no mercado, reajustou seus produtos em 7%, afirmando ter sofrido com a press\u00e3o inflacion\u00e1ria.<\/p>\n<p>Como contexto, vale lembrar que a demanda nas gr\u00e1ficas est\u00e1 alta, devido a um mercado editorial reaquecido, e que a pandemia aumentou a busca por outros produtos feitos com celulose, como embalagens e papel\u00e3o.<\/p>\n","protected":false},"excerpt":{"rendered":"<p>O aumento consider\u00e1vel do pre\u00e7o do papel neste come\u00e7o de ano pode provocar um encarecimento dos livros, segundo a coluna ouviu de editoras de grande e pequeno porte.<\/p>\n","protected":false},"author":4,"featured_media":0,"comment_status":"closed","ping_status":"closed","sticky":false,"template":"","format":"standard","meta":{"footnotes":"","_links_to":"","_links_to_target":""},"categories":[9],"tags":[],"class_list":["post-12949","post","type-post","status-publish","format-standard","hentry","category-noticias-da-imprensa"],"yoast_head":"<!-- This site is optimized with the Yoast SEO plugin v15.1 - https:\/\/yoast.com\/wordpress\/plugins\/seo\/ -->\n<title>Papel mais caro deve empurrar pre\u00e7o dos livros para cima, dizem editoras &raquo; Abrelivros<\/title>\n<meta name=\"robots\" content=\"index, follow, max-snippet:-1, max-image-preview:large, max-video-preview:-1\" \/>\n<link rel=\"canonical\" href=\"https:\/\/abrelivros.org.br\/site\/papel-mais-caro-deve-empurrar-preco-dos-livros-para-cima-dizem-editoras\/\" \/>\n<meta property=\"og:locale\" content=\"pt_BR\" \/>\n<meta property=\"og:type\" content=\"article\" \/>\n<meta property=\"og:title\" content=\"Papel mais caro deve empurrar pre\u00e7o dos livros para cima, dizem editoras &raquo; Abrelivros\" \/>\n<meta property=\"og:description\" content=\"O aumento consider\u00e1vel do pre\u00e7o do papel neste come\u00e7o de ano pode provocar um encarecimento dos livros, segundo a coluna ouviu de editoras de grande e pequeno porte.\" \/>\n<meta property=\"og:url\" content=\"https:\/\/abrelivros.org.br\/site\/papel-mais-caro-deve-empurrar-preco-dos-livros-para-cima-dizem-editoras\/\" \/>\n<meta property=\"og:site_name\" content=\"Abrelivros\" \/>\n<meta property=\"article:published_time\" content=\"2021-01-11T19:06:51+00:00\" \/>\n<meta property=\"article:modified_time\" content=\"2021-01-11T19:22:24+00:00\" \/>\n<meta name=\"twitter:card\" content=\"summary_large_image\" \/>\n<script type=\"application\/ld+json\" class=\"yoast-schema-graph\">{\"@context\":\"https:\/\/schema.org\",\"@graph\":[{\"@type\":\"WebSite\",\"@id\":\"https:\/\/abrelivros.org.br\/site\/#website\",\"url\":\"https:\/\/abrelivros.org.br\/site\/\",\"name\":\"Abrelivros\",\"description\":\"\",\"potentialAction\":[{\"@type\":\"SearchAction\",\"target\":\"https:\/\/abrelivros.org.br\/site\/?s={search_term_string}\",\"query-input\":\"required name=search_term_string\"}],\"inLanguage\":\"pt-BR\"},{\"@type\":\"WebPage\",\"@id\":\"https:\/\/abrelivros.org.br\/site\/papel-mais-caro-deve-empurrar-preco-dos-livros-para-cima-dizem-editoras\/#webpage\",\"url\":\"https:\/\/abrelivros.org.br\/site\/papel-mais-caro-deve-empurrar-preco-dos-livros-para-cima-dizem-editoras\/\",\"name\":\"Papel mais caro deve empurrar pre\\u00e7o dos livros para cima, dizem editoras &raquo; Abrelivros\",\"isPartOf\":{\"@id\":\"https:\/\/abrelivros.org.br\/site\/#website\"},\"datePublished\":\"2021-01-11T19:06:51+00:00\",\"dateModified\":\"2021-01-11T19:22:24+00:00\",\"author\":{\"@id\":\"https:\/\/abrelivros.org.br\/site\/#\/schema\/person\/65db80e26409802ce15ac5feec6a15fd\"},\"breadcrumb\":{\"@id\":\"https:\/\/abrelivros.org.br\/site\/papel-mais-caro-deve-empurrar-preco-dos-livros-para-cima-dizem-editoras\/#breadcrumb\"},\"inLanguage\":\"pt-BR\",\"potentialAction\":[{\"@type\":\"ReadAction\",\"target\":[\"https:\/\/abrelivros.org.br\/site\/papel-mais-caro-deve-empurrar-preco-dos-livros-para-cima-dizem-editoras\/\"]}]},{\"@type\":\"BreadcrumbList\",\"@id\":\"https:\/\/abrelivros.org.br\/site\/papel-mais-caro-deve-empurrar-preco-dos-livros-para-cima-dizem-editoras\/#breadcrumb\",\"itemListElement\":[{\"@type\":\"ListItem\",\"position\":1,\"item\":{\"@type\":\"WebPage\",\"@id\":\"https:\/\/abrelivros.org.br\/site\/\",\"url\":\"https:\/\/abrelivros.org.br\/site\/\",\"name\":\"In\\u00edcio\"}},{\"@type\":\"ListItem\",\"position\":2,\"item\":{\"@type\":\"WebPage\",\"@id\":\"https:\/\/abrelivros.org.br\/site\/category\/noticias\/\",\"url\":\"https:\/\/abrelivros.org.br\/site\/category\/noticias\/\",\"name\":\"Not\\u00edcias\"}},{\"@type\":\"ListItem\",\"position\":3,\"item\":{\"@type\":\"WebPage\",\"@id\":\"https:\/\/abrelivros.org.br\/site\/category\/noticias\/noticias-da-imprensa\/\",\"url\":\"https:\/\/abrelivros.org.br\/site\/category\/noticias\/noticias-da-imprensa\/\",\"name\":\"Not\\u00edcias da imprensa\"}},{\"@type\":\"ListItem\",\"position\":4,\"item\":{\"@type\":\"WebPage\",\"@id\":\"https:\/\/abrelivros.org.br\/site\/papel-mais-caro-deve-empurrar-preco-dos-livros-para-cima-dizem-editoras\/\",\"url\":\"https:\/\/abrelivros.org.br\/site\/papel-mais-caro-deve-empurrar-preco-dos-livros-para-cima-dizem-editoras\/\",\"name\":\"Papel mais caro deve empurrar pre\\u00e7o dos livros para cima, dizem editoras\"}}]},{\"@type\":\"Person\",\"@id\":\"https:\/\/abrelivros.org.br\/site\/#\/schema\/person\/65db80e26409802ce15ac5feec6a15fd\",\"name\":\"Reda\\u00e7\\u00e3o Abrelivros\",\"image\":{\"@type\":\"ImageObject\",\"@id\":\"https:\/\/abrelivros.org.br\/site\/#personlogo\",\"inLanguage\":\"pt-BR\",\"url\":\"https:\/\/secure.gravatar.com\/avatar\/c4e57f9c7e3482965bd428192061218520756c39080b1d1820b679fa5e9af192?s=96&d=mm&r=g\",\"caption\":\"Reda\\u00e7\\u00e3o Abrelivros\"}}]}<\/script>\n<!-- \/ Yoast SEO plugin. -->","_links":{"self":[{"href":"https:\/\/abrelivros.org.br\/site\/wp-json\/wp\/v2\/posts\/12949","targetHints":{"allow":["GET"]}}],"collection":[{"href":"https:\/\/abrelivros.org.br\/site\/wp-json\/wp\/v2\/posts"}],"about":[{"href":"https:\/\/abrelivros.org.br\/site\/wp-json\/wp\/v2\/types\/post"}],"author":[{"embeddable":true,"href":"https:\/\/abrelivros.org.br\/site\/wp-json\/wp\/v2\/users\/4"}],"replies":[{"embeddable":true,"href":"https:\/\/abrelivros.org.br\/site\/wp-json\/wp\/v2\/comments?post=12949"}],"version-history":[{"count":1,"href":"https:\/\/abrelivros.org.br\/site\/wp-json\/wp\/v2\/posts\/12949\/revisions"}],"predecessor-version":[{"id":12950,"href":"https:\/\/abrelivros.org.br\/site\/wp-json\/wp\/v2\/posts\/12949\/revisions\/12950"}],"wp:attachment":[{"href":"https:\/\/abrelivros.org.br\/site\/wp-json\/wp\/v2\/media?parent=12949"}],"wp:term":[{"taxonomy":"category","embeddable":true,"href":"https:\/\/abrelivros.org.br\/site\/wp-json\/wp\/v2\/categories?post=12949"},{"taxonomy":"post_tag","embeddable":true,"href":"https:\/\/abrelivros.org.br\/site\/wp-json\/wp\/v2\/tags?post=12949"}],"curies":[{"name":"wp","href":"https:\/\/api.w.org\/{rel}","templated":true}]}}