{"id":12933,"date":"2021-01-07T16:39:43","date_gmt":"2021-01-07T19:39:43","guid":{"rendered":"https:\/\/abrelivros.org.br\/site\/?p=12933"},"modified":"2021-01-08T16:45:53","modified_gmt":"2021-01-08T19:45:53","slug":"dia-do-leitor-conheca-os-projetos-do-mec-que-estimulam-a-leitura","status":"publish","type":"post","link":"https:\/\/abrelivros.org.br\/site\/dia-do-leitor-conheca-os-projetos-do-mec-que-estimulam-a-leitura\/","title":{"rendered":"Dia do Leitor: conhe\u00e7a os projetos do MEC que estimulam a leitura"},"content":{"rendered":"<p>O Dia do Leitor, comemorado no dia 07 de janeiro, \u00e9 uma \u00f3tima oportunidade para come\u00e7ar a praticar a leitura. Com o intuito de preparar bons leitores para o futuro, o Minist\u00e9rio da Educa\u00e7\u00e3o (MEC) oferece aplicativo, cursos, e a\u00e7\u00f5es de apoio \u00e0 alfabetiza\u00e7\u00e3o.<!--more--><\/p>\n<p>A pr\u00e1tica da leitura \u00e9 fundamental para qualquer pessoa, afinal os benef\u00edcios desse h\u00e1bito v\u00e3o al\u00e9m do prazer de ler ou ouvir uma boa hist\u00f3ria, ou de se informar lendo not\u00edcias. Um leitor constante tem um vocabul\u00e1rio amplo, uma boa compreens\u00e3o de textos, um vasto conhecimento de mundo, e certamente uma boa reda\u00e7\u00e3o.<\/p>\n<p>Preparar-se bem para provas como a do Enem, exige uma rotina de leitura, e se essa pr\u00e1tica \u00e9 realizada desde o ber\u00e7o, melhor ainda. A frequ\u00eancia de leitura das crian\u00e7as e jovens est\u00e1 estreitamente associada a um melhor desempenho escolar.<\/p>\n<p>Pensando em todas as vantagens da leitura iniciada desde cedo, o MEC lan\u00e7ou o \u201cConta pra Mim\u201d, cujo objetivo \u00e9 dar ampla divulga\u00e7\u00e3o \u00e0s pr\u00e1ticas de literacia familiar. Alicer\u00e7ado na Pol\u00edtica Nacional de Alfabetiza\u00e7\u00e3o (PNA), o programa j\u00e1 disponibilizou a toda popula\u00e7\u00e3o conte\u00fados que ensinam essas pr\u00e1ticas, livros infantis, v\u00eddeos com can\u00e7\u00f5es infantis populares e com conta\u00e7\u00e3o de hist\u00f3rias.<\/p>\n<p>Al\u00e9m do est\u00edmulo na inf\u00e2ncia, o caminho da aprendizagem da leitura deve ser bem conduzido. Por isso, o programa \u201cTempo de Aprender\u201d, lan\u00e7ado em fevereiro de 2020, contempla, entre outras a\u00e7\u00f5es, o curso on-line \u201cPr\u00e1ticas de Alfabetiza\u00e7\u00e3o\u201d. Voltado aos profissionais que atuam na \u00e1rea da alfabetiza\u00e7\u00e3o, as aulas s\u00e3o din\u00e2micas e apresentam t\u00e9cnicas eficazes para ensinar e ler e escrever.<\/p>\n<p>Ainda sob o programa \u201cTempo de Aprender\u201d, foi lan\u00e7ado o GraphoGame, aplicativo que auxilia os estudantes da pr\u00e9-escola e dos anos iniciais do ensino fundamental a aprender a ler as primeiras letras, s\u00edlabas e palavras, ele possui sons e instru\u00e7\u00f5es em portugu\u00eas. O jogo apresenta uma din\u00e2mica baseada em evid\u00eancias cient\u00edficas, a fim de desenvolver, por exemplo, a ortografia e as habilidades de leitura.<\/p>\n<p>Aproveite todas as a\u00e7\u00f5es disponibilizadas pelo MEC para incentivar a leitura nos pequenos.<\/p>\n<p>Conhe\u00e7a mais sobre os projetos de educa\u00e7\u00e3o por meio do link: <a href=\"http:\/\/alfabetizacao.mec.gov.br\/\">http:\/\/alfabetizacao.mec.gov.br\/<\/a><\/p>\n<p>&nbsp;<\/p>\n","protected":false},"excerpt":{"rendered":"<p>O Dia do Leitor, comemorado no dia 07 de janeiro, \u00e9 uma \u00f3tima oportunidade para come\u00e7ar a praticar a leitura. Com o intuito de preparar bons leitores para o futuro, o Minist\u00e9rio da Educa\u00e7\u00e3o (MEC) oferece aplicativo, cursos, e a\u00e7\u00f5es de apoio \u00e0 alfabetiza\u00e7\u00e3o.<\/p>\n","protected":false},"author":4,"featured_media":0,"comment_status":"closed","ping_status":"closed","sticky":false,"template":"","format":"standard","meta":{"footnotes":"","_links_to":"","_links_to_target":""},"categories":[9],"tags":[],"class_list":["post-12933","post","type-post","status-publish","format-standard","hentry","category-noticias-da-imprensa"],"yoast_head":"<!-- This site is optimized with the Yoast SEO plugin v15.1 - https:\/\/yoast.com\/wordpress\/plugins\/seo\/ -->\n<title>Dia do Leitor: conhe\u00e7a os projetos do MEC que estimulam a leitura &raquo; Abrelivros<\/title>\n<meta name=\"robots\" content=\"index, follow, max-snippet:-1, max-image-preview:large, max-video-preview:-1\" \/>\n<link rel=\"canonical\" href=\"https:\/\/abrelivros.org.br\/site\/dia-do-leitor-conheca-os-projetos-do-mec-que-estimulam-a-leitura\/\" \/>\n<meta property=\"og:locale\" content=\"pt_BR\" \/>\n<meta property=\"og:type\" content=\"article\" \/>\n<meta property=\"og:title\" content=\"Dia do Leitor: conhe\u00e7a os projetos do MEC que estimulam a leitura &raquo; Abrelivros\" \/>\n<meta property=\"og:description\" content=\"O Dia do Leitor, comemorado no dia 07 de janeiro, \u00e9 uma \u00f3tima oportunidade para come\u00e7ar a praticar a leitura. Com o intuito de preparar bons leitores para o futuro, o Minist\u00e9rio da Educa\u00e7\u00e3o (MEC) oferece aplicativo, cursos, e a\u00e7\u00f5es de apoio \u00e0 alfabetiza\u00e7\u00e3o.\" \/>\n<meta property=\"og:url\" content=\"https:\/\/abrelivros.org.br\/site\/dia-do-leitor-conheca-os-projetos-do-mec-que-estimulam-a-leitura\/\" \/>\n<meta property=\"og:site_name\" content=\"Abrelivros\" \/>\n<meta property=\"article:published_time\" content=\"2021-01-07T19:39:43+00:00\" \/>\n<meta property=\"article:modified_time\" content=\"2021-01-08T19:45:53+00:00\" \/>\n<meta name=\"twitter:card\" content=\"summary_large_image\" \/>\n<script type=\"application\/ld+json\" class=\"yoast-schema-graph\">{\"@context\":\"https:\/\/schema.org\",\"@graph\":[{\"@type\":\"WebSite\",\"@id\":\"https:\/\/abrelivros.org.br\/site\/#website\",\"url\":\"https:\/\/abrelivros.org.br\/site\/\",\"name\":\"Abrelivros\",\"description\":\"\",\"potentialAction\":[{\"@type\":\"SearchAction\",\"target\":\"https:\/\/abrelivros.org.br\/site\/?s={search_term_string}\",\"query-input\":\"required name=search_term_string\"}],\"inLanguage\":\"pt-BR\"},{\"@type\":\"WebPage\",\"@id\":\"https:\/\/abrelivros.org.br\/site\/dia-do-leitor-conheca-os-projetos-do-mec-que-estimulam-a-leitura\/#webpage\",\"url\":\"https:\/\/abrelivros.org.br\/site\/dia-do-leitor-conheca-os-projetos-do-mec-que-estimulam-a-leitura\/\",\"name\":\"Dia do Leitor: conhe\\u00e7a os projetos do MEC que estimulam a leitura &raquo; Abrelivros\",\"isPartOf\":{\"@id\":\"https:\/\/abrelivros.org.br\/site\/#website\"},\"datePublished\":\"2021-01-07T19:39:43+00:00\",\"dateModified\":\"2021-01-08T19:45:53+00:00\",\"author\":{\"@id\":\"https:\/\/abrelivros.org.br\/site\/#\/schema\/person\/65db80e26409802ce15ac5feec6a15fd\"},\"breadcrumb\":{\"@id\":\"https:\/\/abrelivros.org.br\/site\/dia-do-leitor-conheca-os-projetos-do-mec-que-estimulam-a-leitura\/#breadcrumb\"},\"inLanguage\":\"pt-BR\",\"potentialAction\":[{\"@type\":\"ReadAction\",\"target\":[\"https:\/\/abrelivros.org.br\/site\/dia-do-leitor-conheca-os-projetos-do-mec-que-estimulam-a-leitura\/\"]}]},{\"@type\":\"BreadcrumbList\",\"@id\":\"https:\/\/abrelivros.org.br\/site\/dia-do-leitor-conheca-os-projetos-do-mec-que-estimulam-a-leitura\/#breadcrumb\",\"itemListElement\":[{\"@type\":\"ListItem\",\"position\":1,\"item\":{\"@type\":\"WebPage\",\"@id\":\"https:\/\/abrelivros.org.br\/site\/\",\"url\":\"https:\/\/abrelivros.org.br\/site\/\",\"name\":\"In\\u00edcio\"}},{\"@type\":\"ListItem\",\"position\":2,\"item\":{\"@type\":\"WebPage\",\"@id\":\"https:\/\/abrelivros.org.br\/site\/category\/noticias\/\",\"url\":\"https:\/\/abrelivros.org.br\/site\/category\/noticias\/\",\"name\":\"Not\\u00edcias\"}},{\"@type\":\"ListItem\",\"position\":3,\"item\":{\"@type\":\"WebPage\",\"@id\":\"https:\/\/abrelivros.org.br\/site\/category\/noticias\/noticias-da-imprensa\/\",\"url\":\"https:\/\/abrelivros.org.br\/site\/category\/noticias\/noticias-da-imprensa\/\",\"name\":\"Not\\u00edcias da imprensa\"}},{\"@type\":\"ListItem\",\"position\":4,\"item\":{\"@type\":\"WebPage\",\"@id\":\"https:\/\/abrelivros.org.br\/site\/dia-do-leitor-conheca-os-projetos-do-mec-que-estimulam-a-leitura\/\",\"url\":\"https:\/\/abrelivros.org.br\/site\/dia-do-leitor-conheca-os-projetos-do-mec-que-estimulam-a-leitura\/\",\"name\":\"Dia do Leitor: conhe\\u00e7a os projetos do MEC que estimulam a leitura\"}}]},{\"@type\":\"Person\",\"@id\":\"https:\/\/abrelivros.org.br\/site\/#\/schema\/person\/65db80e26409802ce15ac5feec6a15fd\",\"name\":\"Reda\\u00e7\\u00e3o Abrelivros\",\"image\":{\"@type\":\"ImageObject\",\"@id\":\"https:\/\/abrelivros.org.br\/site\/#personlogo\",\"inLanguage\":\"pt-BR\",\"url\":\"https:\/\/secure.gravatar.com\/avatar\/c4e57f9c7e3482965bd428192061218520756c39080b1d1820b679fa5e9af192?s=96&d=mm&r=g\",\"caption\":\"Reda\\u00e7\\u00e3o Abrelivros\"}}]}<\/script>\n<!-- \/ Yoast SEO plugin. -->","_links":{"self":[{"href":"https:\/\/abrelivros.org.br\/site\/wp-json\/wp\/v2\/posts\/12933","targetHints":{"allow":["GET"]}}],"collection":[{"href":"https:\/\/abrelivros.org.br\/site\/wp-json\/wp\/v2\/posts"}],"about":[{"href":"https:\/\/abrelivros.org.br\/site\/wp-json\/wp\/v2\/types\/post"}],"author":[{"embeddable":true,"href":"https:\/\/abrelivros.org.br\/site\/wp-json\/wp\/v2\/users\/4"}],"replies":[{"embeddable":true,"href":"https:\/\/abrelivros.org.br\/site\/wp-json\/wp\/v2\/comments?post=12933"}],"version-history":[{"count":1,"href":"https:\/\/abrelivros.org.br\/site\/wp-json\/wp\/v2\/posts\/12933\/revisions"}],"predecessor-version":[{"id":12934,"href":"https:\/\/abrelivros.org.br\/site\/wp-json\/wp\/v2\/posts\/12933\/revisions\/12934"}],"wp:attachment":[{"href":"https:\/\/abrelivros.org.br\/site\/wp-json\/wp\/v2\/media?parent=12933"}],"wp:term":[{"taxonomy":"category","embeddable":true,"href":"https:\/\/abrelivros.org.br\/site\/wp-json\/wp\/v2\/categories?post=12933"},{"taxonomy":"post_tag","embeddable":true,"href":"https:\/\/abrelivros.org.br\/site\/wp-json\/wp\/v2\/tags?post=12933"}],"curies":[{"name":"wp","href":"https:\/\/api.w.org\/{rel}","templated":true}]}}