{"id":12931,"date":"2021-01-06T10:05:16","date_gmt":"2021-01-06T13:05:16","guid":{"rendered":"https:\/\/abrelivros.org.br\/site\/?p=12931"},"modified":"2021-01-07T10:06:48","modified_gmt":"2021-01-07T13:06:48","slug":"fnde-inicia-processo-de-contratacao-de-materiais-didaticos-acessiveis-para-estudantes-e-professores-do-6-ao-9-ano","status":"publish","type":"post","link":"https:\/\/abrelivros.org.br\/site\/fnde-inicia-processo-de-contratacao-de-materiais-didaticos-acessiveis-para-estudantes-e-professores-do-6-ao-9-ano\/","title":{"rendered":"FNDE inicia processo de contrata\u00e7\u00e3o de materiais did\u00e1ticos acess\u00edveis para estudantes e professores do 6\u00b0 ao 9\u00b0 ano"},"content":{"rendered":"<p>FNDE inicia processo de contrata\u00e7\u00e3o de materiais did\u00e1ticos acess\u00edveis para estudantes e professores do 6\u00b0 ao 9\u00b0 ano. Produtores habilitados e contratados fornecer\u00e3o as mesmas obras escolhidas por cada escola p\u00fablica em formatos braille e EPUB3.<!--more--><\/p>\n<p>O Programa Nacional do Livro e Material Did\u00e1tico (PNLD) deu in\u00edcio ao processo de contrata\u00e7\u00e3o das empresas fornecedoras dos formatos acess\u00edveis das obras did\u00e1ticas adquiridas no \u00e2mbito do PNLD 2020, destinadas aos estudantes e professores dos anos finais do ensino fundamental (6\u00ba ao 9\u00ba ano) das escolas da educa\u00e7\u00e3o b\u00e1sica p\u00fablica. Os produtores habilitados e contratados fornecer\u00e3o as mesmas obras escolhidas por cada escola p\u00fablica em formatos braille e EPUB3.<\/p>\n<p>Gerenciado pelo Fundo Nacional de Desenvolvimento da Educa\u00e7\u00e3o (FNDE), o PNLD disponibiliza ferramentas fundamentais para apoiar a forma\u00e7\u00e3o do estudante da educa\u00e7\u00e3o b\u00e1sica nas escolas p\u00fablicas das redes federal, estaduais, municipais e distrital. Entre os objetivos do programa, encontram-se a democratiza\u00e7\u00e3o do acesso \u00e0s fontes de informa\u00e7\u00e3o e cultura, o fomento \u00e0 leitura e o est\u00edmulo \u00e0 atitude investigativa dos estudantes.<\/p>\n<p>Acessibilidade \u2013 O PNLD garante que estudantes cegos, surdocegos e com baixa vis\u00e3o matriculados em escolas p\u00fablicas tenham pleno acesso ao conte\u00fado. A distribui\u00e7\u00e3o dos exemplares \u00e9 realizada com base nas matr\u00edculas informadas no censo escolar do ano anterior. Os livros acess\u00edveis n\u00e3o s\u00e3o de uso \u00fanico, portanto podem ser utilizados por outro aluno no ano seguinte.<\/p>\n<p>Investimento \u2013 Em 2020, para disponibiliza\u00e7\u00e3o de livros acess\u00edveis em formato Braille e EPUB \u00e0s escolas p\u00fablicas brasileiras, foram investidos mais de R$ 15 milh\u00f5es. Ser\u00e3o atendidos cerca de 2 mil estudantes cegos e surdocegos e mais de 46 mil alunos com baixa vis\u00e3o com o material acess\u00edvel.<\/p>\n<p>&nbsp;<\/p>\n","protected":false},"excerpt":{"rendered":"<p>FNDE inicia processo de contrata\u00e7\u00e3o de materiais did\u00e1ticos acess\u00edveis para estudantes e professores do 6\u00b0 ao 9\u00b0 ano. Produtores habilitados e contratados fornecer\u00e3o as mesmas obras escolhidas por cada escola p\u00fablica em formatos braille e EPUB3.<\/p>\n","protected":false},"author":4,"featured_media":0,"comment_status":"closed","ping_status":"closed","sticky":false,"template":"","format":"standard","meta":{"footnotes":"","_links_to":"","_links_to_target":""},"categories":[9,10],"tags":[],"class_list":["post-12931","post","type-post","status-publish","format-standard","hentry","category-noticias-da-imprensa","category-pnld-programa-nacional-do-livro-e-do-material-didatico"],"yoast_head":"<!-- This site is optimized with the Yoast SEO plugin v15.1 - https:\/\/yoast.com\/wordpress\/plugins\/seo\/ -->\n<title>FNDE inicia processo de contrata\u00e7\u00e3o de materiais did\u00e1ticos acess\u00edveis para estudantes e professores do 6\u00b0 ao 9\u00b0 ano &raquo; Abrelivros<\/title>\n<meta name=\"robots\" content=\"index, follow, max-snippet:-1, max-image-preview:large, max-video-preview:-1\" \/>\n<link rel=\"canonical\" href=\"https:\/\/abrelivros.org.br\/site\/fnde-inicia-processo-de-contratacao-de-materiais-didaticos-acessiveis-para-estudantes-e-professores-do-6-ao-9-ano\/\" \/>\n<meta property=\"og:locale\" content=\"pt_BR\" \/>\n<meta property=\"og:type\" content=\"article\" \/>\n<meta property=\"og:title\" content=\"FNDE inicia processo de contrata\u00e7\u00e3o de materiais did\u00e1ticos acess\u00edveis para estudantes e professores do 6\u00b0 ao 9\u00b0 ano &raquo; Abrelivros\" \/>\n<meta property=\"og:description\" content=\"FNDE inicia processo de contrata\u00e7\u00e3o de materiais did\u00e1ticos acess\u00edveis para estudantes e professores do 6\u00b0 ao 9\u00b0 ano. Produtores habilitados e contratados fornecer\u00e3o as mesmas obras escolhidas por cada escola p\u00fablica em formatos braille e EPUB3.\" \/>\n<meta property=\"og:url\" content=\"https:\/\/abrelivros.org.br\/site\/fnde-inicia-processo-de-contratacao-de-materiais-didaticos-acessiveis-para-estudantes-e-professores-do-6-ao-9-ano\/\" \/>\n<meta property=\"og:site_name\" content=\"Abrelivros\" \/>\n<meta property=\"article:published_time\" content=\"2021-01-06T13:05:16+00:00\" \/>\n<meta property=\"article:modified_time\" content=\"2021-01-07T13:06:48+00:00\" \/>\n<meta name=\"twitter:card\" content=\"summary_large_image\" \/>\n<script type=\"application\/ld+json\" class=\"yoast-schema-graph\">{\"@context\":\"https:\/\/schema.org\",\"@graph\":[{\"@type\":\"WebSite\",\"@id\":\"https:\/\/abrelivros.org.br\/site\/#website\",\"url\":\"https:\/\/abrelivros.org.br\/site\/\",\"name\":\"Abrelivros\",\"description\":\"\",\"potentialAction\":[{\"@type\":\"SearchAction\",\"target\":\"https:\/\/abrelivros.org.br\/site\/?s={search_term_string}\",\"query-input\":\"required name=search_term_string\"}],\"inLanguage\":\"pt-BR\"},{\"@type\":\"WebPage\",\"@id\":\"https:\/\/abrelivros.org.br\/site\/fnde-inicia-processo-de-contratacao-de-materiais-didaticos-acessiveis-para-estudantes-e-professores-do-6-ao-9-ano\/#webpage\",\"url\":\"https:\/\/abrelivros.org.br\/site\/fnde-inicia-processo-de-contratacao-de-materiais-didaticos-acessiveis-para-estudantes-e-professores-do-6-ao-9-ano\/\",\"name\":\"FNDE inicia processo de contrata\\u00e7\\u00e3o de materiais did\\u00e1ticos acess\\u00edveis para estudantes e professores do 6\\u00b0 ao 9\\u00b0 ano &raquo; Abrelivros\",\"isPartOf\":{\"@id\":\"https:\/\/abrelivros.org.br\/site\/#website\"},\"datePublished\":\"2021-01-06T13:05:16+00:00\",\"dateModified\":\"2021-01-07T13:06:48+00:00\",\"author\":{\"@id\":\"https:\/\/abrelivros.org.br\/site\/#\/schema\/person\/65db80e26409802ce15ac5feec6a15fd\"},\"breadcrumb\":{\"@id\":\"https:\/\/abrelivros.org.br\/site\/fnde-inicia-processo-de-contratacao-de-materiais-didaticos-acessiveis-para-estudantes-e-professores-do-6-ao-9-ano\/#breadcrumb\"},\"inLanguage\":\"pt-BR\",\"potentialAction\":[{\"@type\":\"ReadAction\",\"target\":[\"https:\/\/abrelivros.org.br\/site\/fnde-inicia-processo-de-contratacao-de-materiais-didaticos-acessiveis-para-estudantes-e-professores-do-6-ao-9-ano\/\"]}]},{\"@type\":\"BreadcrumbList\",\"@id\":\"https:\/\/abrelivros.org.br\/site\/fnde-inicia-processo-de-contratacao-de-materiais-didaticos-acessiveis-para-estudantes-e-professores-do-6-ao-9-ano\/#breadcrumb\",\"itemListElement\":[{\"@type\":\"ListItem\",\"position\":1,\"item\":{\"@type\":\"WebPage\",\"@id\":\"https:\/\/abrelivros.org.br\/site\/\",\"url\":\"https:\/\/abrelivros.org.br\/site\/\",\"name\":\"In\\u00edcio\"}},{\"@type\":\"ListItem\",\"position\":2,\"item\":{\"@type\":\"WebPage\",\"@id\":\"https:\/\/abrelivros.org.br\/site\/category\/noticias\/\",\"url\":\"https:\/\/abrelivros.org.br\/site\/category\/noticias\/\",\"name\":\"Not\\u00edcias\"}},{\"@type\":\"ListItem\",\"position\":3,\"item\":{\"@type\":\"WebPage\",\"@id\":\"https:\/\/abrelivros.org.br\/site\/category\/noticias\/noticias-da-imprensa\/\",\"url\":\"https:\/\/abrelivros.org.br\/site\/category\/noticias\/noticias-da-imprensa\/\",\"name\":\"Not\\u00edcias da imprensa\"}},{\"@type\":\"ListItem\",\"position\":4,\"item\":{\"@type\":\"WebPage\",\"@id\":\"https:\/\/abrelivros.org.br\/site\/fnde-inicia-processo-de-contratacao-de-materiais-didaticos-acessiveis-para-estudantes-e-professores-do-6-ao-9-ano\/\",\"url\":\"https:\/\/abrelivros.org.br\/site\/fnde-inicia-processo-de-contratacao-de-materiais-didaticos-acessiveis-para-estudantes-e-professores-do-6-ao-9-ano\/\",\"name\":\"FNDE inicia processo de contrata\\u00e7\\u00e3o de materiais did\\u00e1ticos acess\\u00edveis para estudantes e professores do 6\\u00b0 ao 9\\u00b0 ano\"}}]},{\"@type\":\"Person\",\"@id\":\"https:\/\/abrelivros.org.br\/site\/#\/schema\/person\/65db80e26409802ce15ac5feec6a15fd\",\"name\":\"Reda\\u00e7\\u00e3o Abrelivros\",\"image\":{\"@type\":\"ImageObject\",\"@id\":\"https:\/\/abrelivros.org.br\/site\/#personlogo\",\"inLanguage\":\"pt-BR\",\"url\":\"https:\/\/secure.gravatar.com\/avatar\/c4e57f9c7e3482965bd428192061218520756c39080b1d1820b679fa5e9af192?s=96&d=mm&r=g\",\"caption\":\"Reda\\u00e7\\u00e3o Abrelivros\"}}]}<\/script>\n<!-- \/ Yoast SEO plugin. -->","_links":{"self":[{"href":"https:\/\/abrelivros.org.br\/site\/wp-json\/wp\/v2\/posts\/12931","targetHints":{"allow":["GET"]}}],"collection":[{"href":"https:\/\/abrelivros.org.br\/site\/wp-json\/wp\/v2\/posts"}],"about":[{"href":"https:\/\/abrelivros.org.br\/site\/wp-json\/wp\/v2\/types\/post"}],"author":[{"embeddable":true,"href":"https:\/\/abrelivros.org.br\/site\/wp-json\/wp\/v2\/users\/4"}],"replies":[{"embeddable":true,"href":"https:\/\/abrelivros.org.br\/site\/wp-json\/wp\/v2\/comments?post=12931"}],"version-history":[{"count":1,"href":"https:\/\/abrelivros.org.br\/site\/wp-json\/wp\/v2\/posts\/12931\/revisions"}],"predecessor-version":[{"id":12932,"href":"https:\/\/abrelivros.org.br\/site\/wp-json\/wp\/v2\/posts\/12931\/revisions\/12932"}],"wp:attachment":[{"href":"https:\/\/abrelivros.org.br\/site\/wp-json\/wp\/v2\/media?parent=12931"}],"wp:term":[{"taxonomy":"category","embeddable":true,"href":"https:\/\/abrelivros.org.br\/site\/wp-json\/wp\/v2\/categories?post=12931"},{"taxonomy":"post_tag","embeddable":true,"href":"https:\/\/abrelivros.org.br\/site\/wp-json\/wp\/v2\/tags?post=12931"}],"curies":[{"name":"wp","href":"https:\/\/api.w.org\/{rel}","templated":true}]}}