{"id":12923,"date":"2021-01-06T16:06:12","date_gmt":"2021-01-06T19:06:12","guid":{"rendered":"https:\/\/abrelivros.org.br\/site\/?p=12923"},"modified":"2021-01-06T16:06:12","modified_gmt":"2021-01-06T19:06:12","slug":"o-mec-de-bolsonaro","status":"publish","type":"post","link":"https:\/\/abrelivros.org.br\/site\/o-mec-de-bolsonaro\/","title":{"rendered":"O MEC de Bolsonaro"},"content":{"rendered":"<p>Minist\u00e9rio da Educa\u00e7\u00e3o do atual presidente escolheu o caminho do conflito e da omiss\u00e3o. Em dois anos, houve quatro ministros da Educa\u00e7\u00e3o, in\u00fameras confus\u00f5es e uma completa aus\u00eancia do governo federal na discuss\u00e3o de pol\u00edticas p\u00fablicas educacionais.<!--more--><\/p>\n<p>O governo de Jair Bolsonaro \u00e9 inepto em muitos campos, mas sua in\u00e9pcia \u00e9 especialmente gritante em uma \u00e1rea: a educa\u00e7\u00e3o. Em dois anos, houve quatro ministros da Educa\u00e7\u00e3o, in\u00fameras confus\u00f5es e uma completa aus\u00eancia do governo federal na discuss\u00e3o de pol\u00edticas p\u00fablicas educacionais. N\u00e3o h\u00e1 como melhorar a nota: \u00e9 sofr\u00edvel a avalia\u00e7\u00e3o da primeira metade do mandato de Jair Bolsonaro em rela\u00e7\u00e3o \u00e0 educa\u00e7\u00e3o.<\/p>\n<p>Chama a aten\u00e7\u00e3o que um presidente eleito com uma agenda reformista, prometendo promover o desenvolvimento social e econ\u00f4mico do Pa\u00eds, tenha transformado o Minist\u00e9rio da Educa\u00e7\u00e3o (MEC) em palco da agenda ideol\u00f3gica e do negacionismo. Em vez de cumprir seu papel de coordena\u00e7\u00e3o e di\u00e1logo com Estados e munic\u00edpios, o MEC de Bolsonaro escolheu o caminho do conflito e da omiss\u00e3o.<\/p>\n<p>Com trajet\u00f3rias profissionais diferentes, Ricardo V\u00e9lez Rodr\u00edguez, Abraham Weintraub, Carlos Alberto Decotelli e Milton Ribeiro t\u00eam uma caracter\u00edstica em comum. At\u00e9 a nomea\u00e7\u00e3o pelo presidente Jair Bolsonaro, nenhum dos quatro tinha experi\u00eancia na administra\u00e7\u00e3o de pol\u00edticas p\u00fablicas educacionais. Como se v\u00ea, o Pal\u00e1cio do Planalto n\u00e3o tem ideia da import\u00e2ncia do MEC, tampouco da complexidade de suas atribui\u00e7\u00f5es.<\/p>\n<p>A inexperi\u00eancia dos ministros da Educa\u00e7\u00e3o n\u00e3o foi, no entanto, o problema mais grave. Essa caracter\u00edstica comum mostrou ser apenas o sintoma de algo mais delet\u00e9rio: o desprezo que o governo de Jair Bolsonaro tem pelo papel do MEC na educa\u00e7\u00e3o do Pa\u00eds.<\/p>\n<p>Isso ficou muito claro, por exemplo, ao longo do tempo em que Abraham Weintraub esteve \u00e0 frente da pasta, de abril de 2019 a junho de 2020. De forma espantosa, o sr. Weintraub dedicou-se a agredir e a desinformar. Conseguiu a proeza de criar problemas diplom\u00e1ticos com a China. Deixou a pasta e o Pa\u00eds \u00e0s pressas, depois de o Supremo mant\u00ea-lo como investigado no inqu\u00e9rito referente a amea\u00e7as contra a Corte. Aquele que era respons\u00e1vel, no plano federal, por orientar e coordenar a forma\u00e7\u00e3o das novas gera\u00e7\u00f5es estava mais preocupado em escapar das consequ\u00eancias da lei.<\/p>\n<p>O substituto de Abraham Weintraub ficou poucos dias no cargo, em raz\u00e3o de inconsist\u00eancias curriculares. Diferentemente do que constava em seu curr\u00edculo Lattes, Carlos Alberto Decotelli n\u00e3o tinha o t\u00edtulo de doutor pela Universidade Nacional de Ros\u00e1rio (Argentina), n\u00e3o era professor da Funda\u00e7\u00e3o Get\u00falio Vargas (FGV) e n\u00e3o fez um p\u00f3s-doutorado na Universidade de Wuppertal (Alemanha). Al\u00e9m disso, foram descobertos ind\u00edcios de pl\u00e1gio em sua disserta\u00e7\u00e3o de mestrado. Era essa a ficha da pessoa escolhida por Jair Bolsonaro para estar \u00e0 frente do MEC.<\/p>\n<p>Desde o m\u00eas de julho, o pastor e professor Milton Ribeiro responde pelo Minist\u00e9rio da Educa\u00e7\u00e3o. Mais contido que Weintraub \u2013 n\u00e3o h\u00e1 not\u00edcia, por exemplo, de que tenha participado de atos antidemocr\u00e1ticos \u2013, o novo ministro n\u00e3o deu, no entanto, um rumo ao MEC.<\/p>\n<p>Em setembro, por exemplo, Milton Ribeiro disse, em entrevista ao Estado, que o retorno \u00e0s atividades escolares presenciais e o acesso \u00e0 internet n\u00e3o eram temas do MEC. Questionado se n\u00e3o era papel do MEC posicionar-se sobre a volta \u00e0s aulas, o ministro da Educa\u00e7\u00e3o mostrou desconhecimento sobre a complexidade do tema. \u201cPor mim, voltava na semana passada, uma vez que j\u00e1 superamos alguns itens, sa\u00edmos da crista da onda e temos de voltar\u201d, disse.<\/p>\n<p>A aus\u00eancia do MEC na discuss\u00e3o das pol\u00edticas p\u00fablicas educacionais n\u00e3o se deve \u00e0 falta de oportunidade. Por exemplo, em 2020, o Congresso debru\u00e7ou-se detidamente sobre o Fundo Nacional da Educa\u00e7\u00e3o B\u00e1sica (Fundeb), tendo aprovado uma Emenda Constitucional relativa ao tema, bem como sua regulamenta\u00e7\u00e3o. O Fundeb \u00e9 o mais amplo programa de financiamento da educa\u00e7\u00e3o no Pa\u00eds, e o governo de Jair Bolsonaro simplesmente esteve \u00e0 margem de sua formula\u00e7\u00e3o.<\/p>\n<p>Educa\u00e7\u00e3o \u00e9 assunto s\u00e9rio, com efeitos de curto, m\u00e9dio e longo prazos sobre todo o Pa\u00eds. N\u00e3o basta que o ministro da Educa\u00e7\u00e3o n\u00e3o publique tu\u00edtes grosseiros com erros de portugu\u00eas, como fazia Abraham Weintraub. Precisa haver governo, no sentido estrito do termo.<\/p>\n<p>&nbsp;<\/p>\n","protected":false},"excerpt":{"rendered":"<p>Minist\u00e9rio da Educa\u00e7\u00e3o do atual presidente escolheu o caminho do conflito e da omiss\u00e3o. Em dois anos, houve quatro ministros da Educa\u00e7\u00e3o, in\u00fameras confus\u00f5es e uma completa aus\u00eancia do governo federal na discuss\u00e3o de pol\u00edticas p\u00fablicas educacionais.<\/p>\n","protected":false},"author":4,"featured_media":0,"comment_status":"closed","ping_status":"closed","sticky":false,"template":"","format":"standard","meta":{"footnotes":"","_links_to":"","_links_to_target":""},"categories":[9],"tags":[],"class_list":["post-12923","post","type-post","status-publish","format-standard","hentry","category-noticias-da-imprensa"],"yoast_head":"<!-- This site is optimized with the Yoast SEO plugin v15.1 - https:\/\/yoast.com\/wordpress\/plugins\/seo\/ -->\n<title>O MEC de Bolsonaro &raquo; Abrelivros<\/title>\n<meta name=\"robots\" content=\"index, follow, max-snippet:-1, max-image-preview:large, max-video-preview:-1\" \/>\n<link rel=\"canonical\" href=\"https:\/\/abrelivros.org.br\/site\/o-mec-de-bolsonaro\/\" \/>\n<meta property=\"og:locale\" content=\"pt_BR\" \/>\n<meta property=\"og:type\" content=\"article\" \/>\n<meta property=\"og:title\" content=\"O MEC de Bolsonaro &raquo; Abrelivros\" \/>\n<meta property=\"og:description\" content=\"Minist\u00e9rio da Educa\u00e7\u00e3o do atual presidente escolheu o caminho do conflito e da omiss\u00e3o. Em dois anos, houve quatro ministros da Educa\u00e7\u00e3o, in\u00fameras confus\u00f5es e uma completa aus\u00eancia do governo federal na discuss\u00e3o de pol\u00edticas p\u00fablicas educacionais.\" \/>\n<meta property=\"og:url\" content=\"https:\/\/abrelivros.org.br\/site\/o-mec-de-bolsonaro\/\" \/>\n<meta property=\"og:site_name\" content=\"Abrelivros\" \/>\n<meta property=\"article:published_time\" content=\"2021-01-06T19:06:12+00:00\" \/>\n<meta name=\"twitter:card\" content=\"summary_large_image\" \/>\n<script type=\"application\/ld+json\" class=\"yoast-schema-graph\">{\"@context\":\"https:\/\/schema.org\",\"@graph\":[{\"@type\":\"WebSite\",\"@id\":\"https:\/\/abrelivros.org.br\/site\/#website\",\"url\":\"https:\/\/abrelivros.org.br\/site\/\",\"name\":\"Abrelivros\",\"description\":\"\",\"potentialAction\":[{\"@type\":\"SearchAction\",\"target\":\"https:\/\/abrelivros.org.br\/site\/?s={search_term_string}\",\"query-input\":\"required name=search_term_string\"}],\"inLanguage\":\"pt-BR\"},{\"@type\":\"WebPage\",\"@id\":\"https:\/\/abrelivros.org.br\/site\/o-mec-de-bolsonaro\/#webpage\",\"url\":\"https:\/\/abrelivros.org.br\/site\/o-mec-de-bolsonaro\/\",\"name\":\"O MEC de Bolsonaro &raquo; Abrelivros\",\"isPartOf\":{\"@id\":\"https:\/\/abrelivros.org.br\/site\/#website\"},\"datePublished\":\"2021-01-06T19:06:12+00:00\",\"dateModified\":\"2021-01-06T19:06:12+00:00\",\"author\":{\"@id\":\"https:\/\/abrelivros.org.br\/site\/#\/schema\/person\/65db80e26409802ce15ac5feec6a15fd\"},\"breadcrumb\":{\"@id\":\"https:\/\/abrelivros.org.br\/site\/o-mec-de-bolsonaro\/#breadcrumb\"},\"inLanguage\":\"pt-BR\",\"potentialAction\":[{\"@type\":\"ReadAction\",\"target\":[\"https:\/\/abrelivros.org.br\/site\/o-mec-de-bolsonaro\/\"]}]},{\"@type\":\"BreadcrumbList\",\"@id\":\"https:\/\/abrelivros.org.br\/site\/o-mec-de-bolsonaro\/#breadcrumb\",\"itemListElement\":[{\"@type\":\"ListItem\",\"position\":1,\"item\":{\"@type\":\"WebPage\",\"@id\":\"https:\/\/abrelivros.org.br\/site\/\",\"url\":\"https:\/\/abrelivros.org.br\/site\/\",\"name\":\"In\\u00edcio\"}},{\"@type\":\"ListItem\",\"position\":2,\"item\":{\"@type\":\"WebPage\",\"@id\":\"https:\/\/abrelivros.org.br\/site\/category\/noticias\/\",\"url\":\"https:\/\/abrelivros.org.br\/site\/category\/noticias\/\",\"name\":\"Not\\u00edcias\"}},{\"@type\":\"ListItem\",\"position\":3,\"item\":{\"@type\":\"WebPage\",\"@id\":\"https:\/\/abrelivros.org.br\/site\/category\/noticias\/noticias-da-imprensa\/\",\"url\":\"https:\/\/abrelivros.org.br\/site\/category\/noticias\/noticias-da-imprensa\/\",\"name\":\"Not\\u00edcias da imprensa\"}},{\"@type\":\"ListItem\",\"position\":4,\"item\":{\"@type\":\"WebPage\",\"@id\":\"https:\/\/abrelivros.org.br\/site\/o-mec-de-bolsonaro\/\",\"url\":\"https:\/\/abrelivros.org.br\/site\/o-mec-de-bolsonaro\/\",\"name\":\"O MEC de Bolsonaro\"}}]},{\"@type\":\"Person\",\"@id\":\"https:\/\/abrelivros.org.br\/site\/#\/schema\/person\/65db80e26409802ce15ac5feec6a15fd\",\"name\":\"Reda\\u00e7\\u00e3o Abrelivros\",\"image\":{\"@type\":\"ImageObject\",\"@id\":\"https:\/\/abrelivros.org.br\/site\/#personlogo\",\"inLanguage\":\"pt-BR\",\"url\":\"https:\/\/secure.gravatar.com\/avatar\/c4e57f9c7e3482965bd428192061218520756c39080b1d1820b679fa5e9af192?s=96&d=mm&r=g\",\"caption\":\"Reda\\u00e7\\u00e3o Abrelivros\"}}]}<\/script>\n<!-- \/ Yoast SEO plugin. -->","_links":{"self":[{"href":"https:\/\/abrelivros.org.br\/site\/wp-json\/wp\/v2\/posts\/12923","targetHints":{"allow":["GET"]}}],"collection":[{"href":"https:\/\/abrelivros.org.br\/site\/wp-json\/wp\/v2\/posts"}],"about":[{"href":"https:\/\/abrelivros.org.br\/site\/wp-json\/wp\/v2\/types\/post"}],"author":[{"embeddable":true,"href":"https:\/\/abrelivros.org.br\/site\/wp-json\/wp\/v2\/users\/4"}],"replies":[{"embeddable":true,"href":"https:\/\/abrelivros.org.br\/site\/wp-json\/wp\/v2\/comments?post=12923"}],"version-history":[{"count":1,"href":"https:\/\/abrelivros.org.br\/site\/wp-json\/wp\/v2\/posts\/12923\/revisions"}],"predecessor-version":[{"id":12924,"href":"https:\/\/abrelivros.org.br\/site\/wp-json\/wp\/v2\/posts\/12923\/revisions\/12924"}],"wp:attachment":[{"href":"https:\/\/abrelivros.org.br\/site\/wp-json\/wp\/v2\/media?parent=12923"}],"wp:term":[{"taxonomy":"category","embeddable":true,"href":"https:\/\/abrelivros.org.br\/site\/wp-json\/wp\/v2\/categories?post=12923"},{"taxonomy":"post_tag","embeddable":true,"href":"https:\/\/abrelivros.org.br\/site\/wp-json\/wp\/v2\/tags?post=12923"}],"curies":[{"name":"wp","href":"https:\/\/api.w.org\/{rel}","templated":true}]}}