{"id":12916,"date":"2021-01-06T11:26:11","date_gmt":"2021-01-06T14:26:11","guid":{"rendered":"https:\/\/abrelivros.org.br\/site\/?p=12916"},"modified":"2021-01-06T11:26:11","modified_gmt":"2021-01-06T14:26:11","slug":"undime-lanca-publicacoes-para-apoiar-dirigentes-municipais-de-educacao-no-inicio-da-gestao","status":"publish","type":"post","link":"https:\/\/abrelivros.org.br\/site\/undime-lanca-publicacoes-para-apoiar-dirigentes-municipais-de-educacao-no-inicio-da-gestao\/","title":{"rendered":"Undime lan\u00e7a publica\u00e7\u00f5es para apoiar dirigentes municipais de educa\u00e7\u00e3o no in\u00edcio da gest\u00e3o"},"content":{"rendered":"<p>Iniciativa conta com apoio da Funda\u00e7\u00e3o Santillana e Unicef; proposta \u00e9 alcan\u00e7ar os 5.568 munic\u00edpios do Pa\u00eds. Undime lan\u00e7a um conjunto de materiais \u2013 edi\u00e7\u00e3o 2021- com a t\u00f4nica de orientar o desenvolvimento de pol\u00edticas educacionais com qualidade e efici\u00eancia.<!--more--><\/p>\n<p>As elei\u00e7\u00f5es municipais de 2020 foram marcadas por um contexto nunca enfrentado, a pandemia do novo coronav\u00edrus e todos os desafios agregados. Os novos prefeitos tomaram posse na \u00faltima sexta-feira (1\u00ba) para um mandato de quatro anos, ap\u00f3s terem sido eleitos com a maioria dos votos v\u00e1lidos nas elei\u00e7\u00f5es de novembro. J\u00e1 a partir do primeiro dia \u00fatil de 2021, os prefeitos e as equipes de dirigentes t\u00eam o desafio de assumir novas atribui\u00e7\u00f5es e dar continuidade aos projetos em andamento. Para apoi\u00e1-los nesta tarefa, a Undime lan\u00e7a um conjunto de materiais \u2013 edi\u00e7\u00e3o 2021- com a t\u00f4nica de orientar o desenvolvimento de pol\u00edticas educacionais com qualidade e efici\u00eancia.<\/p>\n<p>As publica\u00e7\u00f5es, consistem em uma atualiza\u00e7\u00e3o de materiais que a Undime tradicionalmente produz e distribui, desde 2009, aos gestores municipais para apoi\u00e1-los nesse in\u00edcio de mandato. S\u00e3o elas: Agenda dos Cem Primeiros Dias &#8211; Orienta\u00e7\u00f5es ao Dirigente Municipal de Educa\u00e7\u00e3o; Caderno de Orienta\u00e7\u00f5es ao Dirigente Municipal de Educa\u00e7\u00e3o &#8211; Fundamentos, Pol\u00edticas e Pr\u00e1ticas; e o Folheto Excel\u00eancia na Gest\u00e3o da Educa\u00e7\u00e3o Municipal &#8211; Informa\u00e7\u00f5es importantes.<\/p>\n<p>Os materiais foram atualizados pela Undime, em parceria com a Funda\u00e7\u00e3o Santillana e o Fundo das Na\u00e7\u00f5es Unidas para a Inf\u00e2ncia (Unicef), e buscam contribuir com o trabalho do Dirigente Municipal de Educa\u00e7\u00e3o de reduzir as desigualdades e exclus\u00f5es sociais por meio da educa\u00e7\u00e3o, diminuindo a d\u00edvida social existente, visto que compete ao gestor p\u00fablico assegurar o acesso \u00e0 educa\u00e7\u00e3o p\u00fablica. Eles ser\u00e3o distribu\u00eddos gratuitamente na vers\u00e3o impressa para os dirigentes de educa\u00e7\u00e3o dos 5.568 munic\u00edpios do Pa\u00eds a partir da segunda quinzena de janeiro. As vers\u00f5es online j\u00e1 est\u00e3o dispon\u00edveis, confira abaixo.<\/p>\n<p>De acordo com o presidente da Undime e Dirigente Municipal de Educa\u00e7\u00e3o de Sud Mennucci (SP), Luiz Miguel Garcia, o objetivo \u00e9 colaborar com o processo de planejamento, implementa\u00e7\u00e3o, monitoramento e avalia\u00e7\u00e3o de projetos, programas e pol\u00edticas educacionais no \u00e2mbito municipal. &#8220;Dessa forma, os conte\u00fados desses materiais contribuir\u00e3o para que os gestores p\u00fablicos consigam assegurar o direito e o acesso \u00e0 educa\u00e7\u00e3o p\u00fablica com qualidade social a todas as crian\u00e7as, adolescentes, jovens, adultos e idosos de cada munic\u00edpio&#8221;.<\/p>\n<p><strong>Agenda dos Cem Primeiros Dias (<a href=\"http:\/\/undime.org.br\/uploads\/documentos\/phpfYI2aR_5ff30a7a45ba9.pdf\">acesse aqui<\/a>)<\/strong><\/p>\n<p>Um dos principais objetivos da Agenda dos Cem Primeiros Dias \u00e9 dar \u00eanfase \u00e0 necessidade de o dirigente conhecer o atual est\u00e1gio das a\u00e7\u00f5es desenvolvidas pela gest\u00e3o anterior no campo da legisla\u00e7\u00e3o, das pol\u00edticas e diretrizes, dos programas e projetos \u2013 implantados e em implementa\u00e7\u00e3o \u2013, da situa\u00e7\u00e3o dos conv\u00eanios e contratos vigentes, bem como das presta\u00e7\u00f5es de contas entregues ou pendentes.<\/p>\n<p>Para facilitar esse trabalho de an\u00e1lise inicial pela nova gest\u00e3o, a Undime orientou todas as Secretarias Municipais de Educa\u00e7\u00e3o para elaborarem o Memorial de Gest\u00e3o, por meio da plataforma Conviva Educa\u00e7\u00e3o. Esse documento, al\u00e9m de registrar as a\u00e7\u00f5es implementadas entre 2017 e 2020, \u00e9 um dossi\u00ea para processos de presta\u00e7\u00e3o contas que favorece a transpar\u00eancia e o controle social.<\/p>\n<p><strong>Caderno de Orienta\u00e7\u00f5es ao Dirigente Municipal de Educa\u00e7\u00e3o (<a href=\"http:\/\/undime.org.br\/uploads\/documentos\/phpdS3X2e_5ff3095864840.pdf\">acesse aqui<\/a>)<\/strong><\/p>\n<p>Aos novos gestores, este material servir\u00e1, inicialmente, como um guia para as a\u00e7\u00f5es referentes \u00e0 estrutura educacional brasileira e de seu funcionamento. Servir\u00e1 para compreender como fazer a gest\u00e3o com t\u00e9cnica, efici\u00eancia, efic\u00e1cia e consci\u00eancia, respeitando as inst\u00e2ncias e o regramento legal, como deve ser o trabalho de todo cidad\u00e3o. Para quem j\u00e1 \u00e9 ou foi dirigente municipal de educa\u00e7\u00e3o, este material ser\u00e1 igualmente importante, pois ele atualiza essas informa\u00e7\u00f5es e, a partir desta edi\u00e7\u00e3o, dialoga com a Plataforma Conviva, instrumento de gest\u00e3o, articula\u00e7\u00e3o e mobiliza\u00e7\u00e3o da Undime.<\/p>\n<p>Organizado em nove cap\u00edtulos, apresenta quest\u00f5es como: o papel estrat\u00e9gico da Undime; a miss\u00e3o como Dirigente Municipal de Educa\u00e7\u00e3o; o planejamento educacional; o financiamento da educa\u00e7\u00e3o; o regime de colabora\u00e7\u00e3o; a inclus\u00e3o educacional na perspectiva da estrat\u00e9gia Busca Ativa Escolar; e aspectos relacionados \u00e0s gest\u00f5es pedag\u00f3gica, administrativa e democr\u00e1tica.<\/p>\n<p><strong>Folheto Excel\u00eancia na Gest\u00e3o da Educa\u00e7\u00e3o Municipal &#8211; Informa\u00e7\u00f5es importantes (<a href=\"http:\/\/undime.org.br\/uploads\/documentos\/phpd62541_5ff30a25d500c.pdf\">acesse aqui<\/a>)<\/strong><\/p>\n<p>A publica\u00e7\u00e3o apresenta aos prefeitos a Undime bem como suas a\u00e7\u00f5es, elenca os principais desafios a serem enfrentados a partir de 2021 no \u00e2mbito da educa\u00e7\u00e3o e informa que est\u00e1 enviando a todas as Secretarias Municipais de Educa\u00e7\u00e3o do pa\u00eds duas publica\u00e7\u00f5es: a Agenda dos Cem Primeiros Dias e o Caderno de Orienta\u00e7\u00f5es ao Dirigente Municipal de Educa\u00e7\u00e3o \u2013 Fundamentos, Pol\u00edticas e Pr\u00e1ticas.<\/p>\n<p>&nbsp;<\/p>\n","protected":false},"excerpt":{"rendered":"<p>Iniciativa conta com apoio da Funda\u00e7\u00e3o Santillana e Unicef; proposta \u00e9 alcan\u00e7ar os 5.568 munic\u00edpios do Pa\u00eds. Undime lan\u00e7a um conjunto de materiais \u2013 edi\u00e7\u00e3o 2021- com a t\u00f4nica de orientar o desenvolvimento de pol\u00edticas educacionais com qualidade e efici\u00eancia.<\/p>\n","protected":false},"author":4,"featured_media":0,"comment_status":"closed","ping_status":"closed","sticky":false,"template":"","format":"standard","meta":{"footnotes":"","_links_to":"","_links_to_target":""},"categories":[9],"tags":[],"class_list":["post-12916","post","type-post","status-publish","format-standard","hentry","category-noticias-da-imprensa"],"yoast_head":"<!-- This site is optimized with the Yoast SEO plugin v15.1 - https:\/\/yoast.com\/wordpress\/plugins\/seo\/ -->\n<title>Undime lan\u00e7a publica\u00e7\u00f5es para apoiar dirigentes municipais de educa\u00e7\u00e3o no in\u00edcio da gest\u00e3o &raquo; Abrelivros<\/title>\n<meta name=\"robots\" content=\"index, follow, max-snippet:-1, max-image-preview:large, max-video-preview:-1\" \/>\n<link rel=\"canonical\" href=\"https:\/\/abrelivros.org.br\/site\/undime-lanca-publicacoes-para-apoiar-dirigentes-municipais-de-educacao-no-inicio-da-gestao\/\" \/>\n<meta property=\"og:locale\" content=\"pt_BR\" \/>\n<meta property=\"og:type\" content=\"article\" \/>\n<meta property=\"og:title\" content=\"Undime lan\u00e7a publica\u00e7\u00f5es para apoiar dirigentes municipais de educa\u00e7\u00e3o no in\u00edcio da gest\u00e3o &raquo; Abrelivros\" \/>\n<meta property=\"og:description\" content=\"Iniciativa conta com apoio da Funda\u00e7\u00e3o Santillana e Unicef; proposta \u00e9 alcan\u00e7ar os 5.568 munic\u00edpios do Pa\u00eds. Undime lan\u00e7a um conjunto de materiais \u2013 edi\u00e7\u00e3o 2021- com a t\u00f4nica de orientar o desenvolvimento de pol\u00edticas educacionais com qualidade e efici\u00eancia.\" \/>\n<meta property=\"og:url\" content=\"https:\/\/abrelivros.org.br\/site\/undime-lanca-publicacoes-para-apoiar-dirigentes-municipais-de-educacao-no-inicio-da-gestao\/\" \/>\n<meta property=\"og:site_name\" content=\"Abrelivros\" \/>\n<meta property=\"article:published_time\" content=\"2021-01-06T14:26:11+00:00\" \/>\n<meta name=\"twitter:card\" content=\"summary_large_image\" \/>\n<script type=\"application\/ld+json\" class=\"yoast-schema-graph\">{\"@context\":\"https:\/\/schema.org\",\"@graph\":[{\"@type\":\"WebSite\",\"@id\":\"https:\/\/abrelivros.org.br\/site\/#website\",\"url\":\"https:\/\/abrelivros.org.br\/site\/\",\"name\":\"Abrelivros\",\"description\":\"\",\"potentialAction\":[{\"@type\":\"SearchAction\",\"target\":\"https:\/\/abrelivros.org.br\/site\/?s={search_term_string}\",\"query-input\":\"required name=search_term_string\"}],\"inLanguage\":\"pt-BR\"},{\"@type\":\"WebPage\",\"@id\":\"https:\/\/abrelivros.org.br\/site\/undime-lanca-publicacoes-para-apoiar-dirigentes-municipais-de-educacao-no-inicio-da-gestao\/#webpage\",\"url\":\"https:\/\/abrelivros.org.br\/site\/undime-lanca-publicacoes-para-apoiar-dirigentes-municipais-de-educacao-no-inicio-da-gestao\/\",\"name\":\"Undime lan\\u00e7a publica\\u00e7\\u00f5es para apoiar dirigentes municipais de educa\\u00e7\\u00e3o no in\\u00edcio da gest\\u00e3o &raquo; Abrelivros\",\"isPartOf\":{\"@id\":\"https:\/\/abrelivros.org.br\/site\/#website\"},\"datePublished\":\"2021-01-06T14:26:11+00:00\",\"dateModified\":\"2021-01-06T14:26:11+00:00\",\"author\":{\"@id\":\"https:\/\/abrelivros.org.br\/site\/#\/schema\/person\/65db80e26409802ce15ac5feec6a15fd\"},\"breadcrumb\":{\"@id\":\"https:\/\/abrelivros.org.br\/site\/undime-lanca-publicacoes-para-apoiar-dirigentes-municipais-de-educacao-no-inicio-da-gestao\/#breadcrumb\"},\"inLanguage\":\"pt-BR\",\"potentialAction\":[{\"@type\":\"ReadAction\",\"target\":[\"https:\/\/abrelivros.org.br\/site\/undime-lanca-publicacoes-para-apoiar-dirigentes-municipais-de-educacao-no-inicio-da-gestao\/\"]}]},{\"@type\":\"BreadcrumbList\",\"@id\":\"https:\/\/abrelivros.org.br\/site\/undime-lanca-publicacoes-para-apoiar-dirigentes-municipais-de-educacao-no-inicio-da-gestao\/#breadcrumb\",\"itemListElement\":[{\"@type\":\"ListItem\",\"position\":1,\"item\":{\"@type\":\"WebPage\",\"@id\":\"https:\/\/abrelivros.org.br\/site\/\",\"url\":\"https:\/\/abrelivros.org.br\/site\/\",\"name\":\"In\\u00edcio\"}},{\"@type\":\"ListItem\",\"position\":2,\"item\":{\"@type\":\"WebPage\",\"@id\":\"https:\/\/abrelivros.org.br\/site\/category\/noticias\/\",\"url\":\"https:\/\/abrelivros.org.br\/site\/category\/noticias\/\",\"name\":\"Not\\u00edcias\"}},{\"@type\":\"ListItem\",\"position\":3,\"item\":{\"@type\":\"WebPage\",\"@id\":\"https:\/\/abrelivros.org.br\/site\/category\/noticias\/noticias-da-imprensa\/\",\"url\":\"https:\/\/abrelivros.org.br\/site\/category\/noticias\/noticias-da-imprensa\/\",\"name\":\"Not\\u00edcias da imprensa\"}},{\"@type\":\"ListItem\",\"position\":4,\"item\":{\"@type\":\"WebPage\",\"@id\":\"https:\/\/abrelivros.org.br\/site\/undime-lanca-publicacoes-para-apoiar-dirigentes-municipais-de-educacao-no-inicio-da-gestao\/\",\"url\":\"https:\/\/abrelivros.org.br\/site\/undime-lanca-publicacoes-para-apoiar-dirigentes-municipais-de-educacao-no-inicio-da-gestao\/\",\"name\":\"Undime lan\\u00e7a publica\\u00e7\\u00f5es para apoiar dirigentes municipais de educa\\u00e7\\u00e3o no in\\u00edcio da gest\\u00e3o\"}}]},{\"@type\":\"Person\",\"@id\":\"https:\/\/abrelivros.org.br\/site\/#\/schema\/person\/65db80e26409802ce15ac5feec6a15fd\",\"name\":\"Reda\\u00e7\\u00e3o Abrelivros\",\"image\":{\"@type\":\"ImageObject\",\"@id\":\"https:\/\/abrelivros.org.br\/site\/#personlogo\",\"inLanguage\":\"pt-BR\",\"url\":\"https:\/\/secure.gravatar.com\/avatar\/c4e57f9c7e3482965bd428192061218520756c39080b1d1820b679fa5e9af192?s=96&d=mm&r=g\",\"caption\":\"Reda\\u00e7\\u00e3o Abrelivros\"}}]}<\/script>\n<!-- \/ Yoast SEO plugin. -->","_links":{"self":[{"href":"https:\/\/abrelivros.org.br\/site\/wp-json\/wp\/v2\/posts\/12916","targetHints":{"allow":["GET"]}}],"collection":[{"href":"https:\/\/abrelivros.org.br\/site\/wp-json\/wp\/v2\/posts"}],"about":[{"href":"https:\/\/abrelivros.org.br\/site\/wp-json\/wp\/v2\/types\/post"}],"author":[{"embeddable":true,"href":"https:\/\/abrelivros.org.br\/site\/wp-json\/wp\/v2\/users\/4"}],"replies":[{"embeddable":true,"href":"https:\/\/abrelivros.org.br\/site\/wp-json\/wp\/v2\/comments?post=12916"}],"version-history":[{"count":1,"href":"https:\/\/abrelivros.org.br\/site\/wp-json\/wp\/v2\/posts\/12916\/revisions"}],"predecessor-version":[{"id":12917,"href":"https:\/\/abrelivros.org.br\/site\/wp-json\/wp\/v2\/posts\/12916\/revisions\/12917"}],"wp:attachment":[{"href":"https:\/\/abrelivros.org.br\/site\/wp-json\/wp\/v2\/media?parent=12916"}],"wp:term":[{"taxonomy":"category","embeddable":true,"href":"https:\/\/abrelivros.org.br\/site\/wp-json\/wp\/v2\/categories?post=12916"},{"taxonomy":"post_tag","embeddable":true,"href":"https:\/\/abrelivros.org.br\/site\/wp-json\/wp\/v2\/tags?post=12916"}],"curies":[{"name":"wp","href":"https:\/\/api.w.org\/{rel}","templated":true}]}}