{"id":12908,"date":"2021-01-05T17:14:08","date_gmt":"2021-01-05T20:14:08","guid":{"rendered":"https:\/\/abrelivros.org.br\/site\/?p=12908"},"modified":"2021-01-05T17:14:33","modified_gmt":"2021-01-05T20:14:33","slug":"secretaria-diz-que-ha-consenso-de-autoridades-sobre-volta-as-aulas-em-sp","status":"publish","type":"post","link":"https:\/\/abrelivros.org.br\/site\/secretaria-diz-que-ha-consenso-de-autoridades-sobre-volta-as-aulas-em-sp\/","title":{"rendered":"Secret\u00e1ria diz que h\u00e1 consenso de autoridades sobre volta \u00e0s aulas em SP"},"content":{"rendered":"<p>A secret\u00e1ria estadual do Desenvolvimento Econ\u00f4mico de S\u00e3o Paulo, Patricia Ellen, disse que n\u00e3o h\u00e1 neste momento possibilidade de o retorno das aulas presenciais ser adiado. As escolas estaduais de S\u00e3o Paulo devem iniciar o ano letivo em 1\u00ba de fevereiro.<!--more--><\/p>\n<p>&#8220;N\u00e3o h\u00e1 hip\u00f3tese neste momento de n\u00e3o termos aqui um retorno \u00e0s aulas. O apoio \u00e9 n\u00e3o somente da Educa\u00e7\u00e3o, mas tamb\u00e9m da Sa\u00fade. N\u00f3s temos a sa\u00fade f\u00edsica, a sa\u00fade emocional, nossos alunos precisam voltar para a escola (&#8230;) Hoje h\u00e1 um consenso de retorno \u00e0s aulas em forte sentido, inclusive por parte da Sa\u00fade&#8221;, disse ela hoje, em entrevista ao Bom Dia S\u00e3o Paulo, da TV Globo.<\/p>\n<p>No dia 17 de dezembro, o governo paulista anunciou uma mudan\u00e7a nos crit\u00e9rios para abertura de escolas em meio \u00e0 pandemia do coronav\u00edrus.<\/p>\n<p>O estado passar\u00e1 a permitir que escolas p\u00fablicas e particulares recebam alunos at\u00e9 mesmo na fase vermelha do Plano S\u00e3o Paulo, que corresponde aos piores \u00edndices da pandemia.<\/p>\n<p>Ontem, o secret\u00e1rio estadual de Educa\u00e7\u00e3o de S\u00e3o Paulo, Rossieli Soares, afirmou que a retomada das aulas presenciais ser\u00e1 obrigat\u00f3ria para professores e estudantes a partir de 1\u00ba de fevereiro.<\/p>\n<p>&#8220;Mesmo que estejamos eventualmente na bandeira vermelha, voltaremos em rod\u00edzio com m\u00e1ximo de at\u00e9 35% dos alunos no mesmo turno. J\u00e1 tivemos a volta no dia 8 de setembro de mais de 2.800 escolas com atividades e n\u00e3o tivemos nenhum caso de transmiss\u00e3o dentro das nossas escolas&#8221;, disse ele, em entrevista ao jornal EPTV de Campinas, da Globo.<\/p>\n<p>Apesar da afirma\u00e7\u00e3o do secret\u00e1rio, a defini\u00e7\u00e3o sobre a obrigatoriedade cabe ao Conselho Estadual, que vai se reunir para discutir o assunto no dia 13 de janeiro.<\/p>\n<p>A rede estadual de ensino iniciou ontem as aulas de recupera\u00e7\u00e3o para alunos que n\u00e3o tiveram rendimento suficiente para conseguir a aprova\u00e7\u00e3o. Ser\u00e3o 25 aulas semanais com atividades.<\/p>\n","protected":false},"excerpt":{"rendered":"<p>A secret\u00e1ria estadual do Desenvolvimento Econ\u00f4mico de S\u00e3o Paulo, Patricia Ellen, disse que n\u00e3o h\u00e1 neste momento possibilidade de o retorno das aulas presenciais ser adiado. As escolas estaduais de S\u00e3o Paulo devem iniciar o ano letivo em 1\u00ba de fevereiro.<\/p>\n","protected":false},"author":4,"featured_media":0,"comment_status":"closed","ping_status":"closed","sticky":false,"template":"","format":"standard","meta":{"footnotes":"","_links_to":"","_links_to_target":""},"categories":[9],"tags":[],"class_list":["post-12908","post","type-post","status-publish","format-standard","hentry","category-noticias-da-imprensa"],"yoast_head":"<!-- This site is optimized with the Yoast SEO plugin v15.1 - https:\/\/yoast.com\/wordpress\/plugins\/seo\/ -->\n<title>Secret\u00e1ria diz que h\u00e1 consenso de autoridades sobre volta \u00e0s aulas em SP &raquo; Abrelivros<\/title>\n<meta name=\"robots\" content=\"index, follow, max-snippet:-1, max-image-preview:large, max-video-preview:-1\" \/>\n<link rel=\"canonical\" href=\"https:\/\/abrelivros.org.br\/site\/secretaria-diz-que-ha-consenso-de-autoridades-sobre-volta-as-aulas-em-sp\/\" \/>\n<meta property=\"og:locale\" content=\"pt_BR\" \/>\n<meta property=\"og:type\" content=\"article\" \/>\n<meta property=\"og:title\" content=\"Secret\u00e1ria diz que h\u00e1 consenso de autoridades sobre volta \u00e0s aulas em SP &raquo; Abrelivros\" \/>\n<meta property=\"og:description\" content=\"A secret\u00e1ria estadual do Desenvolvimento Econ\u00f4mico de S\u00e3o Paulo, Patricia Ellen, disse que n\u00e3o h\u00e1 neste momento possibilidade de o retorno das aulas presenciais ser adiado. As escolas estaduais de S\u00e3o Paulo devem iniciar o ano letivo em 1\u00ba de fevereiro.\" \/>\n<meta property=\"og:url\" content=\"https:\/\/abrelivros.org.br\/site\/secretaria-diz-que-ha-consenso-de-autoridades-sobre-volta-as-aulas-em-sp\/\" \/>\n<meta property=\"og:site_name\" content=\"Abrelivros\" \/>\n<meta property=\"article:published_time\" content=\"2021-01-05T20:14:08+00:00\" \/>\n<meta property=\"article:modified_time\" content=\"2021-01-05T20:14:33+00:00\" \/>\n<meta name=\"twitter:card\" content=\"summary_large_image\" \/>\n<script type=\"application\/ld+json\" class=\"yoast-schema-graph\">{\"@context\":\"https:\/\/schema.org\",\"@graph\":[{\"@type\":\"WebSite\",\"@id\":\"https:\/\/abrelivros.org.br\/site\/#website\",\"url\":\"https:\/\/abrelivros.org.br\/site\/\",\"name\":\"Abrelivros\",\"description\":\"\",\"potentialAction\":[{\"@type\":\"SearchAction\",\"target\":\"https:\/\/abrelivros.org.br\/site\/?s={search_term_string}\",\"query-input\":\"required name=search_term_string\"}],\"inLanguage\":\"pt-BR\"},{\"@type\":\"WebPage\",\"@id\":\"https:\/\/abrelivros.org.br\/site\/secretaria-diz-que-ha-consenso-de-autoridades-sobre-volta-as-aulas-em-sp\/#webpage\",\"url\":\"https:\/\/abrelivros.org.br\/site\/secretaria-diz-que-ha-consenso-de-autoridades-sobre-volta-as-aulas-em-sp\/\",\"name\":\"Secret\\u00e1ria diz que h\\u00e1 consenso de autoridades sobre volta \\u00e0s aulas em SP &raquo; Abrelivros\",\"isPartOf\":{\"@id\":\"https:\/\/abrelivros.org.br\/site\/#website\"},\"datePublished\":\"2021-01-05T20:14:08+00:00\",\"dateModified\":\"2021-01-05T20:14:33+00:00\",\"author\":{\"@id\":\"https:\/\/abrelivros.org.br\/site\/#\/schema\/person\/65db80e26409802ce15ac5feec6a15fd\"},\"breadcrumb\":{\"@id\":\"https:\/\/abrelivros.org.br\/site\/secretaria-diz-que-ha-consenso-de-autoridades-sobre-volta-as-aulas-em-sp\/#breadcrumb\"},\"inLanguage\":\"pt-BR\",\"potentialAction\":[{\"@type\":\"ReadAction\",\"target\":[\"https:\/\/abrelivros.org.br\/site\/secretaria-diz-que-ha-consenso-de-autoridades-sobre-volta-as-aulas-em-sp\/\"]}]},{\"@type\":\"BreadcrumbList\",\"@id\":\"https:\/\/abrelivros.org.br\/site\/secretaria-diz-que-ha-consenso-de-autoridades-sobre-volta-as-aulas-em-sp\/#breadcrumb\",\"itemListElement\":[{\"@type\":\"ListItem\",\"position\":1,\"item\":{\"@type\":\"WebPage\",\"@id\":\"https:\/\/abrelivros.org.br\/site\/\",\"url\":\"https:\/\/abrelivros.org.br\/site\/\",\"name\":\"In\\u00edcio\"}},{\"@type\":\"ListItem\",\"position\":2,\"item\":{\"@type\":\"WebPage\",\"@id\":\"https:\/\/abrelivros.org.br\/site\/category\/noticias\/\",\"url\":\"https:\/\/abrelivros.org.br\/site\/category\/noticias\/\",\"name\":\"Not\\u00edcias\"}},{\"@type\":\"ListItem\",\"position\":3,\"item\":{\"@type\":\"WebPage\",\"@id\":\"https:\/\/abrelivros.org.br\/site\/category\/noticias\/noticias-da-imprensa\/\",\"url\":\"https:\/\/abrelivros.org.br\/site\/category\/noticias\/noticias-da-imprensa\/\",\"name\":\"Not\\u00edcias da imprensa\"}},{\"@type\":\"ListItem\",\"position\":4,\"item\":{\"@type\":\"WebPage\",\"@id\":\"https:\/\/abrelivros.org.br\/site\/secretaria-diz-que-ha-consenso-de-autoridades-sobre-volta-as-aulas-em-sp\/\",\"url\":\"https:\/\/abrelivros.org.br\/site\/secretaria-diz-que-ha-consenso-de-autoridades-sobre-volta-as-aulas-em-sp\/\",\"name\":\"Secret\\u00e1ria diz que h\\u00e1 consenso de autoridades sobre volta \\u00e0s aulas em SP\"}}]},{\"@type\":\"Person\",\"@id\":\"https:\/\/abrelivros.org.br\/site\/#\/schema\/person\/65db80e26409802ce15ac5feec6a15fd\",\"name\":\"Reda\\u00e7\\u00e3o Abrelivros\",\"image\":{\"@type\":\"ImageObject\",\"@id\":\"https:\/\/abrelivros.org.br\/site\/#personlogo\",\"inLanguage\":\"pt-BR\",\"url\":\"https:\/\/secure.gravatar.com\/avatar\/c4e57f9c7e3482965bd428192061218520756c39080b1d1820b679fa5e9af192?s=96&d=mm&r=g\",\"caption\":\"Reda\\u00e7\\u00e3o Abrelivros\"}}]}<\/script>\n<!-- \/ Yoast SEO plugin. -->","_links":{"self":[{"href":"https:\/\/abrelivros.org.br\/site\/wp-json\/wp\/v2\/posts\/12908","targetHints":{"allow":["GET"]}}],"collection":[{"href":"https:\/\/abrelivros.org.br\/site\/wp-json\/wp\/v2\/posts"}],"about":[{"href":"https:\/\/abrelivros.org.br\/site\/wp-json\/wp\/v2\/types\/post"}],"author":[{"embeddable":true,"href":"https:\/\/abrelivros.org.br\/site\/wp-json\/wp\/v2\/users\/4"}],"replies":[{"embeddable":true,"href":"https:\/\/abrelivros.org.br\/site\/wp-json\/wp\/v2\/comments?post=12908"}],"version-history":[{"count":3,"href":"https:\/\/abrelivros.org.br\/site\/wp-json\/wp\/v2\/posts\/12908\/revisions"}],"predecessor-version":[{"id":12912,"href":"https:\/\/abrelivros.org.br\/site\/wp-json\/wp\/v2\/posts\/12908\/revisions\/12912"}],"wp:attachment":[{"href":"https:\/\/abrelivros.org.br\/site\/wp-json\/wp\/v2\/media?parent=12908"}],"wp:term":[{"taxonomy":"category","embeddable":true,"href":"https:\/\/abrelivros.org.br\/site\/wp-json\/wp\/v2\/categories?post=12908"},{"taxonomy":"post_tag","embeddable":true,"href":"https:\/\/abrelivros.org.br\/site\/wp-json\/wp\/v2\/tags?post=12908"}],"curies":[{"name":"wp","href":"https:\/\/api.w.org\/{rel}","templated":true}]}}