{"id":12906,"date":"2021-01-05T17:07:27","date_gmt":"2021-01-05T20:07:27","guid":{"rendered":"https:\/\/abrelivros.org.br\/site\/?p=12906"},"modified":"2021-01-06T12:34:48","modified_gmt":"2021-01-06T15:34:48","slug":"defensora-do-ensino-domiciliar-e-nomeada-para-coordenacao-no-mec","status":"publish","type":"post","link":"https:\/\/abrelivros.org.br\/site\/defensora-do-ensino-domiciliar-e-nomeada-para-coordenacao-no-mec\/","title":{"rendered":"Defensora do ensino domiciliar \u00e9 nomeada para coordena\u00e7\u00e3o no MEC"},"content":{"rendered":"<p>Sem atua\u00e7\u00e3o em sala de aula ou forma\u00e7\u00e3o acad\u00eamica na \u00e1rea da educa\u00e7\u00e3o, Maria Eduarda Manso Mosta\u00e7o, de 27 anos, foi nomeada coordenadora-geral de forma\u00e7\u00e3o de professores da rec\u00e9m-criada Secretaria de Alfabetiza\u00e7\u00e3o do Minist\u00e9rio da Educa\u00e7\u00e3o (MEC). <!--more-->Formada em Direito, ela \u00e9 defensora da regulamenta\u00e7\u00e3o do ensino domiciliar no Pa\u00eds &#8211; que foi colocada como meta priorit\u00e1ria pelo governo de Jair Bolsonaro para os 100 primeiros dias de gest\u00e3o.<\/p>\n<p>A nomea\u00e7\u00e3o foi publicada nesta quarta-feira, 30. Maria Eduarda \u00e9 de Londrina, onde cursou a gradua\u00e7\u00e3o na Universidade Estadual de Londrina (Uel), mesma cidade de Carlos Francisco Nadalim, que vai chefiar a Secretaria de Alfabetiza\u00e7\u00e3o. Dono de uma escola chamada Mundo do Bal\u00e3o M\u00e1gico, ele tamb\u00e9m \u00e9 defensor da educa\u00e7\u00e3o domiciliar, o homeschooling.<\/p>\n<p>Servidores do MEC estranharam a nomea\u00e7\u00e3o de uma pessoa sem experi\u00eancia na \u00e1rea para um cargo que exige conhecimento t\u00e9cnico. Ela ser\u00e1 coordenadora da Diretoria de Desenvolvimento Curricular e Forma\u00e7\u00e3o de Professores Alfabetizadores, que \u00e9 quem faz a articula\u00e7\u00e3o com Estados e munic\u00edpios para a implementa\u00e7\u00e3o de programas e pol\u00edticas.<\/p>\n<p>Os \u00faltimos a ocuparem cargos semelhantes na coordena\u00e7\u00e3o de programas de forma\u00e7\u00e3o de professores tinham especializa\u00e7\u00e3o na \u00e1rea da educa\u00e7\u00e3o.<\/p>\n<p>A liga\u00e7\u00e3o de Maria Eduarda com a \u00e1rea da educa\u00e7\u00e3o foi em seu trabalho de conclus\u00e3o de curso (TCC) na gradua\u00e7\u00e3o em Direito, em que defendeu o ensino domiciliar. &#8220;Homeschooling: uma possibilidade constitucional face ao decl\u00ednio da educa\u00e7\u00e3o escolar no Brasil&#8221;, era o nome do trabalho apresentado em 2015.<\/p>\n","protected":false},"excerpt":{"rendered":"<p>Sem atua\u00e7\u00e3o em sala de aula ou forma\u00e7\u00e3o acad\u00eamica na \u00e1rea da educa\u00e7\u00e3o, Maria Eduarda Manso Mosta\u00e7o, de 27 anos, foi nomeada coordenadora-geral de forma\u00e7\u00e3o de professores da rec\u00e9m-criada Secretaria de Alfabetiza\u00e7\u00e3o do Minist\u00e9rio da Educa\u00e7\u00e3o (MEC).<\/p>\n","protected":false},"author":4,"featured_media":0,"comment_status":"closed","ping_status":"closed","sticky":false,"template":"","format":"standard","meta":{"footnotes":"","_links_to":"","_links_to_target":""},"categories":[9],"tags":[],"class_list":["post-12906","post","type-post","status-publish","format-standard","hentry","category-noticias-da-imprensa"],"yoast_head":"<!-- This site is optimized with the Yoast SEO plugin v15.1 - https:\/\/yoast.com\/wordpress\/plugins\/seo\/ -->\n<title>Defensora do ensino domiciliar \u00e9 nomeada para coordena\u00e7\u00e3o no MEC &raquo; Abrelivros<\/title>\n<meta name=\"robots\" content=\"index, follow, max-snippet:-1, max-image-preview:large, max-video-preview:-1\" \/>\n<link rel=\"canonical\" href=\"https:\/\/abrelivros.org.br\/site\/defensora-do-ensino-domiciliar-e-nomeada-para-coordenacao-no-mec\/\" \/>\n<meta property=\"og:locale\" content=\"pt_BR\" \/>\n<meta property=\"og:type\" content=\"article\" \/>\n<meta property=\"og:title\" content=\"Defensora do ensino domiciliar \u00e9 nomeada para coordena\u00e7\u00e3o no MEC &raquo; Abrelivros\" \/>\n<meta property=\"og:description\" content=\"Sem atua\u00e7\u00e3o em sala de aula ou forma\u00e7\u00e3o acad\u00eamica na \u00e1rea da educa\u00e7\u00e3o, Maria Eduarda Manso Mosta\u00e7o, de 27 anos, foi nomeada coordenadora-geral de forma\u00e7\u00e3o de professores da rec\u00e9m-criada Secretaria de Alfabetiza\u00e7\u00e3o do Minist\u00e9rio da Educa\u00e7\u00e3o (MEC).\" \/>\n<meta property=\"og:url\" content=\"https:\/\/abrelivros.org.br\/site\/defensora-do-ensino-domiciliar-e-nomeada-para-coordenacao-no-mec\/\" \/>\n<meta property=\"og:site_name\" content=\"Abrelivros\" \/>\n<meta property=\"article:published_time\" content=\"2021-01-05T20:07:27+00:00\" \/>\n<meta property=\"article:modified_time\" content=\"2021-01-06T15:34:48+00:00\" \/>\n<meta name=\"twitter:card\" content=\"summary_large_image\" \/>\n<script type=\"application\/ld+json\" class=\"yoast-schema-graph\">{\"@context\":\"https:\/\/schema.org\",\"@graph\":[{\"@type\":\"WebSite\",\"@id\":\"https:\/\/abrelivros.org.br\/site\/#website\",\"url\":\"https:\/\/abrelivros.org.br\/site\/\",\"name\":\"Abrelivros\",\"description\":\"\",\"potentialAction\":[{\"@type\":\"SearchAction\",\"target\":\"https:\/\/abrelivros.org.br\/site\/?s={search_term_string}\",\"query-input\":\"required name=search_term_string\"}],\"inLanguage\":\"pt-BR\"},{\"@type\":\"WebPage\",\"@id\":\"https:\/\/abrelivros.org.br\/site\/defensora-do-ensino-domiciliar-e-nomeada-para-coordenacao-no-mec\/#webpage\",\"url\":\"https:\/\/abrelivros.org.br\/site\/defensora-do-ensino-domiciliar-e-nomeada-para-coordenacao-no-mec\/\",\"name\":\"Defensora do ensino domiciliar \\u00e9 nomeada para coordena\\u00e7\\u00e3o no MEC &raquo; Abrelivros\",\"isPartOf\":{\"@id\":\"https:\/\/abrelivros.org.br\/site\/#website\"},\"datePublished\":\"2021-01-05T20:07:27+00:00\",\"dateModified\":\"2021-01-06T15:34:48+00:00\",\"author\":{\"@id\":\"https:\/\/abrelivros.org.br\/site\/#\/schema\/person\/65db80e26409802ce15ac5feec6a15fd\"},\"breadcrumb\":{\"@id\":\"https:\/\/abrelivros.org.br\/site\/defensora-do-ensino-domiciliar-e-nomeada-para-coordenacao-no-mec\/#breadcrumb\"},\"inLanguage\":\"pt-BR\",\"potentialAction\":[{\"@type\":\"ReadAction\",\"target\":[\"https:\/\/abrelivros.org.br\/site\/defensora-do-ensino-domiciliar-e-nomeada-para-coordenacao-no-mec\/\"]}]},{\"@type\":\"BreadcrumbList\",\"@id\":\"https:\/\/abrelivros.org.br\/site\/defensora-do-ensino-domiciliar-e-nomeada-para-coordenacao-no-mec\/#breadcrumb\",\"itemListElement\":[{\"@type\":\"ListItem\",\"position\":1,\"item\":{\"@type\":\"WebPage\",\"@id\":\"https:\/\/abrelivros.org.br\/site\/\",\"url\":\"https:\/\/abrelivros.org.br\/site\/\",\"name\":\"In\\u00edcio\"}},{\"@type\":\"ListItem\",\"position\":2,\"item\":{\"@type\":\"WebPage\",\"@id\":\"https:\/\/abrelivros.org.br\/site\/category\/noticias\/\",\"url\":\"https:\/\/abrelivros.org.br\/site\/category\/noticias\/\",\"name\":\"Not\\u00edcias\"}},{\"@type\":\"ListItem\",\"position\":3,\"item\":{\"@type\":\"WebPage\",\"@id\":\"https:\/\/abrelivros.org.br\/site\/category\/noticias\/noticias-da-imprensa\/\",\"url\":\"https:\/\/abrelivros.org.br\/site\/category\/noticias\/noticias-da-imprensa\/\",\"name\":\"Not\\u00edcias da imprensa\"}},{\"@type\":\"ListItem\",\"position\":4,\"item\":{\"@type\":\"WebPage\",\"@id\":\"https:\/\/abrelivros.org.br\/site\/defensora-do-ensino-domiciliar-e-nomeada-para-coordenacao-no-mec\/\",\"url\":\"https:\/\/abrelivros.org.br\/site\/defensora-do-ensino-domiciliar-e-nomeada-para-coordenacao-no-mec\/\",\"name\":\"Defensora do ensino domiciliar \\u00e9 nomeada para coordena\\u00e7\\u00e3o no MEC\"}}]},{\"@type\":\"Person\",\"@id\":\"https:\/\/abrelivros.org.br\/site\/#\/schema\/person\/65db80e26409802ce15ac5feec6a15fd\",\"name\":\"Reda\\u00e7\\u00e3o Abrelivros\",\"image\":{\"@type\":\"ImageObject\",\"@id\":\"https:\/\/abrelivros.org.br\/site\/#personlogo\",\"inLanguage\":\"pt-BR\",\"url\":\"https:\/\/secure.gravatar.com\/avatar\/c4e57f9c7e3482965bd428192061218520756c39080b1d1820b679fa5e9af192?s=96&d=mm&r=g\",\"caption\":\"Reda\\u00e7\\u00e3o Abrelivros\"}}]}<\/script>\n<!-- \/ Yoast SEO plugin. -->","_links":{"self":[{"href":"https:\/\/abrelivros.org.br\/site\/wp-json\/wp\/v2\/posts\/12906","targetHints":{"allow":["GET"]}}],"collection":[{"href":"https:\/\/abrelivros.org.br\/site\/wp-json\/wp\/v2\/posts"}],"about":[{"href":"https:\/\/abrelivros.org.br\/site\/wp-json\/wp\/v2\/types\/post"}],"author":[{"embeddable":true,"href":"https:\/\/abrelivros.org.br\/site\/wp-json\/wp\/v2\/users\/4"}],"replies":[{"embeddable":true,"href":"https:\/\/abrelivros.org.br\/site\/wp-json\/wp\/v2\/comments?post=12906"}],"version-history":[{"count":3,"href":"https:\/\/abrelivros.org.br\/site\/wp-json\/wp\/v2\/posts\/12906\/revisions"}],"predecessor-version":[{"id":12922,"href":"https:\/\/abrelivros.org.br\/site\/wp-json\/wp\/v2\/posts\/12906\/revisions\/12922"}],"wp:attachment":[{"href":"https:\/\/abrelivros.org.br\/site\/wp-json\/wp\/v2\/media?parent=12906"}],"wp:term":[{"taxonomy":"category","embeddable":true,"href":"https:\/\/abrelivros.org.br\/site\/wp-json\/wp\/v2\/categories?post=12906"},{"taxonomy":"post_tag","embeddable":true,"href":"https:\/\/abrelivros.org.br\/site\/wp-json\/wp\/v2\/tags?post=12906"}],"curies":[{"name":"wp","href":"https:\/\/api.w.org\/{rel}","templated":true}]}}