{"id":12902,"date":"2021-01-04T15:47:35","date_gmt":"2021-01-04T18:47:35","guid":{"rendered":"https:\/\/abrelivros.org.br\/site\/?p=12902"},"modified":"2021-01-04T15:48:53","modified_gmt":"2021-01-04T18:48:53","slug":"pelo-menos-15-estados-tem-previsao-de-retomada-presencial-das-aulas-em-2021","status":"publish","type":"post","link":"https:\/\/abrelivros.org.br\/site\/pelo-menos-15-estados-tem-previsao-de-retomada-presencial-das-aulas-em-2021\/","title":{"rendered":"Pelo menos 15 estados t\u00eam previs\u00e3o de retomada presencial das aulas em 2021"},"content":{"rendered":"<p>Ap\u00f3s um 2020 marcado por escolas fechadas por mais de sete meses e por incertezas sobre a volta para a sala de aula, o ano de 2021 deve come\u00e7ar com maior defini\u00e7\u00e3o sobre o retorno dos alunos para o ambiente escolar.<!--more--><\/p>\n<p>Pelo menos 15 redes p\u00fablicas estaduais \u2014entre elas as de S\u00e3o Paulo, Paran\u00e1 e Goi\u00e1s\u2014 j\u00e1 t\u00eam previs\u00e3o de retomada das atividades presenciais para este ano, que em geral deve acontecer entre os meses de janeiro e mar\u00e7o. Entre elas, apenas as do Amap\u00e1 e do Par\u00e1 ainda n\u00e3o definiram uma data para o retorno, apesar de manterem a previs\u00e3o de retomada presencial das aulas para 2021.<\/p>\n<p>Devido \u00e0 pandemia do coronav\u00edrus, a volta deve acontecer em formato h\u00edbrido (quando h\u00e1 uma mescla entre atividades a dist\u00e2ncia e presenciais), dando prioridade a estudantes de determinadas s\u00e9ries ou conforme um esquema de rod\u00edzio entre os alunos, a depender de cada estado.<\/p>\n<p>Outros quatro estados e o Distrito Federal j\u00e1 t\u00eam data marcada para a volta do ano letivo, mas ainda avaliam se a retomada ser\u00e1 totalmente remota ou em formato h\u00edbrido. Por outro lado, pelo menos cinco estados ainda n\u00e3o t\u00eam previs\u00e3o de volta das aulas presenciais para o pr\u00f3ximo ano.<\/p>\n<p>O levantamento foi realizado pelo UOL junto \u00e0s secretarias estaduais de educa\u00e7\u00e3o. Em alguns dos estados, as decis\u00f5es valem tamb\u00e9m para as escolas particulares. Em outros, fica a cargo de cada munic\u00edpio definir se h\u00e1 condi\u00e7\u00f5es para a reabertura dos col\u00e9gios privados.<\/p>\n<p>Em Goi\u00e1s, o retorno ser\u00e1 feito a partir de 25 de janeiro, em sistema de rod\u00edzio, com ocupa\u00e7\u00e3o de 30% da capacidade das escolas. De acordo com a secretaria de Educa\u00e7\u00e3o do estado, este primeiro momento do retorno priorizar\u00e1 os alunos do 2\u00ba e do 3\u00ba ano do ensino m\u00e9dio, do 9\u00ba ano do ensino fundamental e tamb\u00e9m aqueles que n\u00e3o tiverem acesso \u00e0 internet.<\/p>\n<p>No Piau\u00ed, um comit\u00ea de opera\u00e7\u00f5es emergenciais do governo do estado aprovou em dezembro um protocolo de retomada das aulas para as redes p\u00fablica e privada de ensino. Com isso, a partir de 1\u00ba de janeiro, as escolas poder\u00e3o definir suas datas de retorno, desde que apresentem um plano de medidas sanit\u00e1rias a serem seguidas.<\/p>\n<p>Apenas as creches poder\u00e3o funcionar de forma 100% presencial. Para todas as outras etapas de ensino, as atividades dever\u00e3o acontecer em formato h\u00edbrido.<\/p>\n<p>Nos estados do Cear\u00e1, Mato Grosso do Sul, Mato Grosso, Pernambuco, Paran\u00e1, Rio Grande do Norte, Santa Catarina e S\u00e3o Paulo a retomada est\u00e1 prevista para fevereiro. No Acre e no Sergipe, as redes estaduais devem retornar em mar\u00e7o.<\/p>\n<p>Em S\u00e3o Paulo, o governo Jo\u00e3o Doria (PSDB) anunciou uma mudan\u00e7a nos crit\u00e9rios de reabertura das escolas para permitir que col\u00e9gios p\u00fablicos e particulares recebam seus alunos presencialmente at\u00e9 mesmo na pior fase da pandemia. O secret\u00e1rio estadual de Educa\u00e7\u00e3o, Rossieli Soares, defendeu a abertura das escolas como prioridade e disse n\u00e3o ser poss\u00edvel vincular a vacina\u00e7\u00e3o contra a covid-19 com a volta \u00e0s aulas.<\/p>\n<p>Em Alagoas, a retomada ser\u00e1 autorizada para a rede privada a partir de 21 de janeiro. Na rede p\u00fablica estadual, o retorno deve acontecer em 1\u00ba de mar\u00e7o.<\/p>\n<p>&#8220;N\u00e3o d\u00e1 mais para levarmos adiante a educa\u00e7\u00e3o paralisada&#8221;, disse o governador Renan Filho (MDB) em dezembro. Segundo ele, ser\u00e1 permitido que pelo menos 50% dos alunos da rede privada e 30% dos estudantes da rede p\u00fablica possam retornar \u00e0s atividades presenciais.<\/p>\n<p>J\u00e1 os estados do Amap\u00e1 e do Par\u00e1 t\u00eam previs\u00e3o de retomada presencial das atividades para o ano de 2021, mas at\u00e9 o momento n\u00e3o definiram uma data para esse retorno.<\/p>\n<p><strong>Com data, mas sem modelo definido<\/strong><\/p>\n<p>Nos estados do Esp\u00edrito Santo, Maranh\u00e3o, Para\u00edba, Rio de Janeiro e no Distrito Federal o calend\u00e1rio para o ano letivo em 2021 j\u00e1 foi definido, mas ainda n\u00e3o h\u00e1 decis\u00e3o sobre o formato dessa retomada.<\/p>\n<p>Na rede p\u00fablica do Distrito Federal, por exemplo, o ano letivo de 2021 ter\u00e1 in\u00edcio em 8 de mar\u00e7o. Mas, segundo a secretaria de Educa\u00e7\u00e3o, a forma como isso ser\u00e1 feito -se de forma h\u00edbrida ou n\u00e3o\u2014 depender\u00e1 da situa\u00e7\u00e3o da pandemia nos meses de janeiro e fevereiro. J\u00e1 a rede particular tem autoriza\u00e7\u00e3o para manter o ensino h\u00edbrido ou presencial.<\/p>\n<p>No Rio de Janeiro, a volta das atividades na rede estadual de ensino est\u00e1 prevista para mar\u00e7o, e h\u00e1 dois poss\u00edveis planos para essa retomada. No primeiro deles, as atividades acontecer\u00e3o em formato h\u00edbrido. J\u00e1 no segundo, as aulas ser\u00e3o totalmente remotas. A decis\u00e3o sobre o formato a ser adotado, segundo a secretaria de Educa\u00e7\u00e3o, depender\u00e1 das recomenda\u00e7\u00f5es de um comit\u00ea cient\u00edfico e das autoridades de sa\u00fade.<\/p>\n<p><strong>Sem previs\u00e3o de retomada presencial<\/strong><\/p>\n<p>Nos estados do Amazonas, Bahia, Minas Gerais, Rond\u00f4nia e Roraima n\u00e3o h\u00e1, at\u00e9 o momento, uma previs\u00e3o ou defini\u00e7\u00e3o para a volta das atividades presenciais nas redes p\u00fablicas estaduais, e as atividades letivas devem ser retomadas de maneira remota em 2021.<\/p>\n<p>A secretaria de Educa\u00e7\u00e3o do Amazonas informou ao UOL que o calend\u00e1rio letivo de 2021 est\u00e1 sendo finalizado e que a forma de retorno est\u00e1 sendo estudada junto aos \u00f3rg\u00e3os de sa\u00fade. Nas \u00faltimas semanas, o governo do Amazonas imp\u00f4s uma s\u00e9rie de restri\u00e7\u00f5es ap\u00f3s o n\u00famero de casos e de interna\u00e7\u00f5es pela covid-19 voltar a aumentar.<\/p>\n<p>J\u00e1 os estados do Rio Grande do Sul e do Tocantins n\u00e3o informaram ao UOL se h\u00e1 previs\u00e3o de retomada presencial das atividades escolares em 2021. Em entrevista \u00e0 TV Anhanguera no in\u00edcio de dezembro, a secret\u00e1ria municipal de Educa\u00e7\u00e3o de Palmas, Cleizinir dos Santos, disse que planeja a volta \u00e0s aulas nas escolas p\u00fablicas do munic\u00edpio com 25% dos alunos em sala de aula a partir do m\u00eas de fevereiro.<\/p>\n<p>&nbsp;<\/p>\n","protected":false},"excerpt":{"rendered":"<p>Ap\u00f3s um 2020 marcado por escolas fechadas por mais de sete meses e por incertezas sobre a volta para a sala de aula, o ano de 2021 deve come\u00e7ar com maior defini\u00e7\u00e3o sobre o retorno dos alunos para o ambiente escolar.<\/p>\n","protected":false},"author":4,"featured_media":0,"comment_status":"closed","ping_status":"closed","sticky":false,"template":"","format":"standard","meta":{"footnotes":"","_links_to":"","_links_to_target":""},"categories":[9],"tags":[],"class_list":["post-12902","post","type-post","status-publish","format-standard","hentry","category-noticias-da-imprensa"],"yoast_head":"<!-- This site is optimized with the Yoast SEO plugin v15.1 - https:\/\/yoast.com\/wordpress\/plugins\/seo\/ -->\n<title>Pelo menos 15 estados t\u00eam previs\u00e3o de retomada presencial das aulas em 2021 &raquo; Abrelivros<\/title>\n<meta name=\"robots\" content=\"index, follow, max-snippet:-1, max-image-preview:large, max-video-preview:-1\" \/>\n<link rel=\"canonical\" href=\"https:\/\/abrelivros.org.br\/site\/pelo-menos-15-estados-tem-previsao-de-retomada-presencial-das-aulas-em-2021\/\" \/>\n<meta property=\"og:locale\" content=\"pt_BR\" \/>\n<meta property=\"og:type\" content=\"article\" \/>\n<meta property=\"og:title\" content=\"Pelo menos 15 estados t\u00eam previs\u00e3o de retomada presencial das aulas em 2021 &raquo; Abrelivros\" \/>\n<meta property=\"og:description\" content=\"Ap\u00f3s um 2020 marcado por escolas fechadas por mais de sete meses e por incertezas sobre a volta para a sala de aula, o ano de 2021 deve come\u00e7ar com maior defini\u00e7\u00e3o sobre o retorno dos alunos para o ambiente escolar.\" \/>\n<meta property=\"og:url\" content=\"https:\/\/abrelivros.org.br\/site\/pelo-menos-15-estados-tem-previsao-de-retomada-presencial-das-aulas-em-2021\/\" \/>\n<meta property=\"og:site_name\" content=\"Abrelivros\" \/>\n<meta property=\"article:published_time\" content=\"2021-01-04T18:47:35+00:00\" \/>\n<meta property=\"article:modified_time\" content=\"2021-01-04T18:48:53+00:00\" \/>\n<meta name=\"twitter:card\" content=\"summary_large_image\" \/>\n<script type=\"application\/ld+json\" class=\"yoast-schema-graph\">{\"@context\":\"https:\/\/schema.org\",\"@graph\":[{\"@type\":\"WebSite\",\"@id\":\"https:\/\/abrelivros.org.br\/site\/#website\",\"url\":\"https:\/\/abrelivros.org.br\/site\/\",\"name\":\"Abrelivros\",\"description\":\"\",\"potentialAction\":[{\"@type\":\"SearchAction\",\"target\":\"https:\/\/abrelivros.org.br\/site\/?s={search_term_string}\",\"query-input\":\"required name=search_term_string\"}],\"inLanguage\":\"pt-BR\"},{\"@type\":\"WebPage\",\"@id\":\"https:\/\/abrelivros.org.br\/site\/pelo-menos-15-estados-tem-previsao-de-retomada-presencial-das-aulas-em-2021\/#webpage\",\"url\":\"https:\/\/abrelivros.org.br\/site\/pelo-menos-15-estados-tem-previsao-de-retomada-presencial-das-aulas-em-2021\/\",\"name\":\"Pelo menos 15 estados t\\u00eam previs\\u00e3o de retomada presencial das aulas em 2021 &raquo; Abrelivros\",\"isPartOf\":{\"@id\":\"https:\/\/abrelivros.org.br\/site\/#website\"},\"datePublished\":\"2021-01-04T18:47:35+00:00\",\"dateModified\":\"2021-01-04T18:48:53+00:00\",\"author\":{\"@id\":\"https:\/\/abrelivros.org.br\/site\/#\/schema\/person\/65db80e26409802ce15ac5feec6a15fd\"},\"breadcrumb\":{\"@id\":\"https:\/\/abrelivros.org.br\/site\/pelo-menos-15-estados-tem-previsao-de-retomada-presencial-das-aulas-em-2021\/#breadcrumb\"},\"inLanguage\":\"pt-BR\",\"potentialAction\":[{\"@type\":\"ReadAction\",\"target\":[\"https:\/\/abrelivros.org.br\/site\/pelo-menos-15-estados-tem-previsao-de-retomada-presencial-das-aulas-em-2021\/\"]}]},{\"@type\":\"BreadcrumbList\",\"@id\":\"https:\/\/abrelivros.org.br\/site\/pelo-menos-15-estados-tem-previsao-de-retomada-presencial-das-aulas-em-2021\/#breadcrumb\",\"itemListElement\":[{\"@type\":\"ListItem\",\"position\":1,\"item\":{\"@type\":\"WebPage\",\"@id\":\"https:\/\/abrelivros.org.br\/site\/\",\"url\":\"https:\/\/abrelivros.org.br\/site\/\",\"name\":\"In\\u00edcio\"}},{\"@type\":\"ListItem\",\"position\":2,\"item\":{\"@type\":\"WebPage\",\"@id\":\"https:\/\/abrelivros.org.br\/site\/category\/noticias\/\",\"url\":\"https:\/\/abrelivros.org.br\/site\/category\/noticias\/\",\"name\":\"Not\\u00edcias\"}},{\"@type\":\"ListItem\",\"position\":3,\"item\":{\"@type\":\"WebPage\",\"@id\":\"https:\/\/abrelivros.org.br\/site\/category\/noticias\/noticias-da-imprensa\/\",\"url\":\"https:\/\/abrelivros.org.br\/site\/category\/noticias\/noticias-da-imprensa\/\",\"name\":\"Not\\u00edcias da imprensa\"}},{\"@type\":\"ListItem\",\"position\":4,\"item\":{\"@type\":\"WebPage\",\"@id\":\"https:\/\/abrelivros.org.br\/site\/pelo-menos-15-estados-tem-previsao-de-retomada-presencial-das-aulas-em-2021\/\",\"url\":\"https:\/\/abrelivros.org.br\/site\/pelo-menos-15-estados-tem-previsao-de-retomada-presencial-das-aulas-em-2021\/\",\"name\":\"Pelo menos 15 estados t\\u00eam previs\\u00e3o de retomada presencial das aulas em 2021\"}}]},{\"@type\":\"Person\",\"@id\":\"https:\/\/abrelivros.org.br\/site\/#\/schema\/person\/65db80e26409802ce15ac5feec6a15fd\",\"name\":\"Reda\\u00e7\\u00e3o Abrelivros\",\"image\":{\"@type\":\"ImageObject\",\"@id\":\"https:\/\/abrelivros.org.br\/site\/#personlogo\",\"inLanguage\":\"pt-BR\",\"url\":\"https:\/\/secure.gravatar.com\/avatar\/c4e57f9c7e3482965bd428192061218520756c39080b1d1820b679fa5e9af192?s=96&d=mm&r=g\",\"caption\":\"Reda\\u00e7\\u00e3o Abrelivros\"}}]}<\/script>\n<!-- \/ Yoast SEO plugin. -->","_links":{"self":[{"href":"https:\/\/abrelivros.org.br\/site\/wp-json\/wp\/v2\/posts\/12902","targetHints":{"allow":["GET"]}}],"collection":[{"href":"https:\/\/abrelivros.org.br\/site\/wp-json\/wp\/v2\/posts"}],"about":[{"href":"https:\/\/abrelivros.org.br\/site\/wp-json\/wp\/v2\/types\/post"}],"author":[{"embeddable":true,"href":"https:\/\/abrelivros.org.br\/site\/wp-json\/wp\/v2\/users\/4"}],"replies":[{"embeddable":true,"href":"https:\/\/abrelivros.org.br\/site\/wp-json\/wp\/v2\/comments?post=12902"}],"version-history":[{"count":1,"href":"https:\/\/abrelivros.org.br\/site\/wp-json\/wp\/v2\/posts\/12902\/revisions"}],"predecessor-version":[{"id":12903,"href":"https:\/\/abrelivros.org.br\/site\/wp-json\/wp\/v2\/posts\/12902\/revisions\/12903"}],"wp:attachment":[{"href":"https:\/\/abrelivros.org.br\/site\/wp-json\/wp\/v2\/media?parent=12902"}],"wp:term":[{"taxonomy":"category","embeddable":true,"href":"https:\/\/abrelivros.org.br\/site\/wp-json\/wp\/v2\/categories?post=12902"},{"taxonomy":"post_tag","embeddable":true,"href":"https:\/\/abrelivros.org.br\/site\/wp-json\/wp\/v2\/tags?post=12902"}],"curies":[{"name":"wp","href":"https:\/\/api.w.org\/{rel}","templated":true}]}}