{"id":12893,"date":"2020-12-23T12:37:48","date_gmt":"2020-12-23T15:37:48","guid":{"rendered":"https:\/\/abrelivros.org.br\/site\/?p=12893"},"modified":"2020-12-23T12:37:48","modified_gmt":"2020-12-23T15:37:48","slug":"especialistas-divergem-sobre-volta-obrigatoria-das-aulas-presenciais","status":"publish","type":"post","link":"https:\/\/abrelivros.org.br\/site\/especialistas-divergem-sobre-volta-obrigatoria-das-aulas-presenciais\/","title":{"rendered":"Especialistas divergem sobre volta obrigat\u00f3ria das aulas presenciais"},"content":{"rendered":"<p>Presidente do sindicato dos professores da rede estadual afirma que o retorno seria &#8216;irrespons\u00e1vel&#8217;; Associa\u00e7\u00e3o Brasileira de Escolas Particulares cita que a &#8216;educa\u00e7\u00e3o \u00e9 essencial&#8217;.<!--more--><\/p>\n<p>Diante do posicionamento do secret\u00e1rio estadual de Educa\u00e7\u00e3o de S\u00e3o Paulo, Rossieli Soares, ao defender a volta obrigat\u00f3ria de alunos e professores para aulas presenciais em 2021, especialistas divergem sobre o assunto. Maria Izabel, presidente da APEOESP, sindicato dos professores da rede estadual, afirma que o retorno seria &#8220;irrespons\u00e1vel&#8221;. J\u00e1 a Associa\u00e7\u00e3o Brasileira de Escolas Particulares (Abepar) diz que a &#8220;educa\u00e7\u00e3o \u00e9 essencial&#8221; e n\u00e3o deve se discutir sobre o retorno.<\/p>\n<p>&#8220;\u00c9 muito irrespons\u00e1vel a volta \u00e0s aulas presenciais, sobretudo no contexto da escola p\u00fablica. N\u00e3o temos uma estrutura nas escolas do Estado de S\u00e3o Paulo. N\u00e3o podemos fazer o distanciamento, em muitos locais as salas foram improvisadas. Temos at\u00e9 bibliotecas que viraram salas de aula. N\u00e3o tem arejamento, claridade, n\u00e3o temos sequer espa\u00e7os abertos para dar aula ao ar livre&#8221;, explica Maria Izabel.<\/p>\n<p>Ela diz n\u00e3o entender o posicionamento do secret\u00e1rio, que chegou a falar sobre a possibilidade de responsabilizar o pai que n\u00e3o levar o filho para a escola. &#8220;Se a ci\u00eancia j\u00e1 desenvolveu uma resposta com vacinas, por qual motivo ele n\u00e3o coloca os professores na primeira fase do plano de vacina\u00e7\u00e3o?&#8221;, questiona Maria Izabel. &#8220;A escola \u00e9 um ambiente de aglomera\u00e7\u00e3o. Agora seria a oportunidade do secret\u00e1rio dizer que est\u00e1 em defesa da vida dos professores, funcion\u00e1rios e toda a equipe de educa\u00e7\u00e3o. Isso n\u00e3o chega a 400 mil. Esse n\u00famero n\u00e3o vai interferir em nada. A nossa situa\u00e7\u00e3o \u00e9 preocupante e eu estou defendendo uma categoria que \u00e9 essencial&#8221;, ressalta.<\/p>\n<p>De acordo com Rossieli, &#8220;precisamos entender que h\u00e1 uma hierarquia na necessidade da vacina porque temos poucas&#8221;. Na sua opini\u00e3o, o ideal \u00e9 come\u00e7ar a proteger os idosos para as escolas voltarem.<\/p>\n<p>Artur Fonseca, que est\u00e1 no comando da Abepar, afirma que a ci\u00eancia e a sa\u00fade devem dizer como voltar \u00e0s aulas com seguran\u00e7a, mas jamais discutir se devemos retornar. &#8220;Apenas durante o impedimento n\u00f3s poder\u00edamos pensar em educa\u00e7\u00e3o n\u00e3o presencial. Para as crian\u00e7as menores e especialmente para as pessoas mais vulner\u00e1veis a escola \u00e9 um instrumento de avan\u00e7o social. Todos os mais vulner\u00e1veis dependem da educa\u00e7\u00e3o presencial. O secret\u00e1rio n\u00e3o est\u00e1 inventando nada. Estamos repetindo aquilo que aconteceu em todo o mundo civilizado&#8221;, defende o presidente.<\/p>\n<p>Em contraponto, Maria Izabel destaca que o Brasil n\u00e3o pode fazer compara\u00e7\u00f5es. &#8220;No quesito educa\u00e7\u00e3o estamos aqu\u00e9m dos outros pa\u00edses&#8221;, afirma. &#8220;Devemos lembrar que temos professores comprometidos com a escola p\u00fablica, caso contr\u00e1rio eles n\u00e3o estariam ganhando abaixo do piso salarial&#8221;, destaca.<\/p>\n<p>Em contato com a reportagem, a professora Nina Ranieri, coordenadora da C\u00e1tedra Unesco de direito \u00e0 educa\u00e7\u00e3o da USP, entra em defesa do retorno. Ela destaca que a decis\u00e3o se faz em benef\u00edcio do melhor interesse da crian\u00e7a e do adolescente, direitos previstos por documentos internacionais e artigos da constitui\u00e7\u00e3o.<\/p>\n<p>&#8220;A essa altura da pandemia j\u00e1 temos mais informa\u00e7\u00f5es sobre transmiss\u00e3o, tratamento e o que devemos fazer. Est\u00e1 mais do que comprovado que a volta \u00e0s aulas \u00e9 melhor do que o isolamento&#8221;, diz Ranieri, acrescentando que Rossieli est\u00e1 respaldado pelo ponto de vista jur\u00eddico.<\/p>\n<p>&#8220;Permitir a abertura de bares e restaurantes em determinadas fases do controle de isolamento social e n\u00e3o abrir as escolas \u00e9 algo que poderia ser questionado juridicamente. A educa\u00e7\u00e3o tem prioridade sobre as demais atividades. N\u00e3o \u00e9 apenas um direito, mas um dever.&#8221;<\/p>\n<p>&nbsp;<\/p>\n","protected":false},"excerpt":{"rendered":"<p>Presidente do sindicato dos professores da rede estadual afirma que o retorno seria &#8216;irrespons\u00e1vel&#8217;; Associa\u00e7\u00e3o Brasileira de Escolas Particulares cita que a &#8216;educa\u00e7\u00e3o \u00e9 essencial&#8217;.<\/p>\n","protected":false},"author":4,"featured_media":0,"comment_status":"closed","ping_status":"closed","sticky":false,"template":"","format":"standard","meta":{"footnotes":"","_links_to":"","_links_to_target":""},"categories":[9],"tags":[],"class_list":["post-12893","post","type-post","status-publish","format-standard","hentry","category-noticias-da-imprensa"],"yoast_head":"<!-- This site is optimized with the Yoast SEO plugin v15.1 - https:\/\/yoast.com\/wordpress\/plugins\/seo\/ -->\n<title>Especialistas divergem sobre volta obrigat\u00f3ria das aulas presenciais &raquo; Abrelivros<\/title>\n<meta name=\"robots\" content=\"index, follow, max-snippet:-1, max-image-preview:large, max-video-preview:-1\" \/>\n<link rel=\"canonical\" href=\"https:\/\/abrelivros.org.br\/site\/especialistas-divergem-sobre-volta-obrigatoria-das-aulas-presenciais\/\" \/>\n<meta property=\"og:locale\" content=\"pt_BR\" \/>\n<meta property=\"og:type\" content=\"article\" \/>\n<meta property=\"og:title\" content=\"Especialistas divergem sobre volta obrigat\u00f3ria das aulas presenciais &raquo; Abrelivros\" \/>\n<meta property=\"og:description\" content=\"Presidente do sindicato dos professores da rede estadual afirma que o retorno seria &#8216;irrespons\u00e1vel&#8217;; Associa\u00e7\u00e3o Brasileira de Escolas Particulares cita que a &#8216;educa\u00e7\u00e3o \u00e9 essencial&#8217;.\" \/>\n<meta property=\"og:url\" content=\"https:\/\/abrelivros.org.br\/site\/especialistas-divergem-sobre-volta-obrigatoria-das-aulas-presenciais\/\" \/>\n<meta property=\"og:site_name\" content=\"Abrelivros\" \/>\n<meta property=\"article:published_time\" content=\"2020-12-23T15:37:48+00:00\" \/>\n<meta name=\"twitter:card\" content=\"summary_large_image\" \/>\n<script type=\"application\/ld+json\" class=\"yoast-schema-graph\">{\"@context\":\"https:\/\/schema.org\",\"@graph\":[{\"@type\":\"WebSite\",\"@id\":\"https:\/\/abrelivros.org.br\/site\/#website\",\"url\":\"https:\/\/abrelivros.org.br\/site\/\",\"name\":\"Abrelivros\",\"description\":\"\",\"potentialAction\":[{\"@type\":\"SearchAction\",\"target\":\"https:\/\/abrelivros.org.br\/site\/?s={search_term_string}\",\"query-input\":\"required name=search_term_string\"}],\"inLanguage\":\"pt-BR\"},{\"@type\":\"WebPage\",\"@id\":\"https:\/\/abrelivros.org.br\/site\/especialistas-divergem-sobre-volta-obrigatoria-das-aulas-presenciais\/#webpage\",\"url\":\"https:\/\/abrelivros.org.br\/site\/especialistas-divergem-sobre-volta-obrigatoria-das-aulas-presenciais\/\",\"name\":\"Especialistas divergem sobre volta obrigat\\u00f3ria das aulas presenciais &raquo; Abrelivros\",\"isPartOf\":{\"@id\":\"https:\/\/abrelivros.org.br\/site\/#website\"},\"datePublished\":\"2020-12-23T15:37:48+00:00\",\"dateModified\":\"2020-12-23T15:37:48+00:00\",\"author\":{\"@id\":\"https:\/\/abrelivros.org.br\/site\/#\/schema\/person\/65db80e26409802ce15ac5feec6a15fd\"},\"breadcrumb\":{\"@id\":\"https:\/\/abrelivros.org.br\/site\/especialistas-divergem-sobre-volta-obrigatoria-das-aulas-presenciais\/#breadcrumb\"},\"inLanguage\":\"pt-BR\",\"potentialAction\":[{\"@type\":\"ReadAction\",\"target\":[\"https:\/\/abrelivros.org.br\/site\/especialistas-divergem-sobre-volta-obrigatoria-das-aulas-presenciais\/\"]}]},{\"@type\":\"BreadcrumbList\",\"@id\":\"https:\/\/abrelivros.org.br\/site\/especialistas-divergem-sobre-volta-obrigatoria-das-aulas-presenciais\/#breadcrumb\",\"itemListElement\":[{\"@type\":\"ListItem\",\"position\":1,\"item\":{\"@type\":\"WebPage\",\"@id\":\"https:\/\/abrelivros.org.br\/site\/\",\"url\":\"https:\/\/abrelivros.org.br\/site\/\",\"name\":\"In\\u00edcio\"}},{\"@type\":\"ListItem\",\"position\":2,\"item\":{\"@type\":\"WebPage\",\"@id\":\"https:\/\/abrelivros.org.br\/site\/category\/noticias\/\",\"url\":\"https:\/\/abrelivros.org.br\/site\/category\/noticias\/\",\"name\":\"Not\\u00edcias\"}},{\"@type\":\"ListItem\",\"position\":3,\"item\":{\"@type\":\"WebPage\",\"@id\":\"https:\/\/abrelivros.org.br\/site\/category\/noticias\/noticias-da-imprensa\/\",\"url\":\"https:\/\/abrelivros.org.br\/site\/category\/noticias\/noticias-da-imprensa\/\",\"name\":\"Not\\u00edcias da imprensa\"}},{\"@type\":\"ListItem\",\"position\":4,\"item\":{\"@type\":\"WebPage\",\"@id\":\"https:\/\/abrelivros.org.br\/site\/especialistas-divergem-sobre-volta-obrigatoria-das-aulas-presenciais\/\",\"url\":\"https:\/\/abrelivros.org.br\/site\/especialistas-divergem-sobre-volta-obrigatoria-das-aulas-presenciais\/\",\"name\":\"Especialistas divergem sobre volta obrigat\\u00f3ria das aulas presenciais\"}}]},{\"@type\":\"Person\",\"@id\":\"https:\/\/abrelivros.org.br\/site\/#\/schema\/person\/65db80e26409802ce15ac5feec6a15fd\",\"name\":\"Reda\\u00e7\\u00e3o Abrelivros\",\"image\":{\"@type\":\"ImageObject\",\"@id\":\"https:\/\/abrelivros.org.br\/site\/#personlogo\",\"inLanguage\":\"pt-BR\",\"url\":\"https:\/\/secure.gravatar.com\/avatar\/c4e57f9c7e3482965bd428192061218520756c39080b1d1820b679fa5e9af192?s=96&d=mm&r=g\",\"caption\":\"Reda\\u00e7\\u00e3o Abrelivros\"}}]}<\/script>\n<!-- \/ Yoast SEO plugin. -->","_links":{"self":[{"href":"https:\/\/abrelivros.org.br\/site\/wp-json\/wp\/v2\/posts\/12893","targetHints":{"allow":["GET"]}}],"collection":[{"href":"https:\/\/abrelivros.org.br\/site\/wp-json\/wp\/v2\/posts"}],"about":[{"href":"https:\/\/abrelivros.org.br\/site\/wp-json\/wp\/v2\/types\/post"}],"author":[{"embeddable":true,"href":"https:\/\/abrelivros.org.br\/site\/wp-json\/wp\/v2\/users\/4"}],"replies":[{"embeddable":true,"href":"https:\/\/abrelivros.org.br\/site\/wp-json\/wp\/v2\/comments?post=12893"}],"version-history":[{"count":1,"href":"https:\/\/abrelivros.org.br\/site\/wp-json\/wp\/v2\/posts\/12893\/revisions"}],"predecessor-version":[{"id":12894,"href":"https:\/\/abrelivros.org.br\/site\/wp-json\/wp\/v2\/posts\/12893\/revisions\/12894"}],"wp:attachment":[{"href":"https:\/\/abrelivros.org.br\/site\/wp-json\/wp\/v2\/media?parent=12893"}],"wp:term":[{"taxonomy":"category","embeddable":true,"href":"https:\/\/abrelivros.org.br\/site\/wp-json\/wp\/v2\/categories?post=12893"},{"taxonomy":"post_tag","embeddable":true,"href":"https:\/\/abrelivros.org.br\/site\/wp-json\/wp\/v2\/tags?post=12893"}],"curies":[{"name":"wp","href":"https:\/\/api.w.org\/{rel}","templated":true}]}}