{"id":12890,"date":"2020-12-23T12:32:25","date_gmt":"2020-12-23T15:32:25","guid":{"rendered":"https:\/\/abrelivros.org.br\/site\/?p=12890"},"modified":"2020-12-23T12:32:25","modified_gmt":"2020-12-23T15:32:25","slug":"nossas-escolas-ensinam-matematica-do-seculo-19","status":"publish","type":"post","link":"https:\/\/abrelivros.org.br\/site\/nossas-escolas-ensinam-matematica-do-seculo-19\/","title":{"rendered":"Nossas escolas ensinam matem\u00e1tica do s\u00e9culo 19"},"content":{"rendered":"<p>Atraso do ensino cria descompasso entre a forma\u00e7\u00e3o dos jovens e o que \u00e9 necess\u00e1rio para compreender o complexo mundo que nos cerca.<!--more--><\/p>\n<p>A pandemia for\u00e7ou uma mudan\u00e7a radical no modo como escolas est\u00e3o funcionando em todo o mundo e acredito que essa mudan\u00e7a ser\u00e1, em grande medida, irrevers\u00edvel. N\u00e3o creio que voltaremos a ensinar nenhuma disciplina, particularmente a matem\u00e1tica, do modo tradicional. Ali\u00e1s, n\u00e3o \u00e9 desej\u00e1vel que o fa\u00e7amos: com a crise, v\u00eam oportunidades de progresso que urge explorar.<\/p>\n<p>Por outro lado, compreender qual \u00e9 o papel que as tecnologias virtuais podem e devem ter no ambiente de ensino \u00e9 um desafio que ainda estamos longe de ter resolvido. A intera\u00e7\u00e3o humana tem um papel fundamental no processo pedag\u00f3gico e n\u00e3o \u00e9 razo\u00e1vel pensar que a presen\u00e7a do professor na sala de aula poder\u00e1 ser substitu\u00edda no futuro previs\u00edvel. No caso da matem\u00e1tica, a quest\u00e3o \u00e9 particularmente cr\u00edtica, porque a aprendizagem da disciplina \u00e9 um processo inerentemente interativo entre a crian\u00e7a e o professor.<\/p>\n<p>Para al\u00e9m da quest\u00e3o do &#8220;como&#8221;, importa tamb\u00e9m questionar &#8220;o qu\u00ea&#8221; vamos ensinar na matem\u00e1tica daqui a 10 ou 20 anos. Para projetar o futuro, \u00e9 \u00fatil analisar o passado.<\/p>\n<p>No in\u00edcio do s\u00e9culo 20, o alem\u00e3o Felix Klein (1849-1925), excelente matem\u00e1tico que tamb\u00e9m se interessava de maneira muito concreta pela forma\u00e7\u00e3o de professores, compreendeu que os curr\u00edculos escolares da Alemanha e outros pa\u00edses tinham parado de evoluir. Na sua vis\u00e3o, as escolas da \u00e9poca continuavam ensinando a matem\u00e1tica do s\u00e9culo 18 ou anterior, ignorando todo o corpo de conhecimento que fora desenvolvido no s\u00e9culo seguinte.<\/p>\n<p>Isso levou Klein a lan\u00e7ar uma iniciativa internacional visando trazer para a sala de aula a matem\u00e1tica descoberta ao longo do s\u00e9culo 19, al\u00e9m de contribuir para adequar a forma\u00e7\u00e3o dos docentes aos novos tempos. A revolu\u00e7\u00e3o que ele iniciou influenciou profundamente diversos pa\u00edses, sobretudo os mais avan\u00e7ados. O Brasil, com um sistema educativo ainda prec\u00e1rio, infelizmente, ficou fora desse processo inovador e teve que correr atr\u00e1s bem mais tarde. Na verdade, continua correndo.<\/p>\n<p>O que Klein disse h\u00e1 mais de 100 anos atr\u00e1s continua valendo hoje. Nas nossas escolas estamos ensinando, na melhor das hip\u00f3teses, matem\u00e1tica do s\u00e9culo 19. E isso cria um descompasso entre a forma\u00e7\u00e3o que damos aos nossos jovens e as reais necessidades para o exerc\u00edcio das profiss\u00f5es do s\u00e9culo 21 e para a compreens\u00e3o do complexo mundo que nos cerca, que \u00e9 o objetivo maior da matem\u00e1tica.<\/p>\n<p>&nbsp;<\/p>\n","protected":false},"excerpt":{"rendered":"<p>Atraso do ensino cria descompasso entre a forma\u00e7\u00e3o dos jovens e o que \u00e9 necess\u00e1rio para compreender o complexo mundo que nos cerca.<\/p>\n","protected":false},"author":4,"featured_media":0,"comment_status":"closed","ping_status":"closed","sticky":false,"template":"","format":"standard","meta":{"footnotes":"","_links_to":"","_links_to_target":""},"categories":[9],"tags":[],"class_list":["post-12890","post","type-post","status-publish","format-standard","hentry","category-noticias-da-imprensa"],"yoast_head":"<!-- This site is optimized with the Yoast SEO plugin v15.1 - https:\/\/yoast.com\/wordpress\/plugins\/seo\/ -->\n<title>Nossas escolas ensinam matem\u00e1tica do s\u00e9culo 19 &raquo; Abrelivros<\/title>\n<meta name=\"robots\" content=\"index, follow, max-snippet:-1, max-image-preview:large, max-video-preview:-1\" \/>\n<link rel=\"canonical\" href=\"https:\/\/abrelivros.org.br\/site\/nossas-escolas-ensinam-matematica-do-seculo-19\/\" \/>\n<meta property=\"og:locale\" content=\"pt_BR\" \/>\n<meta property=\"og:type\" content=\"article\" \/>\n<meta property=\"og:title\" content=\"Nossas escolas ensinam matem\u00e1tica do s\u00e9culo 19 &raquo; Abrelivros\" \/>\n<meta property=\"og:description\" content=\"Atraso do ensino cria descompasso entre a forma\u00e7\u00e3o dos jovens e o que \u00e9 necess\u00e1rio para compreender o complexo mundo que nos cerca.\" \/>\n<meta property=\"og:url\" content=\"https:\/\/abrelivros.org.br\/site\/nossas-escolas-ensinam-matematica-do-seculo-19\/\" \/>\n<meta property=\"og:site_name\" content=\"Abrelivros\" \/>\n<meta property=\"article:published_time\" content=\"2020-12-23T15:32:25+00:00\" \/>\n<meta name=\"twitter:card\" content=\"summary_large_image\" \/>\n<script type=\"application\/ld+json\" class=\"yoast-schema-graph\">{\"@context\":\"https:\/\/schema.org\",\"@graph\":[{\"@type\":\"WebSite\",\"@id\":\"https:\/\/abrelivros.org.br\/site\/#website\",\"url\":\"https:\/\/abrelivros.org.br\/site\/\",\"name\":\"Abrelivros\",\"description\":\"\",\"potentialAction\":[{\"@type\":\"SearchAction\",\"target\":\"https:\/\/abrelivros.org.br\/site\/?s={search_term_string}\",\"query-input\":\"required name=search_term_string\"}],\"inLanguage\":\"pt-BR\"},{\"@type\":\"WebPage\",\"@id\":\"https:\/\/abrelivros.org.br\/site\/nossas-escolas-ensinam-matematica-do-seculo-19\/#webpage\",\"url\":\"https:\/\/abrelivros.org.br\/site\/nossas-escolas-ensinam-matematica-do-seculo-19\/\",\"name\":\"Nossas escolas ensinam matem\\u00e1tica do s\\u00e9culo 19 &raquo; Abrelivros\",\"isPartOf\":{\"@id\":\"https:\/\/abrelivros.org.br\/site\/#website\"},\"datePublished\":\"2020-12-23T15:32:25+00:00\",\"dateModified\":\"2020-12-23T15:32:25+00:00\",\"author\":{\"@id\":\"https:\/\/abrelivros.org.br\/site\/#\/schema\/person\/65db80e26409802ce15ac5feec6a15fd\"},\"breadcrumb\":{\"@id\":\"https:\/\/abrelivros.org.br\/site\/nossas-escolas-ensinam-matematica-do-seculo-19\/#breadcrumb\"},\"inLanguage\":\"pt-BR\",\"potentialAction\":[{\"@type\":\"ReadAction\",\"target\":[\"https:\/\/abrelivros.org.br\/site\/nossas-escolas-ensinam-matematica-do-seculo-19\/\"]}]},{\"@type\":\"BreadcrumbList\",\"@id\":\"https:\/\/abrelivros.org.br\/site\/nossas-escolas-ensinam-matematica-do-seculo-19\/#breadcrumb\",\"itemListElement\":[{\"@type\":\"ListItem\",\"position\":1,\"item\":{\"@type\":\"WebPage\",\"@id\":\"https:\/\/abrelivros.org.br\/site\/\",\"url\":\"https:\/\/abrelivros.org.br\/site\/\",\"name\":\"In\\u00edcio\"}},{\"@type\":\"ListItem\",\"position\":2,\"item\":{\"@type\":\"WebPage\",\"@id\":\"https:\/\/abrelivros.org.br\/site\/category\/noticias\/\",\"url\":\"https:\/\/abrelivros.org.br\/site\/category\/noticias\/\",\"name\":\"Not\\u00edcias\"}},{\"@type\":\"ListItem\",\"position\":3,\"item\":{\"@type\":\"WebPage\",\"@id\":\"https:\/\/abrelivros.org.br\/site\/category\/noticias\/noticias-da-imprensa\/\",\"url\":\"https:\/\/abrelivros.org.br\/site\/category\/noticias\/noticias-da-imprensa\/\",\"name\":\"Not\\u00edcias da imprensa\"}},{\"@type\":\"ListItem\",\"position\":4,\"item\":{\"@type\":\"WebPage\",\"@id\":\"https:\/\/abrelivros.org.br\/site\/nossas-escolas-ensinam-matematica-do-seculo-19\/\",\"url\":\"https:\/\/abrelivros.org.br\/site\/nossas-escolas-ensinam-matematica-do-seculo-19\/\",\"name\":\"Nossas escolas ensinam matem\\u00e1tica do s\\u00e9culo 19\"}}]},{\"@type\":\"Person\",\"@id\":\"https:\/\/abrelivros.org.br\/site\/#\/schema\/person\/65db80e26409802ce15ac5feec6a15fd\",\"name\":\"Reda\\u00e7\\u00e3o Abrelivros\",\"image\":{\"@type\":\"ImageObject\",\"@id\":\"https:\/\/abrelivros.org.br\/site\/#personlogo\",\"inLanguage\":\"pt-BR\",\"url\":\"https:\/\/secure.gravatar.com\/avatar\/c4e57f9c7e3482965bd428192061218520756c39080b1d1820b679fa5e9af192?s=96&d=mm&r=g\",\"caption\":\"Reda\\u00e7\\u00e3o Abrelivros\"}}]}<\/script>\n<!-- \/ Yoast SEO plugin. -->","_links":{"self":[{"href":"https:\/\/abrelivros.org.br\/site\/wp-json\/wp\/v2\/posts\/12890","targetHints":{"allow":["GET"]}}],"collection":[{"href":"https:\/\/abrelivros.org.br\/site\/wp-json\/wp\/v2\/posts"}],"about":[{"href":"https:\/\/abrelivros.org.br\/site\/wp-json\/wp\/v2\/types\/post"}],"author":[{"embeddable":true,"href":"https:\/\/abrelivros.org.br\/site\/wp-json\/wp\/v2\/users\/4"}],"replies":[{"embeddable":true,"href":"https:\/\/abrelivros.org.br\/site\/wp-json\/wp\/v2\/comments?post=12890"}],"version-history":[{"count":1,"href":"https:\/\/abrelivros.org.br\/site\/wp-json\/wp\/v2\/posts\/12890\/revisions"}],"predecessor-version":[{"id":12892,"href":"https:\/\/abrelivros.org.br\/site\/wp-json\/wp\/v2\/posts\/12890\/revisions\/12892"}],"wp:attachment":[{"href":"https:\/\/abrelivros.org.br\/site\/wp-json\/wp\/v2\/media?parent=12890"}],"wp:term":[{"taxonomy":"category","embeddable":true,"href":"https:\/\/abrelivros.org.br\/site\/wp-json\/wp\/v2\/categories?post=12890"},{"taxonomy":"post_tag","embeddable":true,"href":"https:\/\/abrelivros.org.br\/site\/wp-json\/wp\/v2\/tags?post=12890"}],"curies":[{"name":"wp","href":"https:\/\/api.w.org\/{rel}","templated":true}]}}