{"id":12885,"date":"2020-12-23T12:20:53","date_gmt":"2020-12-23T15:20:53","guid":{"rendered":"https:\/\/abrelivros.org.br\/site\/?p=12885"},"modified":"2020-12-23T12:21:15","modified_gmt":"2020-12-23T15:21:15","slug":"nao-se-forma-leitores-com-imposicoes","status":"publish","type":"post","link":"https:\/\/abrelivros.org.br\/site\/nao-se-forma-leitores-com-imposicoes\/","title":{"rendered":"N\u00e3o se forma leitores com imposi\u00e7\u00f5es"},"content":{"rendered":"<p>Em artigo, Mar\u00edlia Paiva, presidenta do Conselho Regional de Biblioteconomia da 6\u00aa Regi\u00e3o questiona projeto de lei do deputado Alexandre Frota que quer obrigar alunos a lerem pelo menos um livro por semestre.<!--more--><\/p>\n<p>No \u00faltimo dia 3, o deputado federal Alexandre Frota (PSDB-SP) entregou \u00e0s comiss\u00f5es de Educa\u00e7\u00e3o e de Constitui\u00e7\u00e3o e Justi\u00e7a e de Cidadania um projeto de lei, obrigando a leitura de pelo menos um livro por semestre &#8211; cujo conte\u00fado \u201cser\u00e1 de livre escolha da escola ou do docente respons\u00e1vel pela classe\u201d &#8211; em todas as institui\u00e7\u00f5es brasileiras de ensino p\u00fablico. O deputado justifica que a legisla\u00e7\u00e3o auxiliar\u00e1 na aprendizagem e contribuir\u00e1 para os alunos tomarem gosto e, consequentemente, criarem o h\u00e1bito de ler.<\/p>\n<p>Por mais bem intencionado que o deputado seja, faltou algo fundamental na elabora\u00e7\u00e3o desse tipo de lei: a leitura de estudos e pesquisas j\u00e1 realizadas por especialistas sobre a forma\u00e7\u00e3o do leitor na escola. Talvez o pr\u00f3prio deputado n\u00e3o seja um leitor de literatura, e isso explica alguma coisa, tamb\u00e9m.<\/p>\n<p>Pelo teor da proposta, parece que o deputado desconhece o trabalho \u00e1rduo de centenas de milhares de docentes do ensino b\u00e1sico, que se esfor\u00e7am por formar leitores num pa\u00eds que nunca colocou a educa\u00e7\u00e3o p\u00fablica como uma prioridade real. O deputado tamb\u00e9m desconhece certamente a pesquisa Retratos da Leitura no Brasil: Bibliotecas Escolares, de 2019, que identifica quais condi\u00e7\u00f5es oferecidas pelas bibliotecas escolares que impactam positivamente na melhor performance dos alunos em provas de l\u00edngua portuguesa e no Ideb, por exemplo. Tamb\u00e9m deve ignorar outro estudo de 2019, financiado pela Unesco e coordenado por professora da UFMG, que demonstra que escolas bem estruturadas podem causar impactos positivos no ambiente escolar e \u00e9 um apoio poderoso para a aprendizagem.<\/p>\n<p>O ousado e poderoso Plano Nacional do Livro e da Leitura (PNLL), proposto em 2006 numa hist\u00f3rica parceira do Minist\u00e9rio da Cultura e Educa\u00e7\u00e3o, tornou-se a tacanha Pol\u00edtica Nacional de Leitura e Escrita (PNLE) de 2018, dentro desse mesmo Congresso de onde brota hoje essa proposta simplista e ignorante.<\/p>\n<p>Gera\u00e7\u00f5es de brasileiras e brasileiros de todas n\u00e3o tiveram e n\u00e3o t\u00eam acesso \u00e0s condi\u00e7\u00f5es que os permitiriam exercer o direito \u00e0 leitura, mas o nobre deputado acredita que uma imposi\u00e7\u00e3o legislativa de mais uma tarefa escolar ir\u00e1 transformar nosso pa\u00eds na &#8220;Terra Encantada dos Leitores de Livros&#8221;. Mal sabe o deputado que a leitura resiste a imposi\u00e7\u00f5es: ler \u00e9 verbo que n\u00e3o aceita bem o imperativo.<\/p>\n<p>Fam\u00edlias sem acesso \u00e0 cultura letrada, professores sobrecarregados em escolas sem infraestrutura adequada ao aprendizado, bibliotecas inexistentes ou sucateadas, falta de investimento em educa\u00e7\u00e3o e cultura, s\u00e3o muitos problemas \u00e0 espera de iniciativas do poder p\u00fablico. Que sejam feitos os esfor\u00e7os necess\u00e1rios, e ent\u00e3o as fam\u00edlias, professores e bibliotec\u00e1rios ter\u00e3o condi\u00e7\u00f5es de fazer sua tarefa, ajudando a transformar o Brasil num pa\u00eds de leitores.<\/p>\n<p><em>* Mar\u00edlia Paiva &#8211; Presidenta do Conselho Regional de Biblioteconomia da 6\u00aa Regi\u00e3o<\/em><\/p>\n<p>** Este texto n\u00e3o reflete, necessariamente, a opini\u00e3o do PublishNews.<\/p>\n","protected":false},"excerpt":{"rendered":"<p>Em artigo, Mar\u00edlia Paiva, presidenta do Conselho Regional de Biblioteconomia da 6\u00aa Regi\u00e3o questiona projeto de lei do deputado Alexandre Frota que quer obrigar alunos a lerem pelo menos um livro por semestre.<\/p>\n","protected":false},"author":4,"featured_media":0,"comment_status":"closed","ping_status":"closed","sticky":false,"template":"","format":"standard","meta":{"footnotes":"","_links_to":"","_links_to_target":""},"categories":[9],"tags":[],"class_list":["post-12885","post","type-post","status-publish","format-standard","hentry","category-noticias-da-imprensa"],"yoast_head":"<!-- This site is optimized with the Yoast SEO plugin v15.1 - https:\/\/yoast.com\/wordpress\/plugins\/seo\/ -->\n<title>N\u00e3o se forma leitores com imposi\u00e7\u00f5es &raquo; Abrelivros<\/title>\n<meta name=\"robots\" content=\"index, follow, max-snippet:-1, max-image-preview:large, max-video-preview:-1\" \/>\n<link rel=\"canonical\" href=\"https:\/\/abrelivros.org.br\/site\/nao-se-forma-leitores-com-imposicoes\/\" \/>\n<meta property=\"og:locale\" content=\"pt_BR\" \/>\n<meta property=\"og:type\" content=\"article\" \/>\n<meta property=\"og:title\" content=\"N\u00e3o se forma leitores com imposi\u00e7\u00f5es &raquo; Abrelivros\" \/>\n<meta property=\"og:description\" content=\"Em artigo, Mar\u00edlia Paiva, presidenta do Conselho Regional de Biblioteconomia da 6\u00aa Regi\u00e3o questiona projeto de lei do deputado Alexandre Frota que quer obrigar alunos a lerem pelo menos um livro por semestre.\" \/>\n<meta property=\"og:url\" content=\"https:\/\/abrelivros.org.br\/site\/nao-se-forma-leitores-com-imposicoes\/\" \/>\n<meta property=\"og:site_name\" content=\"Abrelivros\" \/>\n<meta property=\"article:published_time\" content=\"2020-12-23T15:20:53+00:00\" \/>\n<meta property=\"article:modified_time\" content=\"2020-12-23T15:21:15+00:00\" \/>\n<meta name=\"twitter:card\" content=\"summary_large_image\" \/>\n<script type=\"application\/ld+json\" class=\"yoast-schema-graph\">{\"@context\":\"https:\/\/schema.org\",\"@graph\":[{\"@type\":\"WebSite\",\"@id\":\"https:\/\/abrelivros.org.br\/site\/#website\",\"url\":\"https:\/\/abrelivros.org.br\/site\/\",\"name\":\"Abrelivros\",\"description\":\"\",\"potentialAction\":[{\"@type\":\"SearchAction\",\"target\":\"https:\/\/abrelivros.org.br\/site\/?s={search_term_string}\",\"query-input\":\"required name=search_term_string\"}],\"inLanguage\":\"pt-BR\"},{\"@type\":\"WebPage\",\"@id\":\"https:\/\/abrelivros.org.br\/site\/nao-se-forma-leitores-com-imposicoes\/#webpage\",\"url\":\"https:\/\/abrelivros.org.br\/site\/nao-se-forma-leitores-com-imposicoes\/\",\"name\":\"N\\u00e3o se forma leitores com imposi\\u00e7\\u00f5es &raquo; Abrelivros\",\"isPartOf\":{\"@id\":\"https:\/\/abrelivros.org.br\/site\/#website\"},\"datePublished\":\"2020-12-23T15:20:53+00:00\",\"dateModified\":\"2020-12-23T15:21:15+00:00\",\"author\":{\"@id\":\"https:\/\/abrelivros.org.br\/site\/#\/schema\/person\/65db80e26409802ce15ac5feec6a15fd\"},\"breadcrumb\":{\"@id\":\"https:\/\/abrelivros.org.br\/site\/nao-se-forma-leitores-com-imposicoes\/#breadcrumb\"},\"inLanguage\":\"pt-BR\",\"potentialAction\":[{\"@type\":\"ReadAction\",\"target\":[\"https:\/\/abrelivros.org.br\/site\/nao-se-forma-leitores-com-imposicoes\/\"]}]},{\"@type\":\"BreadcrumbList\",\"@id\":\"https:\/\/abrelivros.org.br\/site\/nao-se-forma-leitores-com-imposicoes\/#breadcrumb\",\"itemListElement\":[{\"@type\":\"ListItem\",\"position\":1,\"item\":{\"@type\":\"WebPage\",\"@id\":\"https:\/\/abrelivros.org.br\/site\/\",\"url\":\"https:\/\/abrelivros.org.br\/site\/\",\"name\":\"In\\u00edcio\"}},{\"@type\":\"ListItem\",\"position\":2,\"item\":{\"@type\":\"WebPage\",\"@id\":\"https:\/\/abrelivros.org.br\/site\/category\/noticias\/\",\"url\":\"https:\/\/abrelivros.org.br\/site\/category\/noticias\/\",\"name\":\"Not\\u00edcias\"}},{\"@type\":\"ListItem\",\"position\":3,\"item\":{\"@type\":\"WebPage\",\"@id\":\"https:\/\/abrelivros.org.br\/site\/category\/noticias\/noticias-da-imprensa\/\",\"url\":\"https:\/\/abrelivros.org.br\/site\/category\/noticias\/noticias-da-imprensa\/\",\"name\":\"Not\\u00edcias da imprensa\"}},{\"@type\":\"ListItem\",\"position\":4,\"item\":{\"@type\":\"WebPage\",\"@id\":\"https:\/\/abrelivros.org.br\/site\/nao-se-forma-leitores-com-imposicoes\/\",\"url\":\"https:\/\/abrelivros.org.br\/site\/nao-se-forma-leitores-com-imposicoes\/\",\"name\":\"N\\u00e3o se forma leitores com imposi\\u00e7\\u00f5es\"}}]},{\"@type\":\"Person\",\"@id\":\"https:\/\/abrelivros.org.br\/site\/#\/schema\/person\/65db80e26409802ce15ac5feec6a15fd\",\"name\":\"Reda\\u00e7\\u00e3o Abrelivros\",\"image\":{\"@type\":\"ImageObject\",\"@id\":\"https:\/\/abrelivros.org.br\/site\/#personlogo\",\"inLanguage\":\"pt-BR\",\"url\":\"https:\/\/secure.gravatar.com\/avatar\/c4e57f9c7e3482965bd428192061218520756c39080b1d1820b679fa5e9af192?s=96&d=mm&r=g\",\"caption\":\"Reda\\u00e7\\u00e3o Abrelivros\"}}]}<\/script>\n<!-- \/ Yoast SEO plugin. -->","_links":{"self":[{"href":"https:\/\/abrelivros.org.br\/site\/wp-json\/wp\/v2\/posts\/12885","targetHints":{"allow":["GET"]}}],"collection":[{"href":"https:\/\/abrelivros.org.br\/site\/wp-json\/wp\/v2\/posts"}],"about":[{"href":"https:\/\/abrelivros.org.br\/site\/wp-json\/wp\/v2\/types\/post"}],"author":[{"embeddable":true,"href":"https:\/\/abrelivros.org.br\/site\/wp-json\/wp\/v2\/users\/4"}],"replies":[{"embeddable":true,"href":"https:\/\/abrelivros.org.br\/site\/wp-json\/wp\/v2\/comments?post=12885"}],"version-history":[{"count":2,"href":"https:\/\/abrelivros.org.br\/site\/wp-json\/wp\/v2\/posts\/12885\/revisions"}],"predecessor-version":[{"id":12887,"href":"https:\/\/abrelivros.org.br\/site\/wp-json\/wp\/v2\/posts\/12885\/revisions\/12887"}],"wp:attachment":[{"href":"https:\/\/abrelivros.org.br\/site\/wp-json\/wp\/v2\/media?parent=12885"}],"wp:term":[{"taxonomy":"category","embeddable":true,"href":"https:\/\/abrelivros.org.br\/site\/wp-json\/wp\/v2\/categories?post=12885"},{"taxonomy":"post_tag","embeddable":true,"href":"https:\/\/abrelivros.org.br\/site\/wp-json\/wp\/v2\/tags?post=12885"}],"curies":[{"name":"wp","href":"https:\/\/api.w.org\/{rel}","templated":true}]}}