{"id":12881,"date":"2020-12-21T16:43:15","date_gmt":"2020-12-21T19:43:15","guid":{"rendered":"https:\/\/abrelivros.org.br\/site\/?p=12881"},"modified":"2020-12-21T16:47:12","modified_gmt":"2020-12-21T19:47:12","slug":"consed-faz-reuniao-extraordinaria-para-discutir-frente-de-curriculo-e-novo-ensino-medio","status":"publish","type":"post","link":"https:\/\/abrelivros.org.br\/site\/consed-faz-reuniao-extraordinaria-para-discutir-frente-de-curriculo-e-novo-ensino-medio\/","title":{"rendered":"Consed faz reuni\u00e3o extraordin\u00e1ria para discutir Frente de Curr\u00edculo e Novo Ensino M\u00e9dio"},"content":{"rendered":"<p>Secret\u00e1rios de Educa\u00e7\u00e3o e respons\u00e1veis pelo Ensino M\u00e9dio nas redes estaduais participaram de reuni\u00e3o extraordin\u00e1ria do Consed para uma devolutiva da Frente de Curr\u00edculo e Novo Ensino M\u00e9dio. A Frente \u00e9 coordenada pelo secret\u00e1rio de Educa\u00e7\u00e3o de Santa Catarina, Natalino Uggioni.<!--more--><\/p>\n<p>Na ocasi\u00e3o, Ugionni apresentou um relat\u00f3rio sobre o andamento da escrita e da homologa\u00e7\u00e3o dos curr\u00edculos do Novo Ensino M\u00e9dio nos estados, destacando que \u00e9 preciso melhorar o fluxo de informa\u00e7\u00f5es entre as coordenadorias nas secretarias e o Consed. \u201cH\u00e1 ainda a necessidade de uma forma\u00e7\u00e3o para o trabalho da arquitetura\u201d, continuou o secret\u00e1rio.<\/p>\n<p>Sobre as a\u00e7\u00f5es que a frente tem realizado, Natalino disse que tem dialogado com institui\u00e7\u00f5es estrat\u00e9gicas para a elabora\u00e7\u00e3o de livros did\u00e1ticos da etapa de ensino. \u201cH\u00e1 ainda uma interlocu\u00e7\u00e3o com o MEC e o FNDE para que se possa desenhar uma estrat\u00e9gia de apoio aos estados, fortalecendo o regime de colabora\u00e7\u00e3o.\u201d Sobre isso, o secret\u00e1rio lembrou a \u00faltima reuni\u00e3o com a Secret\u00e1ria de Educa\u00e7\u00e3o B\u00e1sica do MEC, Izabel Pessoa, que garantiu a contrata\u00e7\u00e3o de novos consultores para os estados, com recursos do Banco Mundial.<\/p>\n<p>Tamb\u00e9m est\u00e1 sendo feita uma escuta dos estados, por meio de conversas com os coordenadores e consultores. A ideia \u00e9 compreender as principais demandas e ang\u00fastias para 2021. Algumas j\u00e1 foram identificadas, como a forma\u00e7\u00e3o continuada dos t\u00e9cnicos das secretarias que atuam com PAR e SIMEC, e apoio \u00e0s a\u00e7\u00f5es dos estados no Ensino M\u00e9dio Noturno e EJA.<\/p>\n<p>Ao avaliar a devolutiva, o secret\u00e1rio Jer\u00f4nimo Rodrigues (BA) destacou o papel do Consed na governan\u00e7a da Frente do Ensino M\u00e9dio, uma vez que os estados s\u00e3o respons\u00e1veis por mais de 80% da matr\u00edcula nessa etapa. Ele tamb\u00e9m destacou a necessidade de uma constru\u00e7\u00e3o inclusiva do Novo Ensino M\u00e9dio, com um olhar atendo \u00e0 diversidade. J\u00e1 o secret\u00e1rio Get\u00falio Ferreira (RN), destacou o cuidado com o perfil dos consultores que auxiliam os estados nessa constru\u00e7\u00e3o e a necessidade desse profissional ser do estado, para que o hist\u00f3rico do seu trabalho n\u00e3o seja perdido ao final do seu contrato.<\/p>\n","protected":false},"excerpt":{"rendered":"<p>Secret\u00e1rios de Educa\u00e7\u00e3o e respons\u00e1veis pelo Ensino M\u00e9dio nas redes estaduais participaram de reuni\u00e3o extraordin\u00e1ria do Consed para uma devolutiva da Frente de Curr\u00edculo e Novo Ensino M\u00e9dio. A Frente \u00e9 coordenada pelo secret\u00e1rio de Educa\u00e7\u00e3o de Santa Catarina, Natalino Uggioni.<\/p>\n","protected":false},"author":4,"featured_media":0,"comment_status":"closed","ping_status":"closed","sticky":false,"template":"","format":"standard","meta":{"footnotes":"","_links_to":"","_links_to_target":""},"categories":[9],"tags":[],"class_list":["post-12881","post","type-post","status-publish","format-standard","hentry","category-noticias-da-imprensa"],"yoast_head":"<!-- This site is optimized with the Yoast SEO plugin v15.1 - https:\/\/yoast.com\/wordpress\/plugins\/seo\/ -->\n<title>Consed faz reuni\u00e3o extraordin\u00e1ria para discutir Frente de Curr\u00edculo e Novo Ensino M\u00e9dio &raquo; Abrelivros<\/title>\n<meta name=\"robots\" content=\"index, follow, max-snippet:-1, max-image-preview:large, max-video-preview:-1\" \/>\n<link rel=\"canonical\" href=\"https:\/\/abrelivros.org.br\/site\/consed-faz-reuniao-extraordinaria-para-discutir-frente-de-curriculo-e-novo-ensino-medio\/\" \/>\n<meta property=\"og:locale\" content=\"pt_BR\" \/>\n<meta property=\"og:type\" content=\"article\" \/>\n<meta property=\"og:title\" content=\"Consed faz reuni\u00e3o extraordin\u00e1ria para discutir Frente de Curr\u00edculo e Novo Ensino M\u00e9dio &raquo; Abrelivros\" \/>\n<meta property=\"og:description\" content=\"Secret\u00e1rios de Educa\u00e7\u00e3o e respons\u00e1veis pelo Ensino M\u00e9dio nas redes estaduais participaram de reuni\u00e3o extraordin\u00e1ria do Consed para uma devolutiva da Frente de Curr\u00edculo e Novo Ensino M\u00e9dio. A Frente \u00e9 coordenada pelo secret\u00e1rio de Educa\u00e7\u00e3o de Santa Catarina, Natalino Uggioni.\" \/>\n<meta property=\"og:url\" content=\"https:\/\/abrelivros.org.br\/site\/consed-faz-reuniao-extraordinaria-para-discutir-frente-de-curriculo-e-novo-ensino-medio\/\" \/>\n<meta property=\"og:site_name\" content=\"Abrelivros\" \/>\n<meta property=\"article:published_time\" content=\"2020-12-21T19:43:15+00:00\" \/>\n<meta property=\"article:modified_time\" content=\"2020-12-21T19:47:12+00:00\" \/>\n<meta name=\"twitter:card\" content=\"summary_large_image\" \/>\n<script type=\"application\/ld+json\" class=\"yoast-schema-graph\">{\"@context\":\"https:\/\/schema.org\",\"@graph\":[{\"@type\":\"WebSite\",\"@id\":\"https:\/\/abrelivros.org.br\/site\/#website\",\"url\":\"https:\/\/abrelivros.org.br\/site\/\",\"name\":\"Abrelivros\",\"description\":\"\",\"potentialAction\":[{\"@type\":\"SearchAction\",\"target\":\"https:\/\/abrelivros.org.br\/site\/?s={search_term_string}\",\"query-input\":\"required name=search_term_string\"}],\"inLanguage\":\"pt-BR\"},{\"@type\":\"WebPage\",\"@id\":\"https:\/\/abrelivros.org.br\/site\/consed-faz-reuniao-extraordinaria-para-discutir-frente-de-curriculo-e-novo-ensino-medio\/#webpage\",\"url\":\"https:\/\/abrelivros.org.br\/site\/consed-faz-reuniao-extraordinaria-para-discutir-frente-de-curriculo-e-novo-ensino-medio\/\",\"name\":\"Consed faz reuni\\u00e3o extraordin\\u00e1ria para discutir Frente de Curr\\u00edculo e Novo Ensino M\\u00e9dio &raquo; Abrelivros\",\"isPartOf\":{\"@id\":\"https:\/\/abrelivros.org.br\/site\/#website\"},\"datePublished\":\"2020-12-21T19:43:15+00:00\",\"dateModified\":\"2020-12-21T19:47:12+00:00\",\"author\":{\"@id\":\"https:\/\/abrelivros.org.br\/site\/#\/schema\/person\/65db80e26409802ce15ac5feec6a15fd\"},\"breadcrumb\":{\"@id\":\"https:\/\/abrelivros.org.br\/site\/consed-faz-reuniao-extraordinaria-para-discutir-frente-de-curriculo-e-novo-ensino-medio\/#breadcrumb\"},\"inLanguage\":\"pt-BR\",\"potentialAction\":[{\"@type\":\"ReadAction\",\"target\":[\"https:\/\/abrelivros.org.br\/site\/consed-faz-reuniao-extraordinaria-para-discutir-frente-de-curriculo-e-novo-ensino-medio\/\"]}]},{\"@type\":\"BreadcrumbList\",\"@id\":\"https:\/\/abrelivros.org.br\/site\/consed-faz-reuniao-extraordinaria-para-discutir-frente-de-curriculo-e-novo-ensino-medio\/#breadcrumb\",\"itemListElement\":[{\"@type\":\"ListItem\",\"position\":1,\"item\":{\"@type\":\"WebPage\",\"@id\":\"https:\/\/abrelivros.org.br\/site\/\",\"url\":\"https:\/\/abrelivros.org.br\/site\/\",\"name\":\"In\\u00edcio\"}},{\"@type\":\"ListItem\",\"position\":2,\"item\":{\"@type\":\"WebPage\",\"@id\":\"https:\/\/abrelivros.org.br\/site\/category\/noticias\/\",\"url\":\"https:\/\/abrelivros.org.br\/site\/category\/noticias\/\",\"name\":\"Not\\u00edcias\"}},{\"@type\":\"ListItem\",\"position\":3,\"item\":{\"@type\":\"WebPage\",\"@id\":\"https:\/\/abrelivros.org.br\/site\/category\/noticias\/noticias-da-imprensa\/\",\"url\":\"https:\/\/abrelivros.org.br\/site\/category\/noticias\/noticias-da-imprensa\/\",\"name\":\"Not\\u00edcias da imprensa\"}},{\"@type\":\"ListItem\",\"position\":4,\"item\":{\"@type\":\"WebPage\",\"@id\":\"https:\/\/abrelivros.org.br\/site\/consed-faz-reuniao-extraordinaria-para-discutir-frente-de-curriculo-e-novo-ensino-medio\/\",\"url\":\"https:\/\/abrelivros.org.br\/site\/consed-faz-reuniao-extraordinaria-para-discutir-frente-de-curriculo-e-novo-ensino-medio\/\",\"name\":\"Consed faz reuni\\u00e3o extraordin\\u00e1ria para discutir Frente de Curr\\u00edculo e Novo Ensino M\\u00e9dio\"}}]},{\"@type\":\"Person\",\"@id\":\"https:\/\/abrelivros.org.br\/site\/#\/schema\/person\/65db80e26409802ce15ac5feec6a15fd\",\"name\":\"Reda\\u00e7\\u00e3o Abrelivros\",\"image\":{\"@type\":\"ImageObject\",\"@id\":\"https:\/\/abrelivros.org.br\/site\/#personlogo\",\"inLanguage\":\"pt-BR\",\"url\":\"https:\/\/secure.gravatar.com\/avatar\/c4e57f9c7e3482965bd428192061218520756c39080b1d1820b679fa5e9af192?s=96&d=mm&r=g\",\"caption\":\"Reda\\u00e7\\u00e3o Abrelivros\"}}]}<\/script>\n<!-- \/ Yoast SEO plugin. -->","_links":{"self":[{"href":"https:\/\/abrelivros.org.br\/site\/wp-json\/wp\/v2\/posts\/12881","targetHints":{"allow":["GET"]}}],"collection":[{"href":"https:\/\/abrelivros.org.br\/site\/wp-json\/wp\/v2\/posts"}],"about":[{"href":"https:\/\/abrelivros.org.br\/site\/wp-json\/wp\/v2\/types\/post"}],"author":[{"embeddable":true,"href":"https:\/\/abrelivros.org.br\/site\/wp-json\/wp\/v2\/users\/4"}],"replies":[{"embeddable":true,"href":"https:\/\/abrelivros.org.br\/site\/wp-json\/wp\/v2\/comments?post=12881"}],"version-history":[{"count":1,"href":"https:\/\/abrelivros.org.br\/site\/wp-json\/wp\/v2\/posts\/12881\/revisions"}],"predecessor-version":[{"id":12883,"href":"https:\/\/abrelivros.org.br\/site\/wp-json\/wp\/v2\/posts\/12881\/revisions\/12883"}],"wp:attachment":[{"href":"https:\/\/abrelivros.org.br\/site\/wp-json\/wp\/v2\/media?parent=12881"}],"wp:term":[{"taxonomy":"category","embeddable":true,"href":"https:\/\/abrelivros.org.br\/site\/wp-json\/wp\/v2\/categories?post=12881"},{"taxonomy":"post_tag","embeddable":true,"href":"https:\/\/abrelivros.org.br\/site\/wp-json\/wp\/v2\/tags?post=12881"}],"curies":[{"name":"wp","href":"https:\/\/api.w.org\/{rel}","templated":true}]}}