{"id":12879,"date":"2020-12-21T16:41:59","date_gmt":"2020-12-21T19:41:59","guid":{"rendered":"https:\/\/abrelivros.org.br\/site\/?p=12879"},"modified":"2020-12-21T16:41:59","modified_gmt":"2020-12-21T19:41:59","slug":"secretario-de-educacao-de-sp-defende-volta-obrigatoria-dos-alunos-as-escolas","status":"publish","type":"post","link":"https:\/\/abrelivros.org.br\/site\/secretario-de-educacao-de-sp-defende-volta-obrigatoria-dos-alunos-as-escolas\/","title":{"rendered":"Secret\u00e1rio de Educa\u00e7\u00e3o de SP defende volta obrigat\u00f3ria dos alunos \u00e0s escolas"},"content":{"rendered":"<p>O secret\u00e1rio estadual de Educa\u00e7\u00e3o, Rossieli Soares, est\u00e1 numa cruzada pela volta \u00e0s aulas presenciais. Nos \u00faltimos meses, tem percorrido escolas pelo interior do Estado conversando com dirigentes de ensino, pais e professores sobre o que ele considera um \u201cmassacre educacional\u201d na vida de crian\u00e7as e jovens neste ano de pandemia. \u201cTemos que ter clareza que ficar esse tempo sem escola pode causar um preju\u00edzo para o resto da vida\u201d, diz, em entrevista ao Estad\u00e3o.<!--more--><\/p>\n<p>A convic\u00e7\u00e3o veio junto com um ano de prova\u00e7\u00f5es pessoais. O filho adolescente foi diagnosticado com depress\u00e3o depois de um tempo longe da escola. Em julho, Rossieli ficou 16 dias internado &#8211; alguns deles na UTI &#8211; com covid.<\/p>\n<p>\u201cMuita coisa evoluiu de mar\u00e7o ou maio pra c\u00e1, hoje a ci\u00eancia mostra que o espa\u00e7o escolar \u00e9 seguro. Para o estudante n\u00e3o voltar, s\u00f3 com atestado m\u00e9dico, se tiver no grupo de risco\u201d, afirma. Ele defende uma norma estadual com a obrigatoriedade da volta para escolas e alunos. Pais da rede p\u00fablica e particular seriam ent\u00e3o responsabilizados ao n\u00e3o levarem seus filhos para aulas presenciais em 2021.<\/p>\n<p>Professores das escolas estaduais tamb\u00e9m ser\u00e3o convocados a retornar, garante Rossieli. &#8220;Educa\u00e7\u00e3o \u00e9 direito da crian\u00e7a e dever do Estado, deve ser obrigat\u00f3ria dentro dos protocolos&#8221;.<\/p>\n<p>Atualmente, 1800 das cerca de 5 mil escolas estaduais est\u00e3o com atividades presenciais. A volta, por enquanto, \u00e9 volunt\u00e1ria. Na semana passada, Rossieli j\u00e1 conseguiu uma vit\u00f3ria em sua cruzada: mudar o decreto estadual garantindo que as escolas permane\u00e7am abertas at\u00e9 na fase vermelha, a mais cr\u00edtica da pandemia, como fizeram pa\u00edses europeus.<\/p>\n<p><strong>Ano passado, no seu primeiro ano como secret\u00e1rio, houve uma chacina na escola Raul Brasil, em Suzano. No segundo ano, pandemia. Acha que est\u00e1 preparado para qualquer coisa em 2021?<\/strong><\/p>\n<p>Essa triste coincid\u00eancia ainda se conecta em datas, a chacina na Raul Brasil aconteceu em 13 de mar\u00e7o de 2019. Em 13 de mar\u00e7o de 2020, anunciamos o fechamento das escolas. Eu n\u00e3o estava preparado para a primeira e nunca imaginei passar algo como a pandemia. Deus queira que tenhamos um ano normal, com cobran\u00e7as normais, com a sociedade vivendo mais pr\u00f3xima do dia a dia normal. N\u00e3o posso dizer que esteja preparado para tudo. Raul Brasil foi muito dif\u00edcil, falar com as fam\u00edlias&#8230;e a pandemia nos atinge muito forte, \u00e9 uma cat\u00e1strofe sem propor\u00e7\u00f5es. Sofro demais pelo que os jovens est\u00e3o passando, a escola \u00e9 um espa\u00e7o muito importante de prote\u00e7\u00e3o social. Quantos professores j\u00e1 n\u00e3o salvaram crian\u00e7as? Essa falta de escola, em todos os seus aspectos, \u00e9 um preju\u00edzo muito acumulado para crian\u00e7as e jovens.<\/p>\n<p><strong>Mas as pesquisas ainda indicam que a maioria da popula\u00e7\u00e3o quer a escola fechada para conter a pandemia.<\/strong><\/p>\n<p>Infelizmente no nosso Pa\u00eds, quando a gente fala que educa\u00e7\u00e3o n\u00e3o \u00e9 prioridade, n\u00e3o se pode criticar s\u00f3 a classe pol\u00edtica, \u00e9 uma caracter\u00edstica da nossa sociedade. N\u00e3o pode acontecer em um pa\u00eds que prioriza educa\u00e7\u00e3o ter bar aberto e escola fechada, n\u00e3o existe compara\u00e7\u00e3o poss\u00edvel. N\u00f3s no Brasil falamos muito pouco sobre os preju\u00edzos da escola fechada. Eu defendo muito a tecnologia, as solu\u00e7\u00f5es que os professores buscaram durante a pandemia, mas nada substitui a escola. Isso n\u00e3o est\u00e1 claro para pais e m\u00e3es. N\u00e3o enxergam que muita coisa evoluiu de mar\u00e7o ou maio pra c\u00e1, hoje a ci\u00eancia mostra que o espa\u00e7o escolar \u00e9 seguro. As crian\u00e7as n\u00e3o s\u00e3o grandes transmissores, n\u00e3o s\u00e3o o principal grupo de risco, mas s\u00e3o as mais afetadas por fazerem esse sacrif\u00edcio de n\u00e3o ir \u00e0 escola. A crian\u00e7a est\u00e1 regredindo do ponto em que estava, \u00e9 um massacre educacional no futuro desses jovens.<\/p>\n<p><strong>As escolas estaduais t\u00eam estrutura para cumprir os protocolos, garantir distanciamento, com funcion\u00e1rios suficientes para limpeza? Muita gente acha que n\u00e3o.<\/strong><\/p>\n<p>Temos desafios nas nossas escolas, sim, mas j\u00e1 mudou. Criamos o programa dinheiro direto na escola e enviamos R$ 700 milh\u00f5es para melhoria na estrutura. Temos cerca de 5 mil escolas e 4600 reformaram os seus banheiros. As pessoas adoram falar de banheiros, com raz\u00e3o, \u00e9 um ponto importante, mas milhares de pias foram constru\u00eddas, infraestruturas refeitas, as escolas est\u00e3o repaginadas. As pessoas est\u00e3o com vis\u00e3o de outros tempos. Temos desafios, problemas pontuais, mas n\u00e3o podem afirmar que as escolas p\u00fablicas s\u00e3o t\u00e3o ruins. Os pais precisam ir visitar as escolas, perguntar ao diretor o que ele fez com o dinheiro que recebeu. As escolas est\u00e3o preparadas. Quanto aos funcion\u00e1rios, estamos lutando para contratar mais gente. Mas a escola que faz seu plano de volta e pode voltar com menos alunos, com 15%, se faltar funcion\u00e1rio.<\/p>\n<p><strong>Por que acha que os professores resistem a voltar?<\/strong><\/p>\n<p>Eu me coloco sempre no lugar das pessoas, eu entendo quando as pessoas t\u00eam seus medos, restri\u00e7\u00f5es, enxergam os seus desafios internos. Vejo muitos professores falando que moram com seus pais, mas a gente vai para o trabalho e tem todos os cuidados. Assim como outras pessoas. As farm\u00e1cias e supermercados n\u00e3o fecharam, as pessoas que trabalham nesses lugares v\u00e3o e voltam para suas casas tamb\u00e9m. O que \u00e9 essencial para a nossa sociedade n\u00e3o tem que fechar. Professor, funcion\u00e1rio da educa\u00e7\u00e3o tem papel fundamental, precisa ser valorizado e observar cada vez mais que \u00e9 fundamental para o desenvolvimento da sociedade.<\/p>\n<p><strong>Os professores ser\u00e3o convocados a trabalhar em 2021 j\u00e1 que as escolas ficar\u00e3o abertas at\u00e9 na fase vermelha?<\/strong><\/p>\n<p>O decreto fala que caber\u00e1 \u00e0 secretaria determinar, mas obviamente se os alunos retornarem precisamos dos professores. Vamos publicar uma normativa na primeira quinzena de 2021 falando sobre convoca\u00e7\u00e3o dos professores, observando grupo de risco, mas teremos, sim, nossos profissionais na escola. Tamb\u00e9m vamos discutir com o Conselho Estadual de Educa\u00e7\u00e3o em janeiro o que ser\u00e1 obrigat\u00f3rio ou n\u00e3o. Mas com certeza n\u00f3s teremos aulas presenciais p\u00fablicas.<\/p>\n<p><strong>Os alunos tamb\u00e9m ser\u00e3o obrigados a voltar?<\/strong><\/p>\n<p>Educa\u00e7\u00e3o \u00e9 obrigat\u00f3ria no Pa\u00eds, hoje com a ci\u00eancia mostrando que a escola \u00e9 um espa\u00e7o seguro, nossos estudantes precisam voltar obrigatoriamente. Para o estudante n\u00e3o voltar, s\u00f3 com atestado m\u00e9dico, se tiver no grupo de risco. A educa\u00e7\u00e3o \u00e9 direito da crian\u00e7a e dever do Estado, deve ser obrigat\u00f3ria, dentro dos protocolos. Para as escolas particulares \u00e9 o mesmo, tamb\u00e9m s\u00e3o reguladas pelo conselho estadual. S\u00f3 as de educa\u00e7\u00e3o infantil, que na capital, t\u00eam o conselho municipal.<\/p>\n<p><strong>O pai que n\u00e3o levar o filho para a escola pode ser punido?<\/strong><\/p>\n<p>O pai ou m\u00e3e podem ser responsabilizados, sim. Podemos encaminhar para o conselho tutelar e caber\u00e1 a ele fazer a tutela do direito da crian\u00e7a.<\/p>\n<p><strong>Mas a crian\u00e7a pode estar no ensino remoto.<\/strong><\/p>\n<p>\u00c9 muito prov\u00e1vel que tenha o ensino h\u00edbrido, todos dever\u00e3o fazer o remoto e tamb\u00e9m uma parte presencial. As escolas voltando com atividades, a \u00fanica coisa que pode tornar a ida n\u00e3o obrigat\u00f3ria \u00e9 um atestado m\u00e9dico, algum motivo especial para ter cuidado ainda maior com ele. A sa\u00fade que pode dizer. O resto a Constitui\u00e7\u00e3o vai ditar (ela diz que a escola \u00e9 obrigat\u00f3ria para crian\u00e7as acima de 4 anos).<\/p>\n<p><strong>H\u00e1 uma resolu\u00e7\u00e3o do Conselho Nacional de Educa\u00e7\u00e3o (CNE) que fala que pode ser opcional para os pais levar \u00e0 escola durante a pandemia.<\/strong><\/p>\n<p>A resolu\u00e7\u00e3o nacional \u00e9 uma esp\u00e9cie de aconselhamento. A Constitui\u00e7\u00e3o \u00e9 maior. Fora isso, a nossa resolu\u00e7\u00e3o no Estado tem que ser feita pelo conselho estadual.<\/p>\n<p><strong>Com rela\u00e7\u00e3o aos professores, o senhor n\u00e3o teme greve se convoc\u00e1-los a voltar?<\/strong><\/p>\n<p>Sobre greve, cabe ao sindicato falar. A mim cabe dialogar e mostrar que temos condi\u00e7\u00f5es de retornar. Em alguns lugares, o poder judici\u00e1rio j\u00e1 demonstrou a ilegalidade da greve nesse contexto. Vamos questionar se houver a tentativa.<\/p>\n<p><strong>O prefeito Bruno Covas n\u00e3o aceitou o plano estadual de abertura das escolas em setembro, s\u00f3 as liberou em outubro e com atividades extracurriculares. Faltou parceria entre Prefeitura e Estado para que as escolas abrissem antes na capital?<\/strong><\/p>\n<p>Participei de reuni\u00f5es com o prefeito e ele n\u00e3o foi contra a volta \u00e0s aulas, tanto Bruno Covas quanto o secret\u00e1rio de educa\u00e7\u00e3o Bruno Caetano. A quest\u00e3o da discuss\u00e3o foi com a vigil\u00e2ncia sanit\u00e1ria e secretaria de sa\u00fade, que t\u00eam entendimento contr\u00e1rio. Eu defendo a abertura porque a Secretaria de Sa\u00fade do Estado concorda com essa volta. Mas agora temos que olhar pra frente. Em 65% dos munic\u00edpios elas voltaram, 1,5 milh\u00e3o de estudantes passaram pelas escolas presencialmente.<\/p>\n<p><strong>Quando acredita que ser\u00e1 poss\u00edvel voltar a ter todos os alunos nas escolas todos os dias?<\/strong><\/p>\n<p>Espero que o mais breve poss\u00edvel. Infelizmente o governo federal n\u00e3o est\u00e1 organizado minimamente para disponibilizar a vacina, ent\u00e3o acho que no primeiro semestre teremos rod\u00edzio. E na metade do segundo semestre para frente, podemos ter todos os nossos alunos.<\/p>\n<p><strong>Por que o Estado n\u00e3o priorizou os professores para a vacina?<\/strong><\/p>\n<p>Professores est\u00e3o nos planos, o que se precisa entender \u00e9 que h\u00e1 uma hierarquia na necessidade da vacina porque temos poucas, s\u00f3 temos a Coronavac. Todo mundo que tem pai, m\u00e3e, av\u00f3, sabe que tem que come\u00e7ar com eles, que s\u00e3o o maior grupo de risco. A gente parou essas escolas para proteger a terceira idade, paramos com essa justificativa. Obviamente precisamos come\u00e7ar a proteger os idosos para as escolas voltarem. Mas os professores est\u00e3o, sim, na lista de prioridades. E os professores mais velhos e com comorbidades ser\u00e3o vacinados antes, com o restante da popula\u00e7\u00e3o.<\/p>\n<p><strong>Vai ser poss\u00edvel recuperar a aprendizagem que se perdeu em 2020?<\/strong><\/p>\n<p>N\u00e3o vamos conseguir recuperar tudo, n\u00e3o vamos recuperar no ensino m\u00e9dio, nem no fundamental e pior ainda na educa\u00e7\u00e3o infantil. Um tempo na primeira inf\u00e2ncia que se perde \u00e9 um preju\u00edzo para o resto da vida. As pessoas precisam ter clareza. Vamos fazer um grande esfor\u00e7o, em janeiro vai ter de forma opcional a recupera\u00e7\u00e3o e, a partir de mar\u00e7o, os alunos v\u00e3o poder ir para a escola de manh\u00e3 e fazer mais duas horas di\u00e1rias utilizando a tecnologia. Vamos tamb\u00e9m ajudar 500 mil alunos mais pobres com conectividade. Estou muito preocupado em como recuperar ao m\u00e1ximo as perdas, mas n\u00e3o se vai recuperar tudo.<\/p>\n<p>&nbsp;<\/p>\n","protected":false},"excerpt":{"rendered":"<p>O secret\u00e1rio estadual de Educa\u00e7\u00e3o, Rossieli Soares, est\u00e1 numa cruzada pela volta \u00e0s aulas presenciais. Nos \u00faltimos meses, tem percorrido escolas pelo interior do Estado conversando com dirigentes de ensino, pais e professores sobre o que ele considera um \u201cmassacre educacional\u201d na vida de crian\u00e7as e jovens neste ano de pandemia. \u201cTemos que ter clareza [&hellip;]<\/p>\n","protected":false},"author":4,"featured_media":0,"comment_status":"closed","ping_status":"closed","sticky":false,"template":"","format":"standard","meta":{"footnotes":"","_links_to":"","_links_to_target":""},"categories":[9],"tags":[],"class_list":["post-12879","post","type-post","status-publish","format-standard","hentry","category-noticias-da-imprensa"],"yoast_head":"<!-- This site is optimized with the Yoast SEO plugin v15.1 - https:\/\/yoast.com\/wordpress\/plugins\/seo\/ -->\n<title>Secret\u00e1rio de Educa\u00e7\u00e3o de SP defende volta obrigat\u00f3ria dos alunos \u00e0s escolas &raquo; Abrelivros<\/title>\n<meta name=\"robots\" content=\"index, follow, max-snippet:-1, max-image-preview:large, max-video-preview:-1\" \/>\n<link rel=\"canonical\" href=\"https:\/\/abrelivros.org.br\/site\/secretario-de-educacao-de-sp-defende-volta-obrigatoria-dos-alunos-as-escolas\/\" \/>\n<meta property=\"og:locale\" content=\"pt_BR\" \/>\n<meta property=\"og:type\" content=\"article\" \/>\n<meta property=\"og:title\" content=\"Secret\u00e1rio de Educa\u00e7\u00e3o de SP defende volta obrigat\u00f3ria dos alunos \u00e0s escolas &raquo; Abrelivros\" \/>\n<meta property=\"og:description\" content=\"O secret\u00e1rio estadual de Educa\u00e7\u00e3o, Rossieli Soares, est\u00e1 numa cruzada pela volta \u00e0s aulas presenciais. Nos \u00faltimos meses, tem percorrido escolas pelo interior do Estado conversando com dirigentes de ensino, pais e professores sobre o que ele considera um \u201cmassacre educacional\u201d na vida de crian\u00e7as e jovens neste ano de pandemia. \u201cTemos que ter clareza [&hellip;]\" \/>\n<meta property=\"og:url\" content=\"https:\/\/abrelivros.org.br\/site\/secretario-de-educacao-de-sp-defende-volta-obrigatoria-dos-alunos-as-escolas\/\" \/>\n<meta property=\"og:site_name\" content=\"Abrelivros\" \/>\n<meta property=\"article:published_time\" content=\"2020-12-21T19:41:59+00:00\" \/>\n<meta name=\"twitter:card\" content=\"summary_large_image\" \/>\n<script type=\"application\/ld+json\" class=\"yoast-schema-graph\">{\"@context\":\"https:\/\/schema.org\",\"@graph\":[{\"@type\":\"WebSite\",\"@id\":\"https:\/\/abrelivros.org.br\/site\/#website\",\"url\":\"https:\/\/abrelivros.org.br\/site\/\",\"name\":\"Abrelivros\",\"description\":\"\",\"potentialAction\":[{\"@type\":\"SearchAction\",\"target\":\"https:\/\/abrelivros.org.br\/site\/?s={search_term_string}\",\"query-input\":\"required name=search_term_string\"}],\"inLanguage\":\"pt-BR\"},{\"@type\":\"WebPage\",\"@id\":\"https:\/\/abrelivros.org.br\/site\/secretario-de-educacao-de-sp-defende-volta-obrigatoria-dos-alunos-as-escolas\/#webpage\",\"url\":\"https:\/\/abrelivros.org.br\/site\/secretario-de-educacao-de-sp-defende-volta-obrigatoria-dos-alunos-as-escolas\/\",\"name\":\"Secret\\u00e1rio de Educa\\u00e7\\u00e3o de SP defende volta obrigat\\u00f3ria dos alunos \\u00e0s escolas &raquo; Abrelivros\",\"isPartOf\":{\"@id\":\"https:\/\/abrelivros.org.br\/site\/#website\"},\"datePublished\":\"2020-12-21T19:41:59+00:00\",\"dateModified\":\"2020-12-21T19:41:59+00:00\",\"author\":{\"@id\":\"https:\/\/abrelivros.org.br\/site\/#\/schema\/person\/65db80e26409802ce15ac5feec6a15fd\"},\"breadcrumb\":{\"@id\":\"https:\/\/abrelivros.org.br\/site\/secretario-de-educacao-de-sp-defende-volta-obrigatoria-dos-alunos-as-escolas\/#breadcrumb\"},\"inLanguage\":\"pt-BR\",\"potentialAction\":[{\"@type\":\"ReadAction\",\"target\":[\"https:\/\/abrelivros.org.br\/site\/secretario-de-educacao-de-sp-defende-volta-obrigatoria-dos-alunos-as-escolas\/\"]}]},{\"@type\":\"BreadcrumbList\",\"@id\":\"https:\/\/abrelivros.org.br\/site\/secretario-de-educacao-de-sp-defende-volta-obrigatoria-dos-alunos-as-escolas\/#breadcrumb\",\"itemListElement\":[{\"@type\":\"ListItem\",\"position\":1,\"item\":{\"@type\":\"WebPage\",\"@id\":\"https:\/\/abrelivros.org.br\/site\/\",\"url\":\"https:\/\/abrelivros.org.br\/site\/\",\"name\":\"In\\u00edcio\"}},{\"@type\":\"ListItem\",\"position\":2,\"item\":{\"@type\":\"WebPage\",\"@id\":\"https:\/\/abrelivros.org.br\/site\/category\/noticias\/\",\"url\":\"https:\/\/abrelivros.org.br\/site\/category\/noticias\/\",\"name\":\"Not\\u00edcias\"}},{\"@type\":\"ListItem\",\"position\":3,\"item\":{\"@type\":\"WebPage\",\"@id\":\"https:\/\/abrelivros.org.br\/site\/category\/noticias\/noticias-da-imprensa\/\",\"url\":\"https:\/\/abrelivros.org.br\/site\/category\/noticias\/noticias-da-imprensa\/\",\"name\":\"Not\\u00edcias da imprensa\"}},{\"@type\":\"ListItem\",\"position\":4,\"item\":{\"@type\":\"WebPage\",\"@id\":\"https:\/\/abrelivros.org.br\/site\/secretario-de-educacao-de-sp-defende-volta-obrigatoria-dos-alunos-as-escolas\/\",\"url\":\"https:\/\/abrelivros.org.br\/site\/secretario-de-educacao-de-sp-defende-volta-obrigatoria-dos-alunos-as-escolas\/\",\"name\":\"Secret\\u00e1rio de Educa\\u00e7\\u00e3o de SP defende volta obrigat\\u00f3ria dos alunos \\u00e0s escolas\"}}]},{\"@type\":\"Person\",\"@id\":\"https:\/\/abrelivros.org.br\/site\/#\/schema\/person\/65db80e26409802ce15ac5feec6a15fd\",\"name\":\"Reda\\u00e7\\u00e3o Abrelivros\",\"image\":{\"@type\":\"ImageObject\",\"@id\":\"https:\/\/abrelivros.org.br\/site\/#personlogo\",\"inLanguage\":\"pt-BR\",\"url\":\"https:\/\/secure.gravatar.com\/avatar\/c4e57f9c7e3482965bd428192061218520756c39080b1d1820b679fa5e9af192?s=96&d=mm&r=g\",\"caption\":\"Reda\\u00e7\\u00e3o Abrelivros\"}}]}<\/script>\n<!-- \/ Yoast SEO plugin. -->","_links":{"self":[{"href":"https:\/\/abrelivros.org.br\/site\/wp-json\/wp\/v2\/posts\/12879","targetHints":{"allow":["GET"]}}],"collection":[{"href":"https:\/\/abrelivros.org.br\/site\/wp-json\/wp\/v2\/posts"}],"about":[{"href":"https:\/\/abrelivros.org.br\/site\/wp-json\/wp\/v2\/types\/post"}],"author":[{"embeddable":true,"href":"https:\/\/abrelivros.org.br\/site\/wp-json\/wp\/v2\/users\/4"}],"replies":[{"embeddable":true,"href":"https:\/\/abrelivros.org.br\/site\/wp-json\/wp\/v2\/comments?post=12879"}],"version-history":[{"count":1,"href":"https:\/\/abrelivros.org.br\/site\/wp-json\/wp\/v2\/posts\/12879\/revisions"}],"predecessor-version":[{"id":12880,"href":"https:\/\/abrelivros.org.br\/site\/wp-json\/wp\/v2\/posts\/12879\/revisions\/12880"}],"wp:attachment":[{"href":"https:\/\/abrelivros.org.br\/site\/wp-json\/wp\/v2\/media?parent=12879"}],"wp:term":[{"taxonomy":"category","embeddable":true,"href":"https:\/\/abrelivros.org.br\/site\/wp-json\/wp\/v2\/categories?post=12879"},{"taxonomy":"post_tag","embeddable":true,"href":"https:\/\/abrelivros.org.br\/site\/wp-json\/wp\/v2\/tags?post=12879"}],"curies":[{"name":"wp","href":"https:\/\/api.w.org\/{rel}","templated":true}]}}