{"id":12870,"date":"2020-12-21T11:33:06","date_gmt":"2020-12-21T14:33:06","guid":{"rendered":"https:\/\/abrelivros.org.br\/site\/?p=12870"},"modified":"2020-12-21T11:33:06","modified_gmt":"2020-12-21T14:33:06","slug":"webinar-discute-possiveis-solucoes-para-a-educacao-brasileira-em-2021","status":"publish","type":"post","link":"https:\/\/abrelivros.org.br\/site\/webinar-discute-possiveis-solucoes-para-a-educacao-brasileira-em-2021\/","title":{"rendered":"Webinar discute poss\u00edveis solu\u00e7\u00f5es para a educa\u00e7\u00e3o brasileira em 2021"},"content":{"rendered":"<p>Na pr\u00f3xima ter\u00e7a-feira (22), a Coaliza\u00e7\u00e3o Parlamentar pela Educa\u00e7\u00e3o realiza seu 8\u00ba Webinar, s\u00e9rie especial de palestras e debates com especialistas. O tema ser\u00e1 \u201cOs desafios e as poss\u00edveis solu\u00e7\u00f5es para a educa\u00e7\u00e3o brasileira em 2021\u201d. A media\u00e7\u00e3o ser\u00e1 feita pela deputada Lu\u00edsa Canziani (PTB-PR).<!--more--><\/p>\n<p>Os convidados para o debate s\u00e3o o subsecret\u00e1rio de ensino profissionalizante de S\u00e3o Paulo, Daniel Barros; a especialista em povos tradicionais, Lucimara Cavalcante; o presidente da Uni\u00e3o Nacional dos Dirigentes Municipais de Educa\u00e7\u00e3o (Undime), Luiz Miguel M. Garcia; e a reitora da Universidade de Bras\u00edlia (UnB), M\u00e1rcia Abrah\u00e3o.<\/p>\n<p>O grupo \u00e9 formado pelos deputados Lu\u00edsa Canziani, Tabata Amaral (PDT-SP), Aliel Machado (PSB-PR), Eduardo Bismarck (PDT-CE), Felipe Rigoni (PSB-ES), Jo\u00e3o Campos (PSB-PE), Professor Israel (PV-DF), e Tiago Mitraud (NOVO-MG).<\/p>\n<p>Para participar do 8\u00ba Webinar, \u00e9 preciso estar <a href=\"https:\/\/docs.google.com\/forms\/d\/e\/1FAIpQLSe74dSv6SG9INi01qxdHWk6WeAAyA04zyee4Zyfzh2MnKXfag\/viewform\">inscrito<\/a>. O debate poder\u00e1 ser acompanhado na p\u00e1gina do <a href=\"https:\/\/www.facebook.com\/webinardaeducacao\/\">Facebook da Coaliza\u00e7\u00e3o Parlamentar pela Educa\u00e7\u00e3o<\/a>.<\/p>\n","protected":false},"excerpt":{"rendered":"<p>Na pr\u00f3xima ter\u00e7a-feira (22), a Coaliza\u00e7\u00e3o Parlamentar pela Educa\u00e7\u00e3o realiza seu 8\u00ba Webinar, s\u00e9rie especial de palestras e debates com especialistas. O tema ser\u00e1 \u201cOs desafios e as poss\u00edveis solu\u00e7\u00f5es para a educa\u00e7\u00e3o brasileira em 2021\u201d. A media\u00e7\u00e3o ser\u00e1 feita pela deputada Lu\u00edsa Canziani (PTB-PR).<\/p>\n","protected":false},"author":4,"featured_media":0,"comment_status":"closed","ping_status":"closed","sticky":false,"template":"","format":"standard","meta":{"footnotes":"","_links_to":"","_links_to_target":""},"categories":[9,13],"tags":[],"class_list":["post-12870","post","type-post","status-publish","format-standard","hentry","category-noticias-da-imprensa","category-noticias-eventos"],"yoast_head":"<!-- This site is optimized with the Yoast SEO plugin v15.1 - https:\/\/yoast.com\/wordpress\/plugins\/seo\/ -->\n<title>Webinar discute poss\u00edveis solu\u00e7\u00f5es para a educa\u00e7\u00e3o brasileira em 2021 &raquo; Abrelivros<\/title>\n<meta name=\"robots\" content=\"index, follow, max-snippet:-1, max-image-preview:large, max-video-preview:-1\" \/>\n<link rel=\"canonical\" href=\"https:\/\/abrelivros.org.br\/site\/webinar-discute-possiveis-solucoes-para-a-educacao-brasileira-em-2021\/\" \/>\n<meta property=\"og:locale\" content=\"pt_BR\" \/>\n<meta property=\"og:type\" content=\"article\" \/>\n<meta property=\"og:title\" content=\"Webinar discute poss\u00edveis solu\u00e7\u00f5es para a educa\u00e7\u00e3o brasileira em 2021 &raquo; Abrelivros\" \/>\n<meta property=\"og:description\" content=\"Na pr\u00f3xima ter\u00e7a-feira (22), a Coaliza\u00e7\u00e3o Parlamentar pela Educa\u00e7\u00e3o realiza seu 8\u00ba Webinar, s\u00e9rie especial de palestras e debates com especialistas. O tema ser\u00e1 \u201cOs desafios e as poss\u00edveis solu\u00e7\u00f5es para a educa\u00e7\u00e3o brasileira em 2021\u201d. A media\u00e7\u00e3o ser\u00e1 feita pela deputada Lu\u00edsa Canziani (PTB-PR).\" \/>\n<meta property=\"og:url\" content=\"https:\/\/abrelivros.org.br\/site\/webinar-discute-possiveis-solucoes-para-a-educacao-brasileira-em-2021\/\" \/>\n<meta property=\"og:site_name\" content=\"Abrelivros\" \/>\n<meta property=\"article:published_time\" content=\"2020-12-21T14:33:06+00:00\" \/>\n<meta name=\"twitter:card\" content=\"summary_large_image\" \/>\n<script type=\"application\/ld+json\" class=\"yoast-schema-graph\">{\"@context\":\"https:\/\/schema.org\",\"@graph\":[{\"@type\":\"WebSite\",\"@id\":\"https:\/\/abrelivros.org.br\/site\/#website\",\"url\":\"https:\/\/abrelivros.org.br\/site\/\",\"name\":\"Abrelivros\",\"description\":\"\",\"potentialAction\":[{\"@type\":\"SearchAction\",\"target\":\"https:\/\/abrelivros.org.br\/site\/?s={search_term_string}\",\"query-input\":\"required name=search_term_string\"}],\"inLanguage\":\"pt-BR\"},{\"@type\":\"WebPage\",\"@id\":\"https:\/\/abrelivros.org.br\/site\/webinar-discute-possiveis-solucoes-para-a-educacao-brasileira-em-2021\/#webpage\",\"url\":\"https:\/\/abrelivros.org.br\/site\/webinar-discute-possiveis-solucoes-para-a-educacao-brasileira-em-2021\/\",\"name\":\"Webinar discute poss\\u00edveis solu\\u00e7\\u00f5es para a educa\\u00e7\\u00e3o brasileira em 2021 &raquo; Abrelivros\",\"isPartOf\":{\"@id\":\"https:\/\/abrelivros.org.br\/site\/#website\"},\"datePublished\":\"2020-12-21T14:33:06+00:00\",\"dateModified\":\"2020-12-21T14:33:06+00:00\",\"author\":{\"@id\":\"https:\/\/abrelivros.org.br\/site\/#\/schema\/person\/65db80e26409802ce15ac5feec6a15fd\"},\"breadcrumb\":{\"@id\":\"https:\/\/abrelivros.org.br\/site\/webinar-discute-possiveis-solucoes-para-a-educacao-brasileira-em-2021\/#breadcrumb\"},\"inLanguage\":\"pt-BR\",\"potentialAction\":[{\"@type\":\"ReadAction\",\"target\":[\"https:\/\/abrelivros.org.br\/site\/webinar-discute-possiveis-solucoes-para-a-educacao-brasileira-em-2021\/\"]}]},{\"@type\":\"BreadcrumbList\",\"@id\":\"https:\/\/abrelivros.org.br\/site\/webinar-discute-possiveis-solucoes-para-a-educacao-brasileira-em-2021\/#breadcrumb\",\"itemListElement\":[{\"@type\":\"ListItem\",\"position\":1,\"item\":{\"@type\":\"WebPage\",\"@id\":\"https:\/\/abrelivros.org.br\/site\/\",\"url\":\"https:\/\/abrelivros.org.br\/site\/\",\"name\":\"In\\u00edcio\"}},{\"@type\":\"ListItem\",\"position\":2,\"item\":{\"@type\":\"WebPage\",\"@id\":\"https:\/\/abrelivros.org.br\/site\/category\/institucional\/\",\"url\":\"https:\/\/abrelivros.org.br\/site\/category\/institucional\/\",\"name\":\"Institucional\"}},{\"@type\":\"ListItem\",\"position\":3,\"item\":{\"@type\":\"WebPage\",\"@id\":\"https:\/\/abrelivros.org.br\/site\/category\/institucional\/noticias-eventos\/\",\"url\":\"https:\/\/abrelivros.org.br\/site\/category\/institucional\/noticias-eventos\/\",\"name\":\"Not\\u00edcias: Eventos\"}},{\"@type\":\"ListItem\",\"position\":4,\"item\":{\"@type\":\"WebPage\",\"@id\":\"https:\/\/abrelivros.org.br\/site\/webinar-discute-possiveis-solucoes-para-a-educacao-brasileira-em-2021\/\",\"url\":\"https:\/\/abrelivros.org.br\/site\/webinar-discute-possiveis-solucoes-para-a-educacao-brasileira-em-2021\/\",\"name\":\"Webinar discute poss\\u00edveis solu\\u00e7\\u00f5es para a educa\\u00e7\\u00e3o brasileira em 2021\"}}]},{\"@type\":\"Person\",\"@id\":\"https:\/\/abrelivros.org.br\/site\/#\/schema\/person\/65db80e26409802ce15ac5feec6a15fd\",\"name\":\"Reda\\u00e7\\u00e3o Abrelivros\",\"image\":{\"@type\":\"ImageObject\",\"@id\":\"https:\/\/abrelivros.org.br\/site\/#personlogo\",\"inLanguage\":\"pt-BR\",\"url\":\"https:\/\/secure.gravatar.com\/avatar\/c4e57f9c7e3482965bd428192061218520756c39080b1d1820b679fa5e9af192?s=96&d=mm&r=g\",\"caption\":\"Reda\\u00e7\\u00e3o Abrelivros\"}}]}<\/script>\n<!-- \/ Yoast SEO plugin. -->","_links":{"self":[{"href":"https:\/\/abrelivros.org.br\/site\/wp-json\/wp\/v2\/posts\/12870","targetHints":{"allow":["GET"]}}],"collection":[{"href":"https:\/\/abrelivros.org.br\/site\/wp-json\/wp\/v2\/posts"}],"about":[{"href":"https:\/\/abrelivros.org.br\/site\/wp-json\/wp\/v2\/types\/post"}],"author":[{"embeddable":true,"href":"https:\/\/abrelivros.org.br\/site\/wp-json\/wp\/v2\/users\/4"}],"replies":[{"embeddable":true,"href":"https:\/\/abrelivros.org.br\/site\/wp-json\/wp\/v2\/comments?post=12870"}],"version-history":[{"count":1,"href":"https:\/\/abrelivros.org.br\/site\/wp-json\/wp\/v2\/posts\/12870\/revisions"}],"predecessor-version":[{"id":12872,"href":"https:\/\/abrelivros.org.br\/site\/wp-json\/wp\/v2\/posts\/12870\/revisions\/12872"}],"wp:attachment":[{"href":"https:\/\/abrelivros.org.br\/site\/wp-json\/wp\/v2\/media?parent=12870"}],"wp:term":[{"taxonomy":"category","embeddable":true,"href":"https:\/\/abrelivros.org.br\/site\/wp-json\/wp\/v2\/categories?post=12870"},{"taxonomy":"post_tag","embeddable":true,"href":"https:\/\/abrelivros.org.br\/site\/wp-json\/wp\/v2\/tags?post=12870"}],"curies":[{"name":"wp","href":"https:\/\/api.w.org\/{rel}","templated":true}]}}