{"id":12868,"date":"2020-12-18T14:59:36","date_gmt":"2020-12-18T17:59:36","guid":{"rendered":"https:\/\/abrelivros.org.br\/site\/?p=12868"},"modified":"2020-12-18T14:59:36","modified_gmt":"2020-12-18T17:59:36","slug":"projeto-estabelece-como-dever-do-estado-distribuir-recursos-para-promover-igualdade-na-educacao","status":"publish","type":"post","link":"https:\/\/abrelivros.org.br\/site\/projeto-estabelece-como-dever-do-estado-distribuir-recursos-para-promover-igualdade-na-educacao\/","title":{"rendered":"Projeto estabelece como dever do Estado distribuir recursos para promover igualdade na educa\u00e7\u00e3o"},"content":{"rendered":"<p>Obriga\u00e7\u00e3o j\u00e1 est\u00e1 na Constitui\u00e7\u00e3o e no Plano Nacional de Educa\u00e7\u00e3o, mas deputado quer incluir dever na LDB.\u00a0O Projeto de Lei 3309\/20 inclui entre os deveres do Estado com a educa\u00e7\u00e3o b\u00e1sica p\u00fablica a distribui\u00e7\u00e3o de recursos educacionais para promover a equaliza\u00e7\u00e3o das oportunidades educacionais, levando em conta a vulnerabilidade socioecon\u00f4mica dos estudantes.<!--more--><\/p>\n<p>Em an\u00e1lise na C\u00e2mara dos Deputados, o projeto altera a Lei de Diretrizes e Bases da Educa\u00e7\u00e3o Nacional.<\/p>\n<p>Autor da proposta, o deputado Marreca Filho (Patriota-MA) lembra que a Constitui\u00e7\u00e3o Federal j\u00e1 estabelece como dever da Uni\u00e3o exercer a fun\u00e7\u00e3o redistributiva e supletiva para garantir equaliza\u00e7\u00e3o de oportunidades educacionais, mediante assist\u00eancia t\u00e9cnica e financeira aos estados, ao Distrito Federal e aos munic\u00edpios.<\/p>\n<p><strong>PNE e Saeb<\/strong><br \/>\nEle ainda ressalta que a medida est\u00e1 prevista ainda na Estrat\u00e9gia 20.12 do Plano Nacional de Educa\u00e7\u00e3o (PNE). O parlamentar acrescenta ainda que o Sistema de Avalia\u00e7\u00e3o da Educa\u00e7\u00e3o B\u00e1sica (Saeb) produz um conjunto de informa\u00e7\u00f5es sobre o sistema escolar do Pa\u00eds.<\/p>\n<p>\u201cConsiderando que h\u00e1 metodologia para se mensurar o n\u00edvel socioecon\u00f4mico dos alunos da educa\u00e7\u00e3o b\u00e1sica brasileira, a proposta apresenta mais um elemento do ponto de vista legal para que gestores p\u00fablicos e a sociedade como um todo enfoquem a redu\u00e7\u00e3o das desigualdades educacionais como pol\u00edtica de Estado, e n\u00e3o de governo\u201d, afirma.<\/p>\n<p><strong>Tramita\u00e7\u00e3o<\/strong><br \/>\nA proposta ser\u00e1 analisada em car\u00e1ter conclusivo pelas comiss\u00f5es de Educa\u00e7\u00e3o; e de Constitui\u00e7\u00e3o e Justi\u00e7a e de Cidadania.<\/p>\n","protected":false},"excerpt":{"rendered":"<p>Obriga\u00e7\u00e3o j\u00e1 est\u00e1 na Constitui\u00e7\u00e3o e no Plano Nacional de Educa\u00e7\u00e3o, mas deputado quer incluir dever na LDB.\u00a0O Projeto de Lei 3309\/20 inclui entre os deveres do Estado com a educa\u00e7\u00e3o b\u00e1sica p\u00fablica a distribui\u00e7\u00e3o de recursos educacionais para promover a equaliza\u00e7\u00e3o das oportunidades educacionais, levando em conta a vulnerabilidade socioecon\u00f4mica dos estudantes.<\/p>\n","protected":false},"author":4,"featured_media":0,"comment_status":"closed","ping_status":"closed","sticky":false,"template":"","format":"standard","meta":{"footnotes":"","_links_to":"","_links_to_target":""},"categories":[9],"tags":[],"class_list":["post-12868","post","type-post","status-publish","format-standard","hentry","category-noticias-da-imprensa"],"yoast_head":"<!-- This site is optimized with the Yoast SEO plugin v15.1 - https:\/\/yoast.com\/wordpress\/plugins\/seo\/ -->\n<title>Projeto estabelece como dever do Estado distribuir recursos para promover igualdade na educa\u00e7\u00e3o &raquo; Abrelivros<\/title>\n<meta name=\"robots\" content=\"index, follow, max-snippet:-1, max-image-preview:large, max-video-preview:-1\" \/>\n<link rel=\"canonical\" href=\"https:\/\/abrelivros.org.br\/site\/projeto-estabelece-como-dever-do-estado-distribuir-recursos-para-promover-igualdade-na-educacao\/\" \/>\n<meta property=\"og:locale\" content=\"pt_BR\" \/>\n<meta property=\"og:type\" content=\"article\" \/>\n<meta property=\"og:title\" content=\"Projeto estabelece como dever do Estado distribuir recursos para promover igualdade na educa\u00e7\u00e3o &raquo; Abrelivros\" \/>\n<meta property=\"og:description\" content=\"Obriga\u00e7\u00e3o j\u00e1 est\u00e1 na Constitui\u00e7\u00e3o e no Plano Nacional de Educa\u00e7\u00e3o, mas deputado quer incluir dever na LDB.\u00a0O Projeto de Lei 3309\/20 inclui entre os deveres do Estado com a educa\u00e7\u00e3o b\u00e1sica p\u00fablica a distribui\u00e7\u00e3o de recursos educacionais para promover a equaliza\u00e7\u00e3o das oportunidades educacionais, levando em conta a vulnerabilidade socioecon\u00f4mica dos estudantes.\" \/>\n<meta property=\"og:url\" content=\"https:\/\/abrelivros.org.br\/site\/projeto-estabelece-como-dever-do-estado-distribuir-recursos-para-promover-igualdade-na-educacao\/\" \/>\n<meta property=\"og:site_name\" content=\"Abrelivros\" \/>\n<meta property=\"article:published_time\" content=\"2020-12-18T17:59:36+00:00\" \/>\n<meta name=\"twitter:card\" content=\"summary_large_image\" \/>\n<script type=\"application\/ld+json\" class=\"yoast-schema-graph\">{\"@context\":\"https:\/\/schema.org\",\"@graph\":[{\"@type\":\"WebSite\",\"@id\":\"https:\/\/abrelivros.org.br\/site\/#website\",\"url\":\"https:\/\/abrelivros.org.br\/site\/\",\"name\":\"Abrelivros\",\"description\":\"\",\"potentialAction\":[{\"@type\":\"SearchAction\",\"target\":\"https:\/\/abrelivros.org.br\/site\/?s={search_term_string}\",\"query-input\":\"required name=search_term_string\"}],\"inLanguage\":\"pt-BR\"},{\"@type\":\"WebPage\",\"@id\":\"https:\/\/abrelivros.org.br\/site\/projeto-estabelece-como-dever-do-estado-distribuir-recursos-para-promover-igualdade-na-educacao\/#webpage\",\"url\":\"https:\/\/abrelivros.org.br\/site\/projeto-estabelece-como-dever-do-estado-distribuir-recursos-para-promover-igualdade-na-educacao\/\",\"name\":\"Projeto estabelece como dever do Estado distribuir recursos para promover igualdade na educa\\u00e7\\u00e3o &raquo; Abrelivros\",\"isPartOf\":{\"@id\":\"https:\/\/abrelivros.org.br\/site\/#website\"},\"datePublished\":\"2020-12-18T17:59:36+00:00\",\"dateModified\":\"2020-12-18T17:59:36+00:00\",\"author\":{\"@id\":\"https:\/\/abrelivros.org.br\/site\/#\/schema\/person\/65db80e26409802ce15ac5feec6a15fd\"},\"breadcrumb\":{\"@id\":\"https:\/\/abrelivros.org.br\/site\/projeto-estabelece-como-dever-do-estado-distribuir-recursos-para-promover-igualdade-na-educacao\/#breadcrumb\"},\"inLanguage\":\"pt-BR\",\"potentialAction\":[{\"@type\":\"ReadAction\",\"target\":[\"https:\/\/abrelivros.org.br\/site\/projeto-estabelece-como-dever-do-estado-distribuir-recursos-para-promover-igualdade-na-educacao\/\"]}]},{\"@type\":\"BreadcrumbList\",\"@id\":\"https:\/\/abrelivros.org.br\/site\/projeto-estabelece-como-dever-do-estado-distribuir-recursos-para-promover-igualdade-na-educacao\/#breadcrumb\",\"itemListElement\":[{\"@type\":\"ListItem\",\"position\":1,\"item\":{\"@type\":\"WebPage\",\"@id\":\"https:\/\/abrelivros.org.br\/site\/\",\"url\":\"https:\/\/abrelivros.org.br\/site\/\",\"name\":\"In\\u00edcio\"}},{\"@type\":\"ListItem\",\"position\":2,\"item\":{\"@type\":\"WebPage\",\"@id\":\"https:\/\/abrelivros.org.br\/site\/category\/noticias\/\",\"url\":\"https:\/\/abrelivros.org.br\/site\/category\/noticias\/\",\"name\":\"Not\\u00edcias\"}},{\"@type\":\"ListItem\",\"position\":3,\"item\":{\"@type\":\"WebPage\",\"@id\":\"https:\/\/abrelivros.org.br\/site\/category\/noticias\/noticias-da-imprensa\/\",\"url\":\"https:\/\/abrelivros.org.br\/site\/category\/noticias\/noticias-da-imprensa\/\",\"name\":\"Not\\u00edcias da imprensa\"}},{\"@type\":\"ListItem\",\"position\":4,\"item\":{\"@type\":\"WebPage\",\"@id\":\"https:\/\/abrelivros.org.br\/site\/projeto-estabelece-como-dever-do-estado-distribuir-recursos-para-promover-igualdade-na-educacao\/\",\"url\":\"https:\/\/abrelivros.org.br\/site\/projeto-estabelece-como-dever-do-estado-distribuir-recursos-para-promover-igualdade-na-educacao\/\",\"name\":\"Projeto estabelece como dever do Estado distribuir recursos para promover igualdade na educa\\u00e7\\u00e3o\"}}]},{\"@type\":\"Person\",\"@id\":\"https:\/\/abrelivros.org.br\/site\/#\/schema\/person\/65db80e26409802ce15ac5feec6a15fd\",\"name\":\"Reda\\u00e7\\u00e3o Abrelivros\",\"image\":{\"@type\":\"ImageObject\",\"@id\":\"https:\/\/abrelivros.org.br\/site\/#personlogo\",\"inLanguage\":\"pt-BR\",\"url\":\"https:\/\/secure.gravatar.com\/avatar\/c4e57f9c7e3482965bd428192061218520756c39080b1d1820b679fa5e9af192?s=96&d=mm&r=g\",\"caption\":\"Reda\\u00e7\\u00e3o Abrelivros\"}}]}<\/script>\n<!-- \/ Yoast SEO plugin. -->","_links":{"self":[{"href":"https:\/\/abrelivros.org.br\/site\/wp-json\/wp\/v2\/posts\/12868","targetHints":{"allow":["GET"]}}],"collection":[{"href":"https:\/\/abrelivros.org.br\/site\/wp-json\/wp\/v2\/posts"}],"about":[{"href":"https:\/\/abrelivros.org.br\/site\/wp-json\/wp\/v2\/types\/post"}],"author":[{"embeddable":true,"href":"https:\/\/abrelivros.org.br\/site\/wp-json\/wp\/v2\/users\/4"}],"replies":[{"embeddable":true,"href":"https:\/\/abrelivros.org.br\/site\/wp-json\/wp\/v2\/comments?post=12868"}],"version-history":[{"count":1,"href":"https:\/\/abrelivros.org.br\/site\/wp-json\/wp\/v2\/posts\/12868\/revisions"}],"predecessor-version":[{"id":12869,"href":"https:\/\/abrelivros.org.br\/site\/wp-json\/wp\/v2\/posts\/12868\/revisions\/12869"}],"wp:attachment":[{"href":"https:\/\/abrelivros.org.br\/site\/wp-json\/wp\/v2\/media?parent=12868"}],"wp:term":[{"taxonomy":"category","embeddable":true,"href":"https:\/\/abrelivros.org.br\/site\/wp-json\/wp\/v2\/categories?post=12868"},{"taxonomy":"post_tag","embeddable":true,"href":"https:\/\/abrelivros.org.br\/site\/wp-json\/wp\/v2\/tags?post=12868"}],"curies":[{"name":"wp","href":"https:\/\/api.w.org\/{rel}","templated":true}]}}