{"id":12866,"date":"2020-12-18T14:57:59","date_gmt":"2020-12-18T17:57:59","guid":{"rendered":"https:\/\/abrelivros.org.br\/site\/?p=12866"},"modified":"2020-12-18T14:57:59","modified_gmt":"2020-12-18T17:57:59","slug":"projeto-inclui-ensino-de-libras-como-disciplina-obrigatoria-do-curriculo-do-ensino-fundamental","status":"publish","type":"post","link":"https:\/\/abrelivros.org.br\/site\/projeto-inclui-ensino-de-libras-como-disciplina-obrigatoria-do-curriculo-do-ensino-fundamental\/","title":{"rendered":"Projeto inclui ensino de Libras como disciplina obrigat\u00f3ria do curr\u00edculo do ensino fundamental"},"content":{"rendered":"<p>O Projeto de Lei 3986\/20 inclui o ensino da L\u00edngua Brasileira de Sinais (Libras) como disciplina obrigat\u00f3ria no curr\u00edculo do ensino fundamental.\u00a0\u201cA L\u00edngua Brasileira de Sinais \u00e9 usada por milh\u00f5es de brasileiros. De acordo com o IBGE, h\u00e1 mais de dez milh\u00f5es de pessoas com alguma defici\u00eancia auditiva no Brasil\u201d, afirma a deputada Greyce Elias (Avante-MG), autora da proposta.<!--more--><\/p>\n<p>&#8220;A inclus\u00e3o do ensino de Libras no curr\u00edculo do ensino fundamental vai auxiliar o desenvolvimento das crian\u00e7as e \u00e9 uma importante medida de pol\u00edtica p\u00fablica visando a inclus\u00e3o das pessoas com dificuldades auditivas na sociedade\u201d, avalia.<\/p>\n<p>Em an\u00e1lise na C\u00e2mara dos Deputados, o texto altera a Lei de Diretrizes e Bases da Educa\u00e7\u00e3o (LDB), que hoje prev\u00ea que o curr\u00edculo do ensino fundamental inclua obrigatoriamente o ensino de conte\u00fado que trate dos direitos das crian\u00e7as e dos adolescentes, com a produ\u00e7\u00e3o e distribui\u00e7\u00e3o de material did\u00e1tico adequado para esse fim.<\/p>\n<p>Se o projeto for aprovado, n\u00e3o apenas o ensino de Libras dever\u00e1 constar como disciplina obrigat\u00f3ria, como tamb\u00e9m dever\u00e1 haver produ\u00e7\u00e3o e distribui\u00e7\u00e3o de material did\u00e1tico com esse objetivo.<\/p>\n<p><strong>Tramita\u00e7\u00e3o<\/strong><br \/>\nA proposta ser\u00e1 analisada em car\u00e1ter conclusivo pelas comiss\u00f5es de Educa\u00e7\u00e3o; de Finan\u00e7as e Tributa\u00e7\u00e3o; e de Constitui\u00e7\u00e3o e Justi\u00e7a e de Cidadania.<\/p>\n","protected":false},"excerpt":{"rendered":"<p>O Projeto de Lei 3986\/20 inclui o ensino da L\u00edngua Brasileira de Sinais (Libras) como disciplina obrigat\u00f3ria no curr\u00edculo do ensino fundamental.\u00a0\u201cA L\u00edngua Brasileira de Sinais \u00e9 usada por milh\u00f5es de brasileiros. De acordo com o IBGE, h\u00e1 mais de dez milh\u00f5es de pessoas com alguma defici\u00eancia auditiva no Brasil\u201d, afirma a deputada Greyce Elias [&hellip;]<\/p>\n","protected":false},"author":4,"featured_media":0,"comment_status":"closed","ping_status":"closed","sticky":false,"template":"","format":"standard","meta":{"footnotes":"","_links_to":"","_links_to_target":""},"categories":[9],"tags":[],"class_list":["post-12866","post","type-post","status-publish","format-standard","hentry","category-noticias-da-imprensa"],"yoast_head":"<!-- This site is optimized with the Yoast SEO plugin v15.1 - https:\/\/yoast.com\/wordpress\/plugins\/seo\/ -->\n<title>Projeto inclui ensino de Libras como disciplina obrigat\u00f3ria do curr\u00edculo do ensino fundamental &raquo; Abrelivros<\/title>\n<meta name=\"robots\" content=\"index, follow, max-snippet:-1, max-image-preview:large, max-video-preview:-1\" \/>\n<link rel=\"canonical\" href=\"https:\/\/abrelivros.org.br\/site\/projeto-inclui-ensino-de-libras-como-disciplina-obrigatoria-do-curriculo-do-ensino-fundamental\/\" \/>\n<meta property=\"og:locale\" content=\"pt_BR\" \/>\n<meta property=\"og:type\" content=\"article\" \/>\n<meta property=\"og:title\" content=\"Projeto inclui ensino de Libras como disciplina obrigat\u00f3ria do curr\u00edculo do ensino fundamental &raquo; Abrelivros\" \/>\n<meta property=\"og:description\" content=\"O Projeto de Lei 3986\/20 inclui o ensino da L\u00edngua Brasileira de Sinais (Libras) como disciplina obrigat\u00f3ria no curr\u00edculo do ensino fundamental.\u00a0\u201cA L\u00edngua Brasileira de Sinais \u00e9 usada por milh\u00f5es de brasileiros. De acordo com o IBGE, h\u00e1 mais de dez milh\u00f5es de pessoas com alguma defici\u00eancia auditiva no Brasil\u201d, afirma a deputada Greyce Elias [&hellip;]\" \/>\n<meta property=\"og:url\" content=\"https:\/\/abrelivros.org.br\/site\/projeto-inclui-ensino-de-libras-como-disciplina-obrigatoria-do-curriculo-do-ensino-fundamental\/\" \/>\n<meta property=\"og:site_name\" content=\"Abrelivros\" \/>\n<meta property=\"article:published_time\" content=\"2020-12-18T17:57:59+00:00\" \/>\n<meta name=\"twitter:card\" content=\"summary_large_image\" \/>\n<script type=\"application\/ld+json\" class=\"yoast-schema-graph\">{\"@context\":\"https:\/\/schema.org\",\"@graph\":[{\"@type\":\"WebSite\",\"@id\":\"https:\/\/abrelivros.org.br\/site\/#website\",\"url\":\"https:\/\/abrelivros.org.br\/site\/\",\"name\":\"Abrelivros\",\"description\":\"\",\"potentialAction\":[{\"@type\":\"SearchAction\",\"target\":\"https:\/\/abrelivros.org.br\/site\/?s={search_term_string}\",\"query-input\":\"required name=search_term_string\"}],\"inLanguage\":\"pt-BR\"},{\"@type\":\"WebPage\",\"@id\":\"https:\/\/abrelivros.org.br\/site\/projeto-inclui-ensino-de-libras-como-disciplina-obrigatoria-do-curriculo-do-ensino-fundamental\/#webpage\",\"url\":\"https:\/\/abrelivros.org.br\/site\/projeto-inclui-ensino-de-libras-como-disciplina-obrigatoria-do-curriculo-do-ensino-fundamental\/\",\"name\":\"Projeto inclui ensino de Libras como disciplina obrigat\\u00f3ria do curr\\u00edculo do ensino fundamental &raquo; Abrelivros\",\"isPartOf\":{\"@id\":\"https:\/\/abrelivros.org.br\/site\/#website\"},\"datePublished\":\"2020-12-18T17:57:59+00:00\",\"dateModified\":\"2020-12-18T17:57:59+00:00\",\"author\":{\"@id\":\"https:\/\/abrelivros.org.br\/site\/#\/schema\/person\/65db80e26409802ce15ac5feec6a15fd\"},\"breadcrumb\":{\"@id\":\"https:\/\/abrelivros.org.br\/site\/projeto-inclui-ensino-de-libras-como-disciplina-obrigatoria-do-curriculo-do-ensino-fundamental\/#breadcrumb\"},\"inLanguage\":\"pt-BR\",\"potentialAction\":[{\"@type\":\"ReadAction\",\"target\":[\"https:\/\/abrelivros.org.br\/site\/projeto-inclui-ensino-de-libras-como-disciplina-obrigatoria-do-curriculo-do-ensino-fundamental\/\"]}]},{\"@type\":\"BreadcrumbList\",\"@id\":\"https:\/\/abrelivros.org.br\/site\/projeto-inclui-ensino-de-libras-como-disciplina-obrigatoria-do-curriculo-do-ensino-fundamental\/#breadcrumb\",\"itemListElement\":[{\"@type\":\"ListItem\",\"position\":1,\"item\":{\"@type\":\"WebPage\",\"@id\":\"https:\/\/abrelivros.org.br\/site\/\",\"url\":\"https:\/\/abrelivros.org.br\/site\/\",\"name\":\"In\\u00edcio\"}},{\"@type\":\"ListItem\",\"position\":2,\"item\":{\"@type\":\"WebPage\",\"@id\":\"https:\/\/abrelivros.org.br\/site\/category\/noticias\/\",\"url\":\"https:\/\/abrelivros.org.br\/site\/category\/noticias\/\",\"name\":\"Not\\u00edcias\"}},{\"@type\":\"ListItem\",\"position\":3,\"item\":{\"@type\":\"WebPage\",\"@id\":\"https:\/\/abrelivros.org.br\/site\/category\/noticias\/noticias-da-imprensa\/\",\"url\":\"https:\/\/abrelivros.org.br\/site\/category\/noticias\/noticias-da-imprensa\/\",\"name\":\"Not\\u00edcias da imprensa\"}},{\"@type\":\"ListItem\",\"position\":4,\"item\":{\"@type\":\"WebPage\",\"@id\":\"https:\/\/abrelivros.org.br\/site\/projeto-inclui-ensino-de-libras-como-disciplina-obrigatoria-do-curriculo-do-ensino-fundamental\/\",\"url\":\"https:\/\/abrelivros.org.br\/site\/projeto-inclui-ensino-de-libras-como-disciplina-obrigatoria-do-curriculo-do-ensino-fundamental\/\",\"name\":\"Projeto inclui ensino de Libras como disciplina obrigat\\u00f3ria do curr\\u00edculo do ensino fundamental\"}}]},{\"@type\":\"Person\",\"@id\":\"https:\/\/abrelivros.org.br\/site\/#\/schema\/person\/65db80e26409802ce15ac5feec6a15fd\",\"name\":\"Reda\\u00e7\\u00e3o Abrelivros\",\"image\":{\"@type\":\"ImageObject\",\"@id\":\"https:\/\/abrelivros.org.br\/site\/#personlogo\",\"inLanguage\":\"pt-BR\",\"url\":\"https:\/\/secure.gravatar.com\/avatar\/c4e57f9c7e3482965bd428192061218520756c39080b1d1820b679fa5e9af192?s=96&d=mm&r=g\",\"caption\":\"Reda\\u00e7\\u00e3o Abrelivros\"}}]}<\/script>\n<!-- \/ Yoast SEO plugin. -->","_links":{"self":[{"href":"https:\/\/abrelivros.org.br\/site\/wp-json\/wp\/v2\/posts\/12866","targetHints":{"allow":["GET"]}}],"collection":[{"href":"https:\/\/abrelivros.org.br\/site\/wp-json\/wp\/v2\/posts"}],"about":[{"href":"https:\/\/abrelivros.org.br\/site\/wp-json\/wp\/v2\/types\/post"}],"author":[{"embeddable":true,"href":"https:\/\/abrelivros.org.br\/site\/wp-json\/wp\/v2\/users\/4"}],"replies":[{"embeddable":true,"href":"https:\/\/abrelivros.org.br\/site\/wp-json\/wp\/v2\/comments?post=12866"}],"version-history":[{"count":1,"href":"https:\/\/abrelivros.org.br\/site\/wp-json\/wp\/v2\/posts\/12866\/revisions"}],"predecessor-version":[{"id":12867,"href":"https:\/\/abrelivros.org.br\/site\/wp-json\/wp\/v2\/posts\/12866\/revisions\/12867"}],"wp:attachment":[{"href":"https:\/\/abrelivros.org.br\/site\/wp-json\/wp\/v2\/media?parent=12866"}],"wp:term":[{"taxonomy":"category","embeddable":true,"href":"https:\/\/abrelivros.org.br\/site\/wp-json\/wp\/v2\/categories?post=12866"},{"taxonomy":"post_tag","embeddable":true,"href":"https:\/\/abrelivros.org.br\/site\/wp-json\/wp\/v2\/tags?post=12866"}],"curies":[{"name":"wp","href":"https:\/\/api.w.org\/{rel}","templated":true}]}}