{"id":12863,"date":"2020-12-18T14:55:55","date_gmt":"2020-12-18T17:55:55","guid":{"rendered":"https:\/\/abrelivros.org.br\/site\/?p=12863"},"modified":"2020-12-18T14:55:55","modified_gmt":"2020-12-18T17:55:55","slug":"mec-e-entidades-defendem-retorno-imediato-das-aulas-presenciais-na-educacao-basica","status":"publish","type":"post","link":"https:\/\/abrelivros.org.br\/site\/mec-e-entidades-defendem-retorno-imediato-das-aulas-presenciais-na-educacao-basica\/","title":{"rendered":"MEC e entidades defendem retorno imediato das aulas presenciais na educa\u00e7\u00e3o b\u00e1sica"},"content":{"rendered":"<p>Representantes do Minist\u00e9rio da Educa\u00e7\u00e3o e de entidades ligadas \u00e0 educa\u00e7\u00e3o e especialistas na \u00e1rea da sa\u00fade defenderam nesta quinta-feira (17) o retorno imediato das aulas presenciais na educa\u00e7\u00e3o b\u00e1sica, mesmo sem a vacina\u00e7\u00e3o de alunos e professores. A discuss\u00e3o ocorreu em audi\u00eancia realizada pela Comiss\u00e3o Externa da C\u00e2mara dos Deputados que acompanha as a\u00e7\u00f5es de combate \u00e0 Covid-19.<!--more--><\/p>\n<p>Rossieli Soares, secret\u00e1rio de Educa\u00e7\u00e3o de S\u00e3o Paulo, defendeu o retorno \u00e0s aulas presenciais. Horas antes, o governador Jo\u00e3o Doria (PSDB) havia anunciado que as escolas ser\u00e3o consideradas servi\u00e7os essenciais e poder\u00e3o permanecer abertas mesmo em cidades que estejam na pior fase da pandemia, a etapa vermelha.<\/p>\n<p>Com essa mudan\u00e7a, mesmo que haja aumento de casos de coronav\u00edrus no in\u00edcio de 2021, as escolas poder\u00e3o iniciar o ano letivo em fevereiro com parte dos alunos presencialmente.<\/p>\n<p>\u201cAs aulas recome\u00e7am no dia 1\u00b0 de fevereiro, o governador j\u00e1 falou que podemos fechar tudo, mas n\u00e3o vamos fechar as escolas. N\u00f3s n\u00e3o podemos depender de vacina\u00e7\u00e3o de alunos e professores para a volta \u00e0s aulas\u201d, disse Rossieli.<\/p>\n<p>Quem tamb\u00e9m defendeu o retorno imediato foi Natalino Uggioni, representante do Consed (Conselho Nacional de Secret\u00e1rios de Educa\u00e7\u00e3o) e secret\u00e1rio de Educa\u00e7\u00e3o de Santa Catarina. Ele disse que no estado a rede estadual retornar\u00e1 em 18 de fevereiro.<\/p>\n<p>As escolas v\u00e3o dividir os alunos em dois grupos: um ficar\u00e1 em casa e outro na escola, com revezamento semanal. O conte\u00fado ser\u00e1 transmitido simultaneamente para todos.<\/p>\n<p>\u201cSabemos que 9.000 professores e 28 mil alunos fazem parte do grupo de risco. A possibilidade de trabalhar de forma n\u00e3o presencial tamb\u00e9m vai ajudar a atender esse grupo\u201d, disse.<\/p>\n<p>Izabel Lima Pessoa, secret\u00e1ria de Educa\u00e7\u00e3o B\u00e1sica do Minist\u00e9rio da Educa\u00e7\u00e3o, disse que a pasta est\u00e1 auxiliando as escolas para o retorno seguro. Entre as atividades, destacou o guia para o retorno \u00e0s aulas presencias e o repasse de recursos \u00e0s redes de ensino para aquisi\u00e7\u00e3o de produtos de higieniza\u00e7\u00e3o e para adequa\u00e7\u00e3o do ambiente escolar.<\/p>\n<p>\u201cQueremos o retorno imediato e seguro das atividades presencias. O Brasil est\u00e1 entre os pa\u00edses que ficaram com escolas fechadas por mais tempo. Isso vai ter um impacto forte, principalmente na evas\u00e3o. Estamos trabalhando para que n\u00e3o haja um forte abandono em 2021\u201d, disse.<\/p>\n<p>J\u00e1 Luiz Miguel Martins Garcia, presidente da Undime (Uni\u00e3o de Dirigentes Municipais da Educa\u00e7\u00e3o), defendeu a vacina\u00e7\u00e3o dos professores antes desse retorno. Ele questionou a fala de deputados de que o direito \u00e0 educa\u00e7\u00e3o est\u00e1 sendo subtra\u00eddo sem as aulas presenciais.<\/p>\n<p>\u201cN\u00f3s precisamos de informa\u00e7\u00f5es e dados para construir o processo de volta. H\u00e1 redes municipais de ensino que n\u00e3o possuem estrutura, principalmente em cidades de pequeno porte\u201d, concluiu.<\/p>\n<p>Especialistas na \u00e1rea da sa\u00fade tamb\u00e9m participaram da audi\u00eancia. Luciana Becker Mau, infectologista pedi\u00e1trica e representante do Ci\u00eancia pela Escola, disse que a volta \u00e0s aulas \u00e9 poss\u00edvel porque h\u00e1 evid\u00eancias de que as crian\u00e7as se infectam de duas a cinco vezes menos que os adultos.<\/p>\n<p>\u201cN\u00f3s sabemos que s\u00e3o raras as complica\u00e7\u00f5es em crian\u00e7as. Elas s\u00e3o mais assintom\u00e1ticas e transmitem ainda menos. Com as medidas de preven\u00e7\u00e3o, a escola \u00e9 segura para alunos, professores, funcion\u00e1rios e familiares\u201d, afirmou.<\/p>\n<p>O presidente do Departamento de Infectologia da SBP (Sociedade Brasileira de Pediatria), Marco Aur\u00e9lio S\u00e1fadi\u200b, disse que estudos apontam que professores possuem o mesmo risco de infec\u00e7\u00e3o pelo novo coronav\u00edrus que profissionais de \u00e1reas diferentes.<\/p>\n<p>\u201cH\u00e1 um estudo feito na Europa que comparou o risco de exposi\u00e7\u00e3o e infec\u00e7\u00e3o do novo coronav\u00edrus em professores em rela\u00e7\u00e3o ao risco em outros profissionais da mesma faixa et\u00e1ria. A resposta \u00e9 que o risco foi exatamente igual. Exercer a doc\u00eancia n\u00e3o representou maior risco de infec\u00e7\u00e3o.\u201d<\/p>\n<p>Apesar do interesse para que as aulas retornem presencialmente, o ministro da Educa\u00e7\u00e3o, Milton Ribeiro, homologou resolu\u00e7\u00e3o do CNE (Conselho Nacional de Educa\u00e7\u00e3o) que estende para 2021 a autoriza\u00e7\u00e3o para as aulas remotas na educa\u00e7\u00e3o b\u00e1sica e superior.<\/p>\n<p>O documento n\u00e3o estabelece uma data limite, mas diz que a permiss\u00e3o se manter\u00e1 enquanto as \u201ccondi\u00e7\u00f5es sanit\u00e1rias locais trouxerem riscos \u00e0s atividades presenciais\u201d.<\/p>\n<p>A resolu\u00e7\u00e3o do CNE \u00e9 a mais importante do pa\u00eds no assunto, uma vez que orienta as gest\u00f5es das escolas e universidades p\u00fablicas e particulares. Reportagem da Folha mostrou que o documento foi aprovado em outubro e, desde ent\u00e3o, aguardava homologa\u00e7\u00e3o do ministro.<\/p>\n<p>Ele resistia a aprov\u00e1-lo, j\u00e1 que sofre press\u00e3o de integrantes do Planalto para for\u00e7ar a volta \u00e0s aulas presenciais. A homologa\u00e7\u00e3o foi publicada no Di\u00e1rio Oficial da Uni\u00e3o no dia 10 de dezembro.<\/p>\n<p>No dia 8 de dezembro, o titular do MEC havia publicado uma portaria indicando que as faculdades particulares e universidades e institutos federais devem retomar as aulas presenciais em 1\u00ba de mar\u00e7o, se as condi\u00e7\u00f5es epidemiol\u00f3gicas locais permitirem.<\/p>\n<p>O texto j\u00e1 recuava de uma portaria publicada uma semana antes que determinava o retorno das atividades presenciais em 4 de janeiro.<\/p>\n<p>Agora, com a homologa\u00e7\u00e3o da resolu\u00e7\u00e3o do CNE sem defini\u00e7\u00e3o de data, a avalia\u00e7\u00e3o \u00e9 de que o prazo de mar\u00e7o vire apenas uma recomenda\u00e7\u00e3o \u00e0s institui\u00e7\u00f5es de ensino superior.<\/p>\n","protected":false},"excerpt":{"rendered":"<p>Representantes do Minist\u00e9rio da Educa\u00e7\u00e3o e de entidades ligadas \u00e0 educa\u00e7\u00e3o e especialistas na \u00e1rea da sa\u00fade defenderam nesta quinta-feira (17) o retorno imediato das aulas presenciais na educa\u00e7\u00e3o b\u00e1sica, mesmo sem a vacina\u00e7\u00e3o de alunos e professores. A discuss\u00e3o ocorreu em audi\u00eancia realizada pela Comiss\u00e3o Externa da C\u00e2mara dos Deputados que acompanha as a\u00e7\u00f5es [&hellip;]<\/p>\n","protected":false},"author":4,"featured_media":0,"comment_status":"closed","ping_status":"closed","sticky":false,"template":"","format":"standard","meta":{"footnotes":"","_links_to":"","_links_to_target":""},"categories":[9],"tags":[],"class_list":["post-12863","post","type-post","status-publish","format-standard","hentry","category-noticias-da-imprensa"],"yoast_head":"<!-- This site is optimized with the Yoast SEO plugin v15.1 - https:\/\/yoast.com\/wordpress\/plugins\/seo\/ -->\n<title>MEC e entidades defendem retorno imediato das aulas presenciais na educa\u00e7\u00e3o b\u00e1sica &raquo; Abrelivros<\/title>\n<meta name=\"robots\" content=\"index, follow, max-snippet:-1, max-image-preview:large, max-video-preview:-1\" \/>\n<link rel=\"canonical\" href=\"https:\/\/abrelivros.org.br\/site\/mec-e-entidades-defendem-retorno-imediato-das-aulas-presenciais-na-educacao-basica\/\" \/>\n<meta property=\"og:locale\" content=\"pt_BR\" \/>\n<meta property=\"og:type\" content=\"article\" \/>\n<meta property=\"og:title\" content=\"MEC e entidades defendem retorno imediato das aulas presenciais na educa\u00e7\u00e3o b\u00e1sica &raquo; Abrelivros\" \/>\n<meta property=\"og:description\" content=\"Representantes do Minist\u00e9rio da Educa\u00e7\u00e3o e de entidades ligadas \u00e0 educa\u00e7\u00e3o e especialistas na \u00e1rea da sa\u00fade defenderam nesta quinta-feira (17) o retorno imediato das aulas presenciais na educa\u00e7\u00e3o b\u00e1sica, mesmo sem a vacina\u00e7\u00e3o de alunos e professores. A discuss\u00e3o ocorreu em audi\u00eancia realizada pela Comiss\u00e3o Externa da C\u00e2mara dos Deputados que acompanha as a\u00e7\u00f5es [&hellip;]\" \/>\n<meta property=\"og:url\" content=\"https:\/\/abrelivros.org.br\/site\/mec-e-entidades-defendem-retorno-imediato-das-aulas-presenciais-na-educacao-basica\/\" \/>\n<meta property=\"og:site_name\" content=\"Abrelivros\" \/>\n<meta property=\"article:published_time\" content=\"2020-12-18T17:55:55+00:00\" \/>\n<meta name=\"twitter:card\" content=\"summary_large_image\" \/>\n<script type=\"application\/ld+json\" class=\"yoast-schema-graph\">{\"@context\":\"https:\/\/schema.org\",\"@graph\":[{\"@type\":\"WebSite\",\"@id\":\"https:\/\/abrelivros.org.br\/site\/#website\",\"url\":\"https:\/\/abrelivros.org.br\/site\/\",\"name\":\"Abrelivros\",\"description\":\"\",\"potentialAction\":[{\"@type\":\"SearchAction\",\"target\":\"https:\/\/abrelivros.org.br\/site\/?s={search_term_string}\",\"query-input\":\"required name=search_term_string\"}],\"inLanguage\":\"pt-BR\"},{\"@type\":\"WebPage\",\"@id\":\"https:\/\/abrelivros.org.br\/site\/mec-e-entidades-defendem-retorno-imediato-das-aulas-presenciais-na-educacao-basica\/#webpage\",\"url\":\"https:\/\/abrelivros.org.br\/site\/mec-e-entidades-defendem-retorno-imediato-das-aulas-presenciais-na-educacao-basica\/\",\"name\":\"MEC e entidades defendem retorno imediato das aulas presenciais na educa\\u00e7\\u00e3o b\\u00e1sica &raquo; Abrelivros\",\"isPartOf\":{\"@id\":\"https:\/\/abrelivros.org.br\/site\/#website\"},\"datePublished\":\"2020-12-18T17:55:55+00:00\",\"dateModified\":\"2020-12-18T17:55:55+00:00\",\"author\":{\"@id\":\"https:\/\/abrelivros.org.br\/site\/#\/schema\/person\/65db80e26409802ce15ac5feec6a15fd\"},\"breadcrumb\":{\"@id\":\"https:\/\/abrelivros.org.br\/site\/mec-e-entidades-defendem-retorno-imediato-das-aulas-presenciais-na-educacao-basica\/#breadcrumb\"},\"inLanguage\":\"pt-BR\",\"potentialAction\":[{\"@type\":\"ReadAction\",\"target\":[\"https:\/\/abrelivros.org.br\/site\/mec-e-entidades-defendem-retorno-imediato-das-aulas-presenciais-na-educacao-basica\/\"]}]},{\"@type\":\"BreadcrumbList\",\"@id\":\"https:\/\/abrelivros.org.br\/site\/mec-e-entidades-defendem-retorno-imediato-das-aulas-presenciais-na-educacao-basica\/#breadcrumb\",\"itemListElement\":[{\"@type\":\"ListItem\",\"position\":1,\"item\":{\"@type\":\"WebPage\",\"@id\":\"https:\/\/abrelivros.org.br\/site\/\",\"url\":\"https:\/\/abrelivros.org.br\/site\/\",\"name\":\"In\\u00edcio\"}},{\"@type\":\"ListItem\",\"position\":2,\"item\":{\"@type\":\"WebPage\",\"@id\":\"https:\/\/abrelivros.org.br\/site\/category\/noticias\/\",\"url\":\"https:\/\/abrelivros.org.br\/site\/category\/noticias\/\",\"name\":\"Not\\u00edcias\"}},{\"@type\":\"ListItem\",\"position\":3,\"item\":{\"@type\":\"WebPage\",\"@id\":\"https:\/\/abrelivros.org.br\/site\/category\/noticias\/noticias-da-imprensa\/\",\"url\":\"https:\/\/abrelivros.org.br\/site\/category\/noticias\/noticias-da-imprensa\/\",\"name\":\"Not\\u00edcias da imprensa\"}},{\"@type\":\"ListItem\",\"position\":4,\"item\":{\"@type\":\"WebPage\",\"@id\":\"https:\/\/abrelivros.org.br\/site\/mec-e-entidades-defendem-retorno-imediato-das-aulas-presenciais-na-educacao-basica\/\",\"url\":\"https:\/\/abrelivros.org.br\/site\/mec-e-entidades-defendem-retorno-imediato-das-aulas-presenciais-na-educacao-basica\/\",\"name\":\"MEC e entidades defendem retorno imediato das aulas presenciais na educa\\u00e7\\u00e3o b\\u00e1sica\"}}]},{\"@type\":\"Person\",\"@id\":\"https:\/\/abrelivros.org.br\/site\/#\/schema\/person\/65db80e26409802ce15ac5feec6a15fd\",\"name\":\"Reda\\u00e7\\u00e3o Abrelivros\",\"image\":{\"@type\":\"ImageObject\",\"@id\":\"https:\/\/abrelivros.org.br\/site\/#personlogo\",\"inLanguage\":\"pt-BR\",\"url\":\"https:\/\/secure.gravatar.com\/avatar\/c4e57f9c7e3482965bd428192061218520756c39080b1d1820b679fa5e9af192?s=96&d=mm&r=g\",\"caption\":\"Reda\\u00e7\\u00e3o Abrelivros\"}}]}<\/script>\n<!-- \/ Yoast SEO plugin. -->","_links":{"self":[{"href":"https:\/\/abrelivros.org.br\/site\/wp-json\/wp\/v2\/posts\/12863","targetHints":{"allow":["GET"]}}],"collection":[{"href":"https:\/\/abrelivros.org.br\/site\/wp-json\/wp\/v2\/posts"}],"about":[{"href":"https:\/\/abrelivros.org.br\/site\/wp-json\/wp\/v2\/types\/post"}],"author":[{"embeddable":true,"href":"https:\/\/abrelivros.org.br\/site\/wp-json\/wp\/v2\/users\/4"}],"replies":[{"embeddable":true,"href":"https:\/\/abrelivros.org.br\/site\/wp-json\/wp\/v2\/comments?post=12863"}],"version-history":[{"count":1,"href":"https:\/\/abrelivros.org.br\/site\/wp-json\/wp\/v2\/posts\/12863\/revisions"}],"predecessor-version":[{"id":12864,"href":"https:\/\/abrelivros.org.br\/site\/wp-json\/wp\/v2\/posts\/12863\/revisions\/12864"}],"wp:attachment":[{"href":"https:\/\/abrelivros.org.br\/site\/wp-json\/wp\/v2\/media?parent=12863"}],"wp:term":[{"taxonomy":"category","embeddable":true,"href":"https:\/\/abrelivros.org.br\/site\/wp-json\/wp\/v2\/categories?post=12863"},{"taxonomy":"post_tag","embeddable":true,"href":"https:\/\/abrelivros.org.br\/site\/wp-json\/wp\/v2\/tags?post=12863"}],"curies":[{"name":"wp","href":"https:\/\/api.w.org\/{rel}","templated":true}]}}