{"id":12860,"date":"2020-12-18T14:53:48","date_gmt":"2020-12-18T17:53:48","guid":{"rendered":"https:\/\/abrelivros.org.br\/site\/?p=12860"},"modified":"2020-12-18T14:53:48","modified_gmt":"2020-12-18T17:53:48","slug":"desinformacao-fatos-e-opinioes","status":"publish","type":"post","link":"https:\/\/abrelivros.org.br\/site\/desinformacao-fatos-e-opinioes\/","title":{"rendered":"Desinforma\u00e7\u00e3o, fatos e opini\u00f5es"},"content":{"rendered":"<p>\u00c9 urgente educar a nova gera\u00e7\u00e3o para um uso competente e seguro das m\u00eddias.\u00a0No \u00faltimo Pisa, exame da OCDE aplicado a jovens de 15 anos de diferentes pa\u00edses e territ\u00f3rios, a \u00eanfase foi em leitura e interpreta\u00e7\u00e3o de textos. Apesar de um pequeno avan\u00e7o na pontua\u00e7\u00e3o, o Brasil se manteve num patamar baixo, ficando entre as 20 \u00faltimas posi\u00e7\u00f5es do ranking.<!--more--><\/p>\n<p>Algo que chamou aten\u00e7\u00e3o nos resultados da prova foi que s\u00f3 2% dos alunos brasileiros souberam separar fatos de opini\u00f5es, uma habilidade central para, segundo os organizadores da avalia\u00e7\u00e3o, `construir conhecimento, pensamento cr\u00edtico e tomar decis\u00f5es bem embasadas`.<\/p>\n<p>Sabemos o impacto que esse triste \u00edndice causa na sociedade. Em tempos de negacionismo cient\u00edfico, observa-se a const\u00e2ncia com que s\u00e3o feitas declara\u00e7\u00f5es de ades\u00e3o a `fatos alternativos`, largamente disseminados em redes sociais. N\u00e3o tem sido raro, para mim, ali encontrar tanto a nova gera\u00e7\u00e3o `torcendo` por verdades sem embasamento cient\u00edfico como antigos colegas de escola, muitos com diplomas universit\u00e1rios.<\/p>\n<p>Nesse sentido, alegrou-me ler o Guia da Educa\u00e7\u00e3o Midi\u00e1tica, rec\u00e9m-publicado pelo Instituto Palavra Aberta, para apoiar professores de educa\u00e7\u00e3o b\u00e1sica na sua tarefa de ensinar os jovens a acessar o ambiente informacional de forma cr\u00edtica, entendendo bem a diferen\u00e7a entre fatos e opini\u00f5es e descartando desinforma\u00e7\u00f5es. Escrevi o pref\u00e1cio desse interessante trabalho e nele citei a conex\u00e3o da obra com os textos do ingl\u00eas David Buckingham, um pioneiro em estudos de educa\u00e7\u00e3o midi\u00e1tica, e com a pr\u00f3pria Base Nacional Comum Curricular, que incluiu o tema nas habilidades a serem desenvolvidas entre nossas crian\u00e7as e jovens.<\/p>\n<p>Buckingham, professor do Instituto de Educa\u00e7\u00e3o da Universidade de Londres, lan\u00e7ou recentemente um manifesto pela educa\u00e7\u00e3o midi\u00e1tica em que defende uma abordagem educacional compreensiva e coerente, centrada em pensamento cr\u00edtico, para enfrentar a desinforma\u00e7\u00e3o.<\/p>\n<p>Sim, ela sempre existiu, mas hoje atinge muito mais gente, dadas algumas ferramentas tecnol\u00f3gicas e o pouco cuidado de quem l\u00ea sem verificar. Al\u00e9m do que, como em redes sociais vivemos em bolhas de pessoas que pensam como n\u00f3s, ficamos sempre com a sensa\u00e7\u00e3o de que h\u00e1 uma quase unanimidade em torno dos fatos alternativos que disseminamos.<\/p>\n<p>Junte-se a isso uma campanha contra a `grande imprensa`, essa, sim, sujeita a processos, em democracias, se divulgarem falsas informa\u00e7\u00f5es, e teremos uma sociedade rapidamente fazendo escolhas baseadas em dados falsos. Da\u00ed a urg\u00eancia de se educar a nova gera\u00e7\u00e3o para um uso competente e seguro das m\u00eddias, para evitar a emerg\u00eancia de um futuro dist\u00f3pico, em que sairemos todos perdendo.<\/p>\n","protected":false},"excerpt":{"rendered":"<p>\u00c9 urgente educar a nova gera\u00e7\u00e3o para um uso competente e seguro das m\u00eddias.\u00a0No \u00faltimo Pisa, exame da OCDE aplicado a jovens de 15 anos de diferentes pa\u00edses e territ\u00f3rios, a \u00eanfase foi em leitura e interpreta\u00e7\u00e3o de textos. Apesar de um pequeno avan\u00e7o na pontua\u00e7\u00e3o, o Brasil se manteve num patamar baixo, ficando entre [&hellip;]<\/p>\n","protected":false},"author":4,"featured_media":0,"comment_status":"closed","ping_status":"closed","sticky":false,"template":"","format":"standard","meta":{"footnotes":"","_links_to":"","_links_to_target":""},"categories":[9],"tags":[],"class_list":["post-12860","post","type-post","status-publish","format-standard","hentry","category-noticias-da-imprensa"],"yoast_head":"<!-- This site is optimized with the Yoast SEO plugin v15.1 - https:\/\/yoast.com\/wordpress\/plugins\/seo\/ -->\n<title>Desinforma\u00e7\u00e3o, fatos e opini\u00f5es &raquo; Abrelivros<\/title>\n<meta name=\"robots\" content=\"index, follow, max-snippet:-1, max-image-preview:large, max-video-preview:-1\" \/>\n<link rel=\"canonical\" href=\"https:\/\/abrelivros.org.br\/site\/desinformacao-fatos-e-opinioes\/\" \/>\n<meta property=\"og:locale\" content=\"pt_BR\" \/>\n<meta property=\"og:type\" content=\"article\" \/>\n<meta property=\"og:title\" content=\"Desinforma\u00e7\u00e3o, fatos e opini\u00f5es &raquo; Abrelivros\" \/>\n<meta property=\"og:description\" content=\"\u00c9 urgente educar a nova gera\u00e7\u00e3o para um uso competente e seguro das m\u00eddias.\u00a0No \u00faltimo Pisa, exame da OCDE aplicado a jovens de 15 anos de diferentes pa\u00edses e territ\u00f3rios, a \u00eanfase foi em leitura e interpreta\u00e7\u00e3o de textos. Apesar de um pequeno avan\u00e7o na pontua\u00e7\u00e3o, o Brasil se manteve num patamar baixo, ficando entre [&hellip;]\" \/>\n<meta property=\"og:url\" content=\"https:\/\/abrelivros.org.br\/site\/desinformacao-fatos-e-opinioes\/\" \/>\n<meta property=\"og:site_name\" content=\"Abrelivros\" \/>\n<meta property=\"article:published_time\" content=\"2020-12-18T17:53:48+00:00\" \/>\n<meta name=\"twitter:card\" content=\"summary_large_image\" \/>\n<script type=\"application\/ld+json\" class=\"yoast-schema-graph\">{\"@context\":\"https:\/\/schema.org\",\"@graph\":[{\"@type\":\"WebSite\",\"@id\":\"https:\/\/abrelivros.org.br\/site\/#website\",\"url\":\"https:\/\/abrelivros.org.br\/site\/\",\"name\":\"Abrelivros\",\"description\":\"\",\"potentialAction\":[{\"@type\":\"SearchAction\",\"target\":\"https:\/\/abrelivros.org.br\/site\/?s={search_term_string}\",\"query-input\":\"required name=search_term_string\"}],\"inLanguage\":\"pt-BR\"},{\"@type\":\"WebPage\",\"@id\":\"https:\/\/abrelivros.org.br\/site\/desinformacao-fatos-e-opinioes\/#webpage\",\"url\":\"https:\/\/abrelivros.org.br\/site\/desinformacao-fatos-e-opinioes\/\",\"name\":\"Desinforma\\u00e7\\u00e3o, fatos e opini\\u00f5es &raquo; Abrelivros\",\"isPartOf\":{\"@id\":\"https:\/\/abrelivros.org.br\/site\/#website\"},\"datePublished\":\"2020-12-18T17:53:48+00:00\",\"dateModified\":\"2020-12-18T17:53:48+00:00\",\"author\":{\"@id\":\"https:\/\/abrelivros.org.br\/site\/#\/schema\/person\/65db80e26409802ce15ac5feec6a15fd\"},\"breadcrumb\":{\"@id\":\"https:\/\/abrelivros.org.br\/site\/desinformacao-fatos-e-opinioes\/#breadcrumb\"},\"inLanguage\":\"pt-BR\",\"potentialAction\":[{\"@type\":\"ReadAction\",\"target\":[\"https:\/\/abrelivros.org.br\/site\/desinformacao-fatos-e-opinioes\/\"]}]},{\"@type\":\"BreadcrumbList\",\"@id\":\"https:\/\/abrelivros.org.br\/site\/desinformacao-fatos-e-opinioes\/#breadcrumb\",\"itemListElement\":[{\"@type\":\"ListItem\",\"position\":1,\"item\":{\"@type\":\"WebPage\",\"@id\":\"https:\/\/abrelivros.org.br\/site\/\",\"url\":\"https:\/\/abrelivros.org.br\/site\/\",\"name\":\"In\\u00edcio\"}},{\"@type\":\"ListItem\",\"position\":2,\"item\":{\"@type\":\"WebPage\",\"@id\":\"https:\/\/abrelivros.org.br\/site\/category\/noticias\/\",\"url\":\"https:\/\/abrelivros.org.br\/site\/category\/noticias\/\",\"name\":\"Not\\u00edcias\"}},{\"@type\":\"ListItem\",\"position\":3,\"item\":{\"@type\":\"WebPage\",\"@id\":\"https:\/\/abrelivros.org.br\/site\/category\/noticias\/noticias-da-imprensa\/\",\"url\":\"https:\/\/abrelivros.org.br\/site\/category\/noticias\/noticias-da-imprensa\/\",\"name\":\"Not\\u00edcias da imprensa\"}},{\"@type\":\"ListItem\",\"position\":4,\"item\":{\"@type\":\"WebPage\",\"@id\":\"https:\/\/abrelivros.org.br\/site\/desinformacao-fatos-e-opinioes\/\",\"url\":\"https:\/\/abrelivros.org.br\/site\/desinformacao-fatos-e-opinioes\/\",\"name\":\"Desinforma\\u00e7\\u00e3o, fatos e opini\\u00f5es\"}}]},{\"@type\":\"Person\",\"@id\":\"https:\/\/abrelivros.org.br\/site\/#\/schema\/person\/65db80e26409802ce15ac5feec6a15fd\",\"name\":\"Reda\\u00e7\\u00e3o Abrelivros\",\"image\":{\"@type\":\"ImageObject\",\"@id\":\"https:\/\/abrelivros.org.br\/site\/#personlogo\",\"inLanguage\":\"pt-BR\",\"url\":\"https:\/\/secure.gravatar.com\/avatar\/c4e57f9c7e3482965bd428192061218520756c39080b1d1820b679fa5e9af192?s=96&d=mm&r=g\",\"caption\":\"Reda\\u00e7\\u00e3o Abrelivros\"}}]}<\/script>\n<!-- \/ Yoast SEO plugin. -->","_links":{"self":[{"href":"https:\/\/abrelivros.org.br\/site\/wp-json\/wp\/v2\/posts\/12860","targetHints":{"allow":["GET"]}}],"collection":[{"href":"https:\/\/abrelivros.org.br\/site\/wp-json\/wp\/v2\/posts"}],"about":[{"href":"https:\/\/abrelivros.org.br\/site\/wp-json\/wp\/v2\/types\/post"}],"author":[{"embeddable":true,"href":"https:\/\/abrelivros.org.br\/site\/wp-json\/wp\/v2\/users\/4"}],"replies":[{"embeddable":true,"href":"https:\/\/abrelivros.org.br\/site\/wp-json\/wp\/v2\/comments?post=12860"}],"version-history":[{"count":1,"href":"https:\/\/abrelivros.org.br\/site\/wp-json\/wp\/v2\/posts\/12860\/revisions"}],"predecessor-version":[{"id":12861,"href":"https:\/\/abrelivros.org.br\/site\/wp-json\/wp\/v2\/posts\/12860\/revisions\/12861"}],"wp:attachment":[{"href":"https:\/\/abrelivros.org.br\/site\/wp-json\/wp\/v2\/media?parent=12860"}],"wp:term":[{"taxonomy":"category","embeddable":true,"href":"https:\/\/abrelivros.org.br\/site\/wp-json\/wp\/v2\/categories?post=12860"},{"taxonomy":"post_tag","embeddable":true,"href":"https:\/\/abrelivros.org.br\/site\/wp-json\/wp\/v2\/tags?post=12860"}],"curies":[{"name":"wp","href":"https:\/\/api.w.org\/{rel}","templated":true}]}}