{"id":12841,"date":"2020-12-17T17:21:20","date_gmt":"2020-12-17T20:21:20","guid":{"rendered":"https:\/\/abrelivros.org.br\/site\/?p=12841"},"modified":"2020-12-17T17:31:59","modified_gmt":"2020-12-17T20:31:59","slug":"cidade-de-sp-cancela-pregao-que-ia-comprar-mais-de-15-milhao-de-exemplares","status":"publish","type":"post","link":"https:\/\/abrelivros.org.br\/site\/cidade-de-sp-cancela-pregao-que-ia-comprar-mais-de-15-milhao-de-exemplares\/","title":{"rendered":"Cidade de SP cancela preg\u00e3o que ia comprar mais de 1,5 milh\u00e3o de exemplares"},"content":{"rendered":"<p>No dia 9 de dezembro, a Secretaria Municipal de Educa\u00e7\u00e3o (SME) de S\u00e3o Paulo abriu preg\u00e3o eletr\u00f4nico para a compra de mais de 1,5 milh\u00e3o de exemplares para compor acervos de unidades educacionais do Ensino Fundamental e da Educa\u00e7\u00e3o Infantil. Ao todo, foram selecionados 647 t\u00edtulos de editoras de todos os portes. O edital previa a realiza\u00e7\u00e3o da compra em tr\u00eas lotes, cada um contendo diferentes t\u00edtulos, de diferentes editoras. Esta modalidade foi uma novidade. O preg\u00e3o foi revogado nesta quinta-feira (17).<!--more--><\/p>\n<p>Em preg\u00f5es anteriores, a SME negociou individualmente com os detentores dos direitos autorais de cada obra selecionada. Editores ouvidos pelo PublishNews apontaram que o mais razo\u00e1vel neste caso seria que distribuidoras assumissem a venda. No dia seguinte ao da abertura do preg\u00e3o, a SME publicou um comunicado em que informava: \u201cser\u00e1 considerado, como desconto m\u00ednimo inicial, o percentual de 37% do valor calculado sob o valor de capa cheio, sem desconto algum\u201d.<\/p>\n<p>Seguindo a linha do tempo dos fatos, no dia 14, a empresa GM Quality, com sede em Recife, enviou e-mail aos editores listados no certame informando que os livros seriam fornecidos tendo por base uma ata da Funda\u00e7\u00e3o para o Desenvolvimento da Educa\u00e7\u00e3o (FDE). O documento, datado de 30 de dezembro de 2019 tem por objeto \u201co registro de pre\u00e7os para aquisi\u00e7\u00e3o de acervos bibliogr\u00e1ficos, destinados aos alunos, professores e servidores das escolas da rede p\u00fablica, diretorias de ensino e demais \u00f3rg\u00e3os da Educa\u00e7\u00e3o no \u00e2mbito do estado de S\u00e3o Paulo\u201d. Pela ata, a GM Quality se compromete a oferecer desconto \u201cfixo e irreajust\u00e1vel\u201d de 38% no prazo de 12 meses, ou seja, o vencimento da ata se dar\u00e1 no pr\u00f3ximo dia 30.<\/p>\n<p>O preg\u00e3o foi revogado nesta quinta-feira (17). O PublishNews procurou a assessoria de imprensa da SME por e-mail questionando o motivo do cancelamento do preg\u00e3o. At\u00e9 o fechamento desta edi\u00e7\u00e3o, n\u00e3o obteve resposta. A empresa MG Quality tamb\u00e9m foi procurada, mas tamb\u00e9m n\u00e3o se manifestou at\u00e9 o momento.<\/p>\n<p>&nbsp;<\/p>\n","protected":false},"excerpt":{"rendered":"<p>No dia 9 de dezembro, a Secretaria Municipal de Educa\u00e7\u00e3o (SME) de S\u00e3o Paulo abriu preg\u00e3o eletr\u00f4nico para a compra de mais de 1,5 milh\u00e3o de exemplares para compor acervos de unidades educacionais do Ensino Fundamental e da Educa\u00e7\u00e3o Infantil. Ao todo, foram selecionados 647 t\u00edtulos de editoras de todos os portes. O edital previa [&hellip;]<\/p>\n","protected":false},"author":4,"featured_media":0,"comment_status":"closed","ping_status":"closed","sticky":false,"template":"","format":"standard","meta":{"footnotes":"","_links_to":"","_links_to_target":""},"categories":[9,1],"tags":[],"class_list":["post-12841","post","type-post","status-publish","format-standard","hentry","category-noticias-da-imprensa","category-uncategorised"],"yoast_head":"<!-- This site is optimized with the Yoast SEO plugin v15.1 - https:\/\/yoast.com\/wordpress\/plugins\/seo\/ -->\n<title>Cidade de SP cancela preg\u00e3o que ia comprar mais de 1,5 milh\u00e3o de exemplares &raquo; Abrelivros<\/title>\n<meta name=\"robots\" content=\"index, follow, max-snippet:-1, max-image-preview:large, max-video-preview:-1\" \/>\n<link rel=\"canonical\" href=\"https:\/\/abrelivros.org.br\/site\/cidade-de-sp-cancela-pregao-que-ia-comprar-mais-de-15-milhao-de-exemplares\/\" \/>\n<meta property=\"og:locale\" content=\"pt_BR\" \/>\n<meta property=\"og:type\" content=\"article\" \/>\n<meta property=\"og:title\" content=\"Cidade de SP cancela preg\u00e3o que ia comprar mais de 1,5 milh\u00e3o de exemplares &raquo; Abrelivros\" \/>\n<meta property=\"og:description\" content=\"No dia 9 de dezembro, a Secretaria Municipal de Educa\u00e7\u00e3o (SME) de S\u00e3o Paulo abriu preg\u00e3o eletr\u00f4nico para a compra de mais de 1,5 milh\u00e3o de exemplares para compor acervos de unidades educacionais do Ensino Fundamental e da Educa\u00e7\u00e3o Infantil. Ao todo, foram selecionados 647 t\u00edtulos de editoras de todos os portes. O edital previa [&hellip;]\" \/>\n<meta property=\"og:url\" content=\"https:\/\/abrelivros.org.br\/site\/cidade-de-sp-cancela-pregao-que-ia-comprar-mais-de-15-milhao-de-exemplares\/\" \/>\n<meta property=\"og:site_name\" content=\"Abrelivros\" \/>\n<meta property=\"article:published_time\" content=\"2020-12-17T20:21:20+00:00\" \/>\n<meta property=\"article:modified_time\" content=\"2020-12-17T20:31:59+00:00\" \/>\n<meta name=\"twitter:card\" content=\"summary_large_image\" \/>\n<script type=\"application\/ld+json\" class=\"yoast-schema-graph\">{\"@context\":\"https:\/\/schema.org\",\"@graph\":[{\"@type\":\"WebSite\",\"@id\":\"https:\/\/abrelivros.org.br\/site\/#website\",\"url\":\"https:\/\/abrelivros.org.br\/site\/\",\"name\":\"Abrelivros\",\"description\":\"\",\"potentialAction\":[{\"@type\":\"SearchAction\",\"target\":\"https:\/\/abrelivros.org.br\/site\/?s={search_term_string}\",\"query-input\":\"required name=search_term_string\"}],\"inLanguage\":\"pt-BR\"},{\"@type\":\"WebPage\",\"@id\":\"https:\/\/abrelivros.org.br\/site\/cidade-de-sp-cancela-pregao-que-ia-comprar-mais-de-15-milhao-de-exemplares\/#webpage\",\"url\":\"https:\/\/abrelivros.org.br\/site\/cidade-de-sp-cancela-pregao-que-ia-comprar-mais-de-15-milhao-de-exemplares\/\",\"name\":\"Cidade de SP cancela preg\\u00e3o que ia comprar mais de 1,5 milh\\u00e3o de exemplares &raquo; Abrelivros\",\"isPartOf\":{\"@id\":\"https:\/\/abrelivros.org.br\/site\/#website\"},\"datePublished\":\"2020-12-17T20:21:20+00:00\",\"dateModified\":\"2020-12-17T20:31:59+00:00\",\"author\":{\"@id\":\"https:\/\/abrelivros.org.br\/site\/#\/schema\/person\/65db80e26409802ce15ac5feec6a15fd\"},\"breadcrumb\":{\"@id\":\"https:\/\/abrelivros.org.br\/site\/cidade-de-sp-cancela-pregao-que-ia-comprar-mais-de-15-milhao-de-exemplares\/#breadcrumb\"},\"inLanguage\":\"pt-BR\",\"potentialAction\":[{\"@type\":\"ReadAction\",\"target\":[\"https:\/\/abrelivros.org.br\/site\/cidade-de-sp-cancela-pregao-que-ia-comprar-mais-de-15-milhao-de-exemplares\/\"]}]},{\"@type\":\"BreadcrumbList\",\"@id\":\"https:\/\/abrelivros.org.br\/site\/cidade-de-sp-cancela-pregao-que-ia-comprar-mais-de-15-milhao-de-exemplares\/#breadcrumb\",\"itemListElement\":[{\"@type\":\"ListItem\",\"position\":1,\"item\":{\"@type\":\"WebPage\",\"@id\":\"https:\/\/abrelivros.org.br\/site\/\",\"url\":\"https:\/\/abrelivros.org.br\/site\/\",\"name\":\"In\\u00edcio\"}},{\"@type\":\"ListItem\",\"position\":2,\"item\":{\"@type\":\"WebPage\",\"@id\":\"https:\/\/abrelivros.org.br\/site\/category\/uncategorised\/\",\"url\":\"https:\/\/abrelivros.org.br\/site\/category\/uncategorised\/\",\"name\":\"Uncategorised\"}},{\"@type\":\"ListItem\",\"position\":3,\"item\":{\"@type\":\"WebPage\",\"@id\":\"https:\/\/abrelivros.org.br\/site\/cidade-de-sp-cancela-pregao-que-ia-comprar-mais-de-15-milhao-de-exemplares\/\",\"url\":\"https:\/\/abrelivros.org.br\/site\/cidade-de-sp-cancela-pregao-que-ia-comprar-mais-de-15-milhao-de-exemplares\/\",\"name\":\"Cidade de SP cancela preg\\u00e3o que ia comprar mais de 1,5 milh\\u00e3o de exemplares\"}}]},{\"@type\":\"Person\",\"@id\":\"https:\/\/abrelivros.org.br\/site\/#\/schema\/person\/65db80e26409802ce15ac5feec6a15fd\",\"name\":\"Reda\\u00e7\\u00e3o Abrelivros\",\"image\":{\"@type\":\"ImageObject\",\"@id\":\"https:\/\/abrelivros.org.br\/site\/#personlogo\",\"inLanguage\":\"pt-BR\",\"url\":\"https:\/\/secure.gravatar.com\/avatar\/c4e57f9c7e3482965bd428192061218520756c39080b1d1820b679fa5e9af192?s=96&d=mm&r=g\",\"caption\":\"Reda\\u00e7\\u00e3o Abrelivros\"}}]}<\/script>\n<!-- \/ Yoast SEO plugin. -->","_links":{"self":[{"href":"https:\/\/abrelivros.org.br\/site\/wp-json\/wp\/v2\/posts\/12841","targetHints":{"allow":["GET"]}}],"collection":[{"href":"https:\/\/abrelivros.org.br\/site\/wp-json\/wp\/v2\/posts"}],"about":[{"href":"https:\/\/abrelivros.org.br\/site\/wp-json\/wp\/v2\/types\/post"}],"author":[{"embeddable":true,"href":"https:\/\/abrelivros.org.br\/site\/wp-json\/wp\/v2\/users\/4"}],"replies":[{"embeddable":true,"href":"https:\/\/abrelivros.org.br\/site\/wp-json\/wp\/v2\/comments?post=12841"}],"version-history":[{"count":1,"href":"https:\/\/abrelivros.org.br\/site\/wp-json\/wp\/v2\/posts\/12841\/revisions"}],"predecessor-version":[{"id":12842,"href":"https:\/\/abrelivros.org.br\/site\/wp-json\/wp\/v2\/posts\/12841\/revisions\/12842"}],"wp:attachment":[{"href":"https:\/\/abrelivros.org.br\/site\/wp-json\/wp\/v2\/media?parent=12841"}],"wp:term":[{"taxonomy":"category","embeddable":true,"href":"https:\/\/abrelivros.org.br\/site\/wp-json\/wp\/v2\/categories?post=12841"},{"taxonomy":"post_tag","embeddable":true,"href":"https:\/\/abrelivros.org.br\/site\/wp-json\/wp\/v2\/tags?post=12841"}],"curies":[{"name":"wp","href":"https:\/\/api.w.org\/{rel}","templated":true}]}}