{"id":12836,"date":"2020-12-16T14:24:04","date_gmt":"2020-12-16T17:24:04","guid":{"rendered":"https:\/\/abrelivros.org.br\/site\/?p=12836"},"modified":"2020-12-16T16:33:05","modified_gmt":"2020-12-16T19:33:05","slug":"mec-tem-a-pior-execucao-orcamentaria-na-educacao-basica-para-o-periodo-desde-2010","status":"publish","type":"post","link":"https:\/\/abrelivros.org.br\/site\/mec-tem-a-pior-execucao-orcamentaria-na-educacao-basica-para-o-periodo-desde-2010\/","title":{"rendered":"MEC tem a pior execu\u00e7\u00e3o or\u00e7ament\u00e1ria na Educa\u00e7\u00e3o B\u00e1sica para o per\u00edodo desde 2010"},"content":{"rendered":"<p>O 5\u00ba Relat\u00f3rio Bimestral de Execu\u00e7\u00e3o Or\u00e7ament\u00e1ria do Minist\u00e9rio da Educa\u00e7\u00e3o (MEC), produzido pelo Todos Pela Educa\u00e7\u00e3o, evidencia a baixa capacidade de execu\u00e7\u00e3o do or\u00e7amento pela pasta, cortes nas despesas para Educa\u00e7\u00e3o B\u00e1sica e falta de planejamento no Fundo Nacional de Desenvolvimento da Educa\u00e7\u00e3o (FNDE) para gerir o limite de pagamentos da autarquia. O estudo traz ainda o in\u00edcio da execu\u00e7\u00e3o do Programa Educa\u00e7\u00e3o Conectada e a positiva, por\u00e9m insuficiente, movimenta\u00e7\u00e3o de R$ 525 milh\u00f5es, remanejados de outras a\u00e7\u00f5es, destinados \u00e0s escolas para os preparativos de volta \u00e0s aulas.<!--more--><\/p>\n<p>\u201cO MEC parece estar em sono profundo nos \u00faltimos dois anos. Com alguns lapsos de atividade, gasta recursos e esfor\u00e7os no que n\u00e3o \u00e9 de sua al\u00e7ada, e faz nada ou muito pouco para apoiar as redes de ensino no enfrentamento dos efeitos da Covid-19. At\u00e9 aqui, temos contado com maior aten\u00e7\u00e3o \u00e0s pautas de Educa\u00e7\u00e3o no Congresso Nacional e nos estados e munic\u00edpios, mas ainda n\u00e3o o suficiente. Se n\u00e3o podemos contar com o Governo Federal na Educa\u00e7\u00e3o, esses demais atores precisam se mobilizar ainda mais\u201d, afirma Priscila Cruz, presidente-executiva do Todos Pela Educa\u00e7\u00e3o.<\/p>\n<p>A Educa\u00e7\u00e3o B\u00e1sica possui o menor n\u00edvel de execu\u00e7\u00e3o or\u00e7ament\u00e1ria em todas as an\u00e1lises realizadas no relat\u00f3rio (despesas obrigat\u00f3rias, discricion\u00e1rias e emendas parlamentares), portanto, ainda que o atual governo afirme ser uma prioridade da sua gest\u00e3o, os n\u00fameros demonstram o oposto. O pior cen\u00e1rio est\u00e1 nas despesas discricion\u00e1rias, aquelas n\u00e3o-obrigat\u00f3rias, com apenas 15% de pagamento \u2013 \u00e9 a pior taxa dessa d\u00e9cada para o per\u00edodo. As despesas obrigat\u00f3rias (69%) e emendas parlamentares (10%), tem o pior n\u00edvel de execu\u00e7\u00e3o em compara\u00e7\u00e3o com Ensino Superior e Educa\u00e7\u00e3o Profissional.<\/p>\n<p>No in\u00edcio de novembro, o Congresso Nacional aprovou os Projetos de Lei do Congresso Nacional (PLNs), enviados pelo Governo Federal, que propunham um corte de R$1,1 bilh\u00e3o no or\u00e7amento destinado \u00e0 Educa\u00e7\u00e3o B\u00e1sica. Para as demais etapas, no entanto, houve suplementa\u00e7\u00e3o de R$862,4 milh\u00f5es, reduzindo, assim, o impacto total causado pelo corte no ensino b\u00e1sico; o saldo para o MEC como um todo \u00e9 negativo em R$253,2 milh\u00f5es. Sem considerar os cortes acima, at\u00e9 outubro, o FNDE j\u00e1 acumulava R$885 milh\u00f5es em cancelamentos desde o come\u00e7o do ano. A autarquia concentra 64% dos recursos vinculados \u00e0 educa\u00e7\u00e3o b\u00e1sica no MEC.<\/p>\n<p>Para fins de compara\u00e7\u00e3o, caso a execu\u00e7\u00e3o seguisse uma linearidade ao longo do ano, poder\u00edamos esperar um percentual de pagamentos pr\u00f3ximo a 85% ao final do m\u00eas de outubro. No entanto, ap\u00f3s 10 meses, o FNDE utilizou apenas 53% do limite de pagamento das despesas discricion\u00e1rias. Desse total, 33% pertencem ao or\u00e7amento de 2020, o restante foi consumido com despesas carregadas de anos anteriores, os restos a pagar (RAP). Devido ao alto comprometimento do seu limite com RAP, a autarquia se encontra em uma situa\u00e7\u00e3o delicada. O FNDE ainda disp\u00f5e de R$2,0 bilh\u00f5es de limite de pagamento at\u00e9 o final do ano, entretanto, entre despesas da LOA 2020 (R$2,1 bilh\u00f5es) e RAP (R$ 3,1 bilh\u00e3o), ainda restam R$5,2 bilh\u00f5es a serem pagos, valor que supera o limite dispon\u00edvel em mais de 2,5x.<\/p>\n<p><strong>Remanejamento para pandemia<\/strong><\/p>\n<p>Ainda que de forma tardia, o MEC remanejou R$525 milh\u00f5es de or\u00e7amento existente para apoiar as escolas na volta \u00e0s aulas. Essa \u00e9 a primeira vez no ano que a pasta cria uma linha or\u00e7ament\u00e1ria com esse objetivo, que utilizar\u00e1 o PDDE para repassar esse recurso diretamente \u00e0s institui\u00e7\u00f5es de ensino. Os recursos poder\u00e3o ser utilizados para contrata\u00e7\u00e3o de servi\u00e7os especializados para desinfec\u00e7\u00e3o, realiza\u00e7\u00e3o de pequenos reparos, adequa\u00e7\u00e3o das salas, compra de \u00e1lcool em gel, entre outras a\u00e7\u00f5es necess\u00e1rias ao enfrentamento da pandemia pelas escolas.<\/p>\n<p><strong>Programa Educa\u00e7\u00e3o Conectada<\/strong><\/p>\n<p>Ap\u00f3s oito meses sem execu\u00e7\u00e3o, o Programa Educa\u00e7\u00e3o Conectada sai de 0% para 40% das despesas pagas em dois meses. No per\u00edodo, R$88,8 milh\u00f5es que pertencem ao exerc\u00edcio de 2020 foram pagos, somando-se aos R$154 milh\u00f5es de RAP pagos previamente. Al\u00e9m disso, esse programa foi suplementado em R$25 milh\u00f5es, atingindo uma dota\u00e7\u00e3o atualizada de R$160 milh\u00f5es em 2020.<\/p>\n<p>&nbsp;<\/p>\n<p>Acesse o documento na \u00edntegra <a href=\"https:\/\/todospelaeducacao.org.br\/wordpress\/wp-content\/uploads\/securepdfs\/2020\/12\/5%C2%B0-Relatorio-Bimestral.pdf\">clicando aqui<\/a>.<\/p>\n","protected":false},"excerpt":{"rendered":"<p>O 5\u00ba Relat\u00f3rio Bimestral de Execu\u00e7\u00e3o Or\u00e7ament\u00e1ria do Minist\u00e9rio da Educa\u00e7\u00e3o (MEC), produzido pelo Todos Pela Educa\u00e7\u00e3o, evidencia a baixa capacidade de execu\u00e7\u00e3o do or\u00e7amento pela pasta, cortes nas despesas para Educa\u00e7\u00e3o B\u00e1sica e falta de planejamento no Fundo Nacional de Desenvolvimento da Educa\u00e7\u00e3o (FNDE) para gerir o limite de pagamentos da autarquia. O estudo [&hellip;]<\/p>\n","protected":false},"author":4,"featured_media":0,"comment_status":"closed","ping_status":"closed","sticky":false,"template":"","format":"standard","meta":{"footnotes":"","_links_to":"","_links_to_target":""},"categories":[9],"tags":[],"class_list":["post-12836","post","type-post","status-publish","format-standard","hentry","category-noticias-da-imprensa"],"yoast_head":"<!-- This site is optimized with the Yoast SEO plugin v15.1 - https:\/\/yoast.com\/wordpress\/plugins\/seo\/ -->\n<title>MEC tem a pior execu\u00e7\u00e3o or\u00e7ament\u00e1ria na Educa\u00e7\u00e3o B\u00e1sica para o per\u00edodo desde 2010 &raquo; Abrelivros<\/title>\n<meta name=\"robots\" content=\"index, follow, max-snippet:-1, max-image-preview:large, max-video-preview:-1\" \/>\n<link rel=\"canonical\" href=\"https:\/\/abrelivros.org.br\/site\/mec-tem-a-pior-execucao-orcamentaria-na-educacao-basica-para-o-periodo-desde-2010\/\" \/>\n<meta property=\"og:locale\" content=\"pt_BR\" \/>\n<meta property=\"og:type\" content=\"article\" \/>\n<meta property=\"og:title\" content=\"MEC tem a pior execu\u00e7\u00e3o or\u00e7ament\u00e1ria na Educa\u00e7\u00e3o B\u00e1sica para o per\u00edodo desde 2010 &raquo; Abrelivros\" \/>\n<meta property=\"og:description\" content=\"O 5\u00ba Relat\u00f3rio Bimestral de Execu\u00e7\u00e3o Or\u00e7ament\u00e1ria do Minist\u00e9rio da Educa\u00e7\u00e3o (MEC), produzido pelo Todos Pela Educa\u00e7\u00e3o, evidencia a baixa capacidade de execu\u00e7\u00e3o do or\u00e7amento pela pasta, cortes nas despesas para Educa\u00e7\u00e3o B\u00e1sica e falta de planejamento no Fundo Nacional de Desenvolvimento da Educa\u00e7\u00e3o (FNDE) para gerir o limite de pagamentos da autarquia. O estudo [&hellip;]\" \/>\n<meta property=\"og:url\" content=\"https:\/\/abrelivros.org.br\/site\/mec-tem-a-pior-execucao-orcamentaria-na-educacao-basica-para-o-periodo-desde-2010\/\" \/>\n<meta property=\"og:site_name\" content=\"Abrelivros\" \/>\n<meta property=\"article:published_time\" content=\"2020-12-16T17:24:04+00:00\" \/>\n<meta property=\"article:modified_time\" content=\"2020-12-16T19:33:05+00:00\" \/>\n<meta name=\"twitter:card\" content=\"summary_large_image\" \/>\n<script type=\"application\/ld+json\" class=\"yoast-schema-graph\">{\"@context\":\"https:\/\/schema.org\",\"@graph\":[{\"@type\":\"WebSite\",\"@id\":\"https:\/\/abrelivros.org.br\/site\/#website\",\"url\":\"https:\/\/abrelivros.org.br\/site\/\",\"name\":\"Abrelivros\",\"description\":\"\",\"potentialAction\":[{\"@type\":\"SearchAction\",\"target\":\"https:\/\/abrelivros.org.br\/site\/?s={search_term_string}\",\"query-input\":\"required name=search_term_string\"}],\"inLanguage\":\"pt-BR\"},{\"@type\":\"WebPage\",\"@id\":\"https:\/\/abrelivros.org.br\/site\/mec-tem-a-pior-execucao-orcamentaria-na-educacao-basica-para-o-periodo-desde-2010\/#webpage\",\"url\":\"https:\/\/abrelivros.org.br\/site\/mec-tem-a-pior-execucao-orcamentaria-na-educacao-basica-para-o-periodo-desde-2010\/\",\"name\":\"MEC tem a pior execu\\u00e7\\u00e3o or\\u00e7ament\\u00e1ria na Educa\\u00e7\\u00e3o B\\u00e1sica para o per\\u00edodo desde 2010 &raquo; Abrelivros\",\"isPartOf\":{\"@id\":\"https:\/\/abrelivros.org.br\/site\/#website\"},\"datePublished\":\"2020-12-16T17:24:04+00:00\",\"dateModified\":\"2020-12-16T19:33:05+00:00\",\"author\":{\"@id\":\"https:\/\/abrelivros.org.br\/site\/#\/schema\/person\/65db80e26409802ce15ac5feec6a15fd\"},\"breadcrumb\":{\"@id\":\"https:\/\/abrelivros.org.br\/site\/mec-tem-a-pior-execucao-orcamentaria-na-educacao-basica-para-o-periodo-desde-2010\/#breadcrumb\"},\"inLanguage\":\"pt-BR\",\"potentialAction\":[{\"@type\":\"ReadAction\",\"target\":[\"https:\/\/abrelivros.org.br\/site\/mec-tem-a-pior-execucao-orcamentaria-na-educacao-basica-para-o-periodo-desde-2010\/\"]}]},{\"@type\":\"BreadcrumbList\",\"@id\":\"https:\/\/abrelivros.org.br\/site\/mec-tem-a-pior-execucao-orcamentaria-na-educacao-basica-para-o-periodo-desde-2010\/#breadcrumb\",\"itemListElement\":[{\"@type\":\"ListItem\",\"position\":1,\"item\":{\"@type\":\"WebPage\",\"@id\":\"https:\/\/abrelivros.org.br\/site\/\",\"url\":\"https:\/\/abrelivros.org.br\/site\/\",\"name\":\"In\\u00edcio\"}},{\"@type\":\"ListItem\",\"position\":2,\"item\":{\"@type\":\"WebPage\",\"@id\":\"https:\/\/abrelivros.org.br\/site\/category\/noticias\/\",\"url\":\"https:\/\/abrelivros.org.br\/site\/category\/noticias\/\",\"name\":\"Not\\u00edcias\"}},{\"@type\":\"ListItem\",\"position\":3,\"item\":{\"@type\":\"WebPage\",\"@id\":\"https:\/\/abrelivros.org.br\/site\/category\/noticias\/noticias-da-imprensa\/\",\"url\":\"https:\/\/abrelivros.org.br\/site\/category\/noticias\/noticias-da-imprensa\/\",\"name\":\"Not\\u00edcias da imprensa\"}},{\"@type\":\"ListItem\",\"position\":4,\"item\":{\"@type\":\"WebPage\",\"@id\":\"https:\/\/abrelivros.org.br\/site\/mec-tem-a-pior-execucao-orcamentaria-na-educacao-basica-para-o-periodo-desde-2010\/\",\"url\":\"https:\/\/abrelivros.org.br\/site\/mec-tem-a-pior-execucao-orcamentaria-na-educacao-basica-para-o-periodo-desde-2010\/\",\"name\":\"MEC tem a pior execu\\u00e7\\u00e3o or\\u00e7ament\\u00e1ria na Educa\\u00e7\\u00e3o B\\u00e1sica para o per\\u00edodo desde 2010\"}}]},{\"@type\":\"Person\",\"@id\":\"https:\/\/abrelivros.org.br\/site\/#\/schema\/person\/65db80e26409802ce15ac5feec6a15fd\",\"name\":\"Reda\\u00e7\\u00e3o Abrelivros\",\"image\":{\"@type\":\"ImageObject\",\"@id\":\"https:\/\/abrelivros.org.br\/site\/#personlogo\",\"inLanguage\":\"pt-BR\",\"url\":\"https:\/\/secure.gravatar.com\/avatar\/c4e57f9c7e3482965bd428192061218520756c39080b1d1820b679fa5e9af192?s=96&d=mm&r=g\",\"caption\":\"Reda\\u00e7\\u00e3o Abrelivros\"}}]}<\/script>\n<!-- \/ Yoast SEO plugin. -->","_links":{"self":[{"href":"https:\/\/abrelivros.org.br\/site\/wp-json\/wp\/v2\/posts\/12836","targetHints":{"allow":["GET"]}}],"collection":[{"href":"https:\/\/abrelivros.org.br\/site\/wp-json\/wp\/v2\/posts"}],"about":[{"href":"https:\/\/abrelivros.org.br\/site\/wp-json\/wp\/v2\/types\/post"}],"author":[{"embeddable":true,"href":"https:\/\/abrelivros.org.br\/site\/wp-json\/wp\/v2\/users\/4"}],"replies":[{"embeddable":true,"href":"https:\/\/abrelivros.org.br\/site\/wp-json\/wp\/v2\/comments?post=12836"}],"version-history":[{"count":1,"href":"https:\/\/abrelivros.org.br\/site\/wp-json\/wp\/v2\/posts\/12836\/revisions"}],"predecessor-version":[{"id":12837,"href":"https:\/\/abrelivros.org.br\/site\/wp-json\/wp\/v2\/posts\/12836\/revisions\/12837"}],"wp:attachment":[{"href":"https:\/\/abrelivros.org.br\/site\/wp-json\/wp\/v2\/media?parent=12836"}],"wp:term":[{"taxonomy":"category","embeddable":true,"href":"https:\/\/abrelivros.org.br\/site\/wp-json\/wp\/v2\/categories?post=12836"},{"taxonomy":"post_tag","embeddable":true,"href":"https:\/\/abrelivros.org.br\/site\/wp-json\/wp\/v2\/tags?post=12836"}],"curies":[{"name":"wp","href":"https:\/\/api.w.org\/{rel}","templated":true}]}}