{"id":12832,"date":"2020-12-16T14:18:02","date_gmt":"2020-12-16T17:18:02","guid":{"rendered":"https:\/\/abrelivros.org.br\/site\/?p=12832"},"modified":"2020-12-16T14:18:02","modified_gmt":"2020-12-16T17:18:02","slug":"personalizacao-e-gamificacao-sao-tendencias-dos-conteudos-educacionais","status":"publish","type":"post","link":"https:\/\/abrelivros.org.br\/site\/personalizacao-e-gamificacao-sao-tendencias-dos-conteudos-educacionais\/","title":{"rendered":"Personaliza\u00e7\u00e3o e gamifica\u00e7\u00e3o s\u00e3o tend\u00eancias dos conte\u00fados educacionais"},"content":{"rendered":"<p>Aconteceu nesta ter\u00e7a-feira (15 de dezembro), o EdTech Meeting, encontro que reuniu especialistas para debater o futuro do setor educacional da ind\u00fastria do livro. Respons\u00e1vel por R$ 2,85 bilh\u00f5es na soma do PIB da ind\u00fastria editorial, o setor educacional tem passado por profundas transforma\u00e7\u00f5es e startups da educa\u00e7\u00e3o \u2013 as EdTechs \u2013 querem dar respostas r\u00e1pidas a essas mudan\u00e7as.<!--more--><\/p>\n<p>Representantes de duas delas \u2013 Jo\u00e3o Leal, fundador da \u00c1rvore e Mauris Henrique Poggio dos Santos, coordenador de produtos digitais da FTD Educa\u00e7\u00e3o \u2013 conversaram com Gabriela Dias, colunista do PublishNews e especialista no tema, neste primeiro EdTech Meeting.<\/p>\n<p>A personaliza\u00e7\u00e3o de conte\u00fados e a gamifica\u00e7\u00e3o foram duas das importantes tend\u00eancias apontadas pelos participantes do encontro. Mauris apontou que v\u00ea uma permanente amea\u00e7a ao neg\u00f3cio do livro f\u00edsico por ele n\u00e3o atender a estes dois quesitos. \u201cO conte\u00fado [dos livros f\u00edsicos] \u00e9 muito rico, \u00e9 curado, tem autores renomados, tem toda uma intelig\u00eancia por tr\u00e1s, mas ele n\u00e3o \u00e9 adapt\u00e1vel, n\u00e3o oferece aprendizado personalizado, n\u00e3o tem big data. \u00c9 algo realmente complicado de voc\u00ea sustentar\u201d, comentou dizendo ainda que a estrat\u00e9gia da FTD \u00e9 adaptar \u00e0s necessidades dos clientes. \u201cAs plataformas precisam se adequar cada vez mais ao estudantes e n\u00e3o o contr\u00e1rio&#8221;, arrematou.<\/p>\n<p>A pandemia se imp\u00f4s como um grande desafio que exigiu agilidade das empresas. \u201cFoi um grande desafio\u201d, ressaltou Mauris. Jo\u00e3o apontou que o relacionamento com as escolas ao longo da hist\u00f3ria da \u00c1rvore e as necessidades surtiram um efeito importante na opera\u00e7\u00e3o da plataforma de leitura digital. Ele revelou que, no in\u00edcio do ano letivo de 2020, a \u00c1rvore contava com 200 mil alunos de 500 escolas. Finaliza o ano com 1,7 milh\u00e3o de alunos de tr\u00eas mil escolas. Na FTD, Mauris revelou que o n\u00famero de acessos quadriplicou em 2020. Apesar dos n\u00fameros positivos, os dois foram un\u00e2nimes ao apontar que a conectividade e o acesso ainda s\u00e3o barreiras para que os conte\u00fados digitais cheguem aos alunos. O EdTech Meeting teve o patroc\u00ednio da Posigraf.<\/p>\n<p><a href=\"https:\/\/youtu.be\/vKp-U1hTZxg\">Clique aqui para assistir ao EdTech Meeting<\/a>.<\/p>\n","protected":false},"excerpt":{"rendered":"<p>Aconteceu nesta ter\u00e7a-feira (15 de dezembro), o EdTech Meeting, encontro que reuniu especialistas para debater o futuro do setor educacional da ind\u00fastria do livro. Respons\u00e1vel por R$ 2,85 bilh\u00f5es na soma do PIB da ind\u00fastria editorial, o setor educacional tem passado por profundas transforma\u00e7\u00f5es e startups da educa\u00e7\u00e3o \u2013 as EdTechs \u2013 querem dar respostas [&hellip;]<\/p>\n","protected":false},"author":4,"featured_media":0,"comment_status":"closed","ping_status":"closed","sticky":false,"template":"","format":"standard","meta":{"footnotes":"","_links_to":"","_links_to_target":""},"categories":[9],"tags":[],"class_list":["post-12832","post","type-post","status-publish","format-standard","hentry","category-noticias-da-imprensa"],"yoast_head":"<!-- This site is optimized with the Yoast SEO plugin v15.1 - https:\/\/yoast.com\/wordpress\/plugins\/seo\/ -->\n<title>Personaliza\u00e7\u00e3o e gamifica\u00e7\u00e3o s\u00e3o tend\u00eancias dos conte\u00fados educacionais &raquo; Abrelivros<\/title>\n<meta name=\"robots\" content=\"index, follow, max-snippet:-1, max-image-preview:large, max-video-preview:-1\" \/>\n<link rel=\"canonical\" href=\"https:\/\/abrelivros.org.br\/site\/personalizacao-e-gamificacao-sao-tendencias-dos-conteudos-educacionais\/\" \/>\n<meta property=\"og:locale\" content=\"pt_BR\" \/>\n<meta property=\"og:type\" content=\"article\" \/>\n<meta property=\"og:title\" content=\"Personaliza\u00e7\u00e3o e gamifica\u00e7\u00e3o s\u00e3o tend\u00eancias dos conte\u00fados educacionais &raquo; Abrelivros\" \/>\n<meta property=\"og:description\" content=\"Aconteceu nesta ter\u00e7a-feira (15 de dezembro), o EdTech Meeting, encontro que reuniu especialistas para debater o futuro do setor educacional da ind\u00fastria do livro. Respons\u00e1vel por R$ 2,85 bilh\u00f5es na soma do PIB da ind\u00fastria editorial, o setor educacional tem passado por profundas transforma\u00e7\u00f5es e startups da educa\u00e7\u00e3o \u2013 as EdTechs \u2013 querem dar respostas [&hellip;]\" \/>\n<meta property=\"og:url\" content=\"https:\/\/abrelivros.org.br\/site\/personalizacao-e-gamificacao-sao-tendencias-dos-conteudos-educacionais\/\" \/>\n<meta property=\"og:site_name\" content=\"Abrelivros\" \/>\n<meta property=\"article:published_time\" content=\"2020-12-16T17:18:02+00:00\" \/>\n<meta name=\"twitter:card\" content=\"summary_large_image\" \/>\n<script type=\"application\/ld+json\" class=\"yoast-schema-graph\">{\"@context\":\"https:\/\/schema.org\",\"@graph\":[{\"@type\":\"WebSite\",\"@id\":\"https:\/\/abrelivros.org.br\/site\/#website\",\"url\":\"https:\/\/abrelivros.org.br\/site\/\",\"name\":\"Abrelivros\",\"description\":\"\",\"potentialAction\":[{\"@type\":\"SearchAction\",\"target\":\"https:\/\/abrelivros.org.br\/site\/?s={search_term_string}\",\"query-input\":\"required name=search_term_string\"}],\"inLanguage\":\"pt-BR\"},{\"@type\":\"WebPage\",\"@id\":\"https:\/\/abrelivros.org.br\/site\/personalizacao-e-gamificacao-sao-tendencias-dos-conteudos-educacionais\/#webpage\",\"url\":\"https:\/\/abrelivros.org.br\/site\/personalizacao-e-gamificacao-sao-tendencias-dos-conteudos-educacionais\/\",\"name\":\"Personaliza\\u00e7\\u00e3o e gamifica\\u00e7\\u00e3o s\\u00e3o tend\\u00eancias dos conte\\u00fados educacionais &raquo; Abrelivros\",\"isPartOf\":{\"@id\":\"https:\/\/abrelivros.org.br\/site\/#website\"},\"datePublished\":\"2020-12-16T17:18:02+00:00\",\"dateModified\":\"2020-12-16T17:18:02+00:00\",\"author\":{\"@id\":\"https:\/\/abrelivros.org.br\/site\/#\/schema\/person\/65db80e26409802ce15ac5feec6a15fd\"},\"breadcrumb\":{\"@id\":\"https:\/\/abrelivros.org.br\/site\/personalizacao-e-gamificacao-sao-tendencias-dos-conteudos-educacionais\/#breadcrumb\"},\"inLanguage\":\"pt-BR\",\"potentialAction\":[{\"@type\":\"ReadAction\",\"target\":[\"https:\/\/abrelivros.org.br\/site\/personalizacao-e-gamificacao-sao-tendencias-dos-conteudos-educacionais\/\"]}]},{\"@type\":\"BreadcrumbList\",\"@id\":\"https:\/\/abrelivros.org.br\/site\/personalizacao-e-gamificacao-sao-tendencias-dos-conteudos-educacionais\/#breadcrumb\",\"itemListElement\":[{\"@type\":\"ListItem\",\"position\":1,\"item\":{\"@type\":\"WebPage\",\"@id\":\"https:\/\/abrelivros.org.br\/site\/\",\"url\":\"https:\/\/abrelivros.org.br\/site\/\",\"name\":\"In\\u00edcio\"}},{\"@type\":\"ListItem\",\"position\":2,\"item\":{\"@type\":\"WebPage\",\"@id\":\"https:\/\/abrelivros.org.br\/site\/category\/noticias\/\",\"url\":\"https:\/\/abrelivros.org.br\/site\/category\/noticias\/\",\"name\":\"Not\\u00edcias\"}},{\"@type\":\"ListItem\",\"position\":3,\"item\":{\"@type\":\"WebPage\",\"@id\":\"https:\/\/abrelivros.org.br\/site\/category\/noticias\/noticias-da-imprensa\/\",\"url\":\"https:\/\/abrelivros.org.br\/site\/category\/noticias\/noticias-da-imprensa\/\",\"name\":\"Not\\u00edcias da imprensa\"}},{\"@type\":\"ListItem\",\"position\":4,\"item\":{\"@type\":\"WebPage\",\"@id\":\"https:\/\/abrelivros.org.br\/site\/personalizacao-e-gamificacao-sao-tendencias-dos-conteudos-educacionais\/\",\"url\":\"https:\/\/abrelivros.org.br\/site\/personalizacao-e-gamificacao-sao-tendencias-dos-conteudos-educacionais\/\",\"name\":\"Personaliza\\u00e7\\u00e3o e gamifica\\u00e7\\u00e3o s\\u00e3o tend\\u00eancias dos conte\\u00fados educacionais\"}}]},{\"@type\":\"Person\",\"@id\":\"https:\/\/abrelivros.org.br\/site\/#\/schema\/person\/65db80e26409802ce15ac5feec6a15fd\",\"name\":\"Reda\\u00e7\\u00e3o Abrelivros\",\"image\":{\"@type\":\"ImageObject\",\"@id\":\"https:\/\/abrelivros.org.br\/site\/#personlogo\",\"inLanguage\":\"pt-BR\",\"url\":\"https:\/\/secure.gravatar.com\/avatar\/c4e57f9c7e3482965bd428192061218520756c39080b1d1820b679fa5e9af192?s=96&d=mm&r=g\",\"caption\":\"Reda\\u00e7\\u00e3o Abrelivros\"}}]}<\/script>\n<!-- \/ Yoast SEO plugin. -->","_links":{"self":[{"href":"https:\/\/abrelivros.org.br\/site\/wp-json\/wp\/v2\/posts\/12832","targetHints":{"allow":["GET"]}}],"collection":[{"href":"https:\/\/abrelivros.org.br\/site\/wp-json\/wp\/v2\/posts"}],"about":[{"href":"https:\/\/abrelivros.org.br\/site\/wp-json\/wp\/v2\/types\/post"}],"author":[{"embeddable":true,"href":"https:\/\/abrelivros.org.br\/site\/wp-json\/wp\/v2\/users\/4"}],"replies":[{"embeddable":true,"href":"https:\/\/abrelivros.org.br\/site\/wp-json\/wp\/v2\/comments?post=12832"}],"version-history":[{"count":1,"href":"https:\/\/abrelivros.org.br\/site\/wp-json\/wp\/v2\/posts\/12832\/revisions"}],"predecessor-version":[{"id":12833,"href":"https:\/\/abrelivros.org.br\/site\/wp-json\/wp\/v2\/posts\/12832\/revisions\/12833"}],"wp:attachment":[{"href":"https:\/\/abrelivros.org.br\/site\/wp-json\/wp\/v2\/media?parent=12832"}],"wp:term":[{"taxonomy":"category","embeddable":true,"href":"https:\/\/abrelivros.org.br\/site\/wp-json\/wp\/v2\/categories?post=12832"},{"taxonomy":"post_tag","embeddable":true,"href":"https:\/\/abrelivros.org.br\/site\/wp-json\/wp\/v2\/tags?post=12832"}],"curies":[{"name":"wp","href":"https:\/\/api.w.org\/{rel}","templated":true}]}}