{"id":12829,"date":"2020-12-16T14:12:15","date_gmt":"2020-12-16T17:12:15","guid":{"rendered":"https:\/\/abrelivros.org.br\/site\/?p=12829"},"modified":"2020-12-16T14:12:15","modified_gmt":"2020-12-16T17:12:15","slug":"carta-aberta-aos-senadores-da-republica-pela-salvacao-do-fundeb-e-defesa-da-escola-publica-brasileira","status":"publish","type":"post","link":"https:\/\/abrelivros.org.br\/site\/carta-aberta-aos-senadores-da-republica-pela-salvacao-do-fundeb-e-defesa-da-escola-publica-brasileira\/","title":{"rendered":"Carta aberta aos senadores da Rep\u00fablica &#8211; Pela Salva\u00e7\u00e3o do Fundeb e Defesa da Escola P\u00fablica Brasileira"},"content":{"rendered":"<p>A Uni\u00e3o Nacional dos Dirigentes Municipais de Educa\u00e7\u00e3o (Undime), representante da Educa\u00e7\u00e3o P\u00fablica nos 5.568 munic\u00edpios brasileiros, solicita a supress\u00e3o de todas as emendas apresentadas pelos parlamentares ao texto original do relator na C\u00e2mara dos Deputados, do Projeto de Lei 4372\/2020 que regulamenta a Emenda Constitucional 108.<!--more--><\/p>\n<p style=\"text-align: center;\"><strong>CARTA AOS SENADORES DA REP\u00daBLICA<\/strong><\/p>\n<p style=\"text-align: center;\"><strong>Pela Salva\u00e7\u00e3o do FUNDEB e Defesa da Escola P\u00fablica Brasileira<\/strong><\/p>\n<p>Senhores e Senhoras Senadores e Senadoras da Rep\u00fablica,<\/p>\n<p>A Uni\u00e3o Nacional dos Dirigentes Municipais de Educa\u00e7\u00e3o (Undime), representante da Educa\u00e7\u00e3o P\u00fablica nos 5.568 munic\u00edpios brasileiros, solicita a SUPRESS\u00c3O de todas as emendas apresentadas pelos parlamentares ao texto original do relator na C\u00e2mara dos Deputados.<\/p>\n<p>Dessa forma, o Senado ir\u00e1 salvaguardar o princ\u00edpio constitucional da garantia dos \u201crecursos p\u00fablicos para a educa\u00e7\u00e3o p\u00fablica\u201d, resguardadas as exce\u00e7\u00f5es pontuais j\u00e1 previstas na Constitui\u00e7\u00e3o Federal, sem novos acr\u00e9scimos inconstitucionais que criem subterf\u00fagios que permitam o desvio dos recursos p\u00fablicos para outras finalidades e interesses, conforme j\u00e1 pontuados em nosso recente Posicionamento P\u00fablico sobre este assunto.<\/p>\n<p>De acordo com estudos apresentados pela Fineduca e Campanha Nacional pelo Direito \u00e0 Educa\u00e7\u00e3o, os preju\u00edzos para a Educa\u00e7\u00e3o P\u00fablica Brasileira com a aprova\u00e7\u00e3o das emendas ao relat\u00f3rio apresentado pelo relator representam:<\/p>\n<p>&#8211; 2,4% a mais do que toda a complementa\u00e7\u00e3o da Uni\u00e3o realizada em 2019 ao Fundeb (que foi de R$ 15,6 bilh\u00f5es);<br \/>\n&#8211; 9,5% do total do fundo em 2019 (R$ 168,5 bilh\u00f5es, considerando as contribui\u00e7\u00f5es de estados, munic\u00edpios, DF e Uni\u00e3o) e<br \/>\n&#8211; 80,4% do que seria o novo aporte da Uni\u00e3o ao Fundeb aprovado pela EC 108\/2020 que, no sexto ano, ser\u00e1 de 23% (em valores de 2019, representaria novo aporte de R$ 19,9 bilh\u00f5es).<\/p>\n<p>E isso impactaria nas seguintes perdas, por regi\u00f5es:<\/p>\n<p>&#8211; NORTE: menos R$ 1,8 bilh\u00e3o para as redes p\u00fablicas;<br \/>\n&#8211; NORDESTE: menos R$ 4 bilh\u00f5es para as redes p\u00fablicas;<br \/>\n&#8211; SUDESTE: menos R$ 6,4 bilh\u00f5es para as redes p\u00fablicas;<br \/>\n&#8211; SUL: menos 2,5 bilh\u00f5es para as redes p\u00fablicas e<br \/>\n&#8211; CENTRO-OESTE: menos 1,3 bilh\u00e3o para as redes p\u00fablicas.<\/p>\n<p>Destacamos ainda que a aprova\u00e7\u00e3o, com altera\u00e7\u00f5es, pela C\u00e2mara dos Deputados do Projeto de Lei 4372\/2020 que regulamenta a Emenda Constitucional 108 descaracterizou a pr\u00f3pria emenda constitucional, ferindo e violando tamb\u00e9m outros artigos da Constitui\u00e7\u00e3o. Por isso, a Undime solicita a Vossas Excel\u00eancias, que cumpram o compromisso e o dever republicano de corrigir as distor\u00e7\u00f5es cometidas pela C\u00e2mara dos Deputados contra a Educa\u00e7\u00e3o P\u00fablica Brasileira, ao permitir o desvio dos recursos p\u00fablicos do Fundeb para a iniciativa privada. Isso contraria seus princ\u00edpios e finalidades, quais sejam o fortalecimento e o desenvolvimento da educa\u00e7\u00e3o p\u00fablica com mais equidade em todo o Pa\u00eds.<\/p>\n<p>Contamos, mais uma vez, com a compet\u00eancia, maturidade, sensatez e compromisso dos Senhores(as) Senadores(as) com a Educa\u00e7\u00e3o P\u00fablica Brasileira.<\/p>\n<p>Bras\u00edlia, 15 de dezembro de 2020<\/p>\n<p><strong>LUIZ MIGUEL MARTINS GARCIA<\/strong><br \/>\nDirigente Municipal de Educa\u00e7\u00e3o de Sud Mennucci\/SP<br \/>\nPresidente da Undime<\/p>\n<p>&nbsp;<\/p>\n<p><a href=\"https:\/\/abrelivros.org.br\/site\/wp-content\/uploads\/2020\/12\/Undime-Pela-salvacao-do-Fundeb.pdf\">Undime &#8211; Pela salva\u00e7\u00e3o do Fundeb<\/a>.<\/p>\n","protected":false},"excerpt":{"rendered":"<p>A Uni\u00e3o Nacional dos Dirigentes Municipais de Educa\u00e7\u00e3o (Undime), representante da Educa\u00e7\u00e3o P\u00fablica nos 5.568 munic\u00edpios brasileiros, solicita a supress\u00e3o de todas as emendas apresentadas pelos parlamentares ao texto original do relator na C\u00e2mara dos Deputados, do Projeto de Lei 4372\/2020 que regulamenta a Emenda Constitucional 108.<\/p>\n","protected":false},"author":4,"featured_media":0,"comment_status":"closed","ping_status":"closed","sticky":false,"template":"","format":"standard","meta":{"footnotes":"","_links_to":"","_links_to_target":""},"categories":[9],"tags":[],"class_list":["post-12829","post","type-post","status-publish","format-standard","hentry","category-noticias-da-imprensa"],"yoast_head":"<!-- This site is optimized with the Yoast SEO plugin v15.1 - https:\/\/yoast.com\/wordpress\/plugins\/seo\/ -->\n<title>Carta aberta aos senadores da Rep\u00fablica - Pela Salva\u00e7\u00e3o do Fundeb e Defesa da Escola P\u00fablica Brasileira &raquo; Abrelivros<\/title>\n<meta name=\"robots\" content=\"index, follow, max-snippet:-1, max-image-preview:large, max-video-preview:-1\" \/>\n<link rel=\"canonical\" href=\"https:\/\/abrelivros.org.br\/site\/carta-aberta-aos-senadores-da-republica-pela-salvacao-do-fundeb-e-defesa-da-escola-publica-brasileira\/\" \/>\n<meta property=\"og:locale\" content=\"pt_BR\" \/>\n<meta property=\"og:type\" content=\"article\" \/>\n<meta property=\"og:title\" content=\"Carta aberta aos senadores da Rep\u00fablica - Pela Salva\u00e7\u00e3o do Fundeb e Defesa da Escola P\u00fablica Brasileira &raquo; Abrelivros\" \/>\n<meta property=\"og:description\" content=\"A Uni\u00e3o Nacional dos Dirigentes Municipais de Educa\u00e7\u00e3o (Undime), representante da Educa\u00e7\u00e3o P\u00fablica nos 5.568 munic\u00edpios brasileiros, solicita a supress\u00e3o de todas as emendas apresentadas pelos parlamentares ao texto original do relator na C\u00e2mara dos Deputados, do Projeto de Lei 4372\/2020 que regulamenta a Emenda Constitucional 108.\" \/>\n<meta property=\"og:url\" content=\"https:\/\/abrelivros.org.br\/site\/carta-aberta-aos-senadores-da-republica-pela-salvacao-do-fundeb-e-defesa-da-escola-publica-brasileira\/\" \/>\n<meta property=\"og:site_name\" content=\"Abrelivros\" \/>\n<meta property=\"article:published_time\" content=\"2020-12-16T17:12:15+00:00\" \/>\n<meta name=\"twitter:card\" content=\"summary_large_image\" \/>\n<script type=\"application\/ld+json\" class=\"yoast-schema-graph\">{\"@context\":\"https:\/\/schema.org\",\"@graph\":[{\"@type\":\"WebSite\",\"@id\":\"https:\/\/abrelivros.org.br\/site\/#website\",\"url\":\"https:\/\/abrelivros.org.br\/site\/\",\"name\":\"Abrelivros\",\"description\":\"\",\"potentialAction\":[{\"@type\":\"SearchAction\",\"target\":\"https:\/\/abrelivros.org.br\/site\/?s={search_term_string}\",\"query-input\":\"required name=search_term_string\"}],\"inLanguage\":\"pt-BR\"},{\"@type\":\"WebPage\",\"@id\":\"https:\/\/abrelivros.org.br\/site\/carta-aberta-aos-senadores-da-republica-pela-salvacao-do-fundeb-e-defesa-da-escola-publica-brasileira\/#webpage\",\"url\":\"https:\/\/abrelivros.org.br\/site\/carta-aberta-aos-senadores-da-republica-pela-salvacao-do-fundeb-e-defesa-da-escola-publica-brasileira\/\",\"name\":\"Carta aberta aos senadores da Rep\\u00fablica - Pela Salva\\u00e7\\u00e3o do Fundeb e Defesa da Escola P\\u00fablica Brasileira &raquo; Abrelivros\",\"isPartOf\":{\"@id\":\"https:\/\/abrelivros.org.br\/site\/#website\"},\"datePublished\":\"2020-12-16T17:12:15+00:00\",\"dateModified\":\"2020-12-16T17:12:15+00:00\",\"author\":{\"@id\":\"https:\/\/abrelivros.org.br\/site\/#\/schema\/person\/65db80e26409802ce15ac5feec6a15fd\"},\"breadcrumb\":{\"@id\":\"https:\/\/abrelivros.org.br\/site\/carta-aberta-aos-senadores-da-republica-pela-salvacao-do-fundeb-e-defesa-da-escola-publica-brasileira\/#breadcrumb\"},\"inLanguage\":\"pt-BR\",\"potentialAction\":[{\"@type\":\"ReadAction\",\"target\":[\"https:\/\/abrelivros.org.br\/site\/carta-aberta-aos-senadores-da-republica-pela-salvacao-do-fundeb-e-defesa-da-escola-publica-brasileira\/\"]}]},{\"@type\":\"BreadcrumbList\",\"@id\":\"https:\/\/abrelivros.org.br\/site\/carta-aberta-aos-senadores-da-republica-pela-salvacao-do-fundeb-e-defesa-da-escola-publica-brasileira\/#breadcrumb\",\"itemListElement\":[{\"@type\":\"ListItem\",\"position\":1,\"item\":{\"@type\":\"WebPage\",\"@id\":\"https:\/\/abrelivros.org.br\/site\/\",\"url\":\"https:\/\/abrelivros.org.br\/site\/\",\"name\":\"In\\u00edcio\"}},{\"@type\":\"ListItem\",\"position\":2,\"item\":{\"@type\":\"WebPage\",\"@id\":\"https:\/\/abrelivros.org.br\/site\/category\/noticias\/\",\"url\":\"https:\/\/abrelivros.org.br\/site\/category\/noticias\/\",\"name\":\"Not\\u00edcias\"}},{\"@type\":\"ListItem\",\"position\":3,\"item\":{\"@type\":\"WebPage\",\"@id\":\"https:\/\/abrelivros.org.br\/site\/category\/noticias\/noticias-da-imprensa\/\",\"url\":\"https:\/\/abrelivros.org.br\/site\/category\/noticias\/noticias-da-imprensa\/\",\"name\":\"Not\\u00edcias da imprensa\"}},{\"@type\":\"ListItem\",\"position\":4,\"item\":{\"@type\":\"WebPage\",\"@id\":\"https:\/\/abrelivros.org.br\/site\/carta-aberta-aos-senadores-da-republica-pela-salvacao-do-fundeb-e-defesa-da-escola-publica-brasileira\/\",\"url\":\"https:\/\/abrelivros.org.br\/site\/carta-aberta-aos-senadores-da-republica-pela-salvacao-do-fundeb-e-defesa-da-escola-publica-brasileira\/\",\"name\":\"Carta aberta aos senadores da Rep\\u00fablica &#8211; Pela Salva\\u00e7\\u00e3o do Fundeb e Defesa da Escola P\\u00fablica Brasileira\"}}]},{\"@type\":\"Person\",\"@id\":\"https:\/\/abrelivros.org.br\/site\/#\/schema\/person\/65db80e26409802ce15ac5feec6a15fd\",\"name\":\"Reda\\u00e7\\u00e3o Abrelivros\",\"image\":{\"@type\":\"ImageObject\",\"@id\":\"https:\/\/abrelivros.org.br\/site\/#personlogo\",\"inLanguage\":\"pt-BR\",\"url\":\"https:\/\/secure.gravatar.com\/avatar\/c4e57f9c7e3482965bd428192061218520756c39080b1d1820b679fa5e9af192?s=96&d=mm&r=g\",\"caption\":\"Reda\\u00e7\\u00e3o Abrelivros\"}}]}<\/script>\n<!-- \/ Yoast SEO plugin. -->","_links":{"self":[{"href":"https:\/\/abrelivros.org.br\/site\/wp-json\/wp\/v2\/posts\/12829","targetHints":{"allow":["GET"]}}],"collection":[{"href":"https:\/\/abrelivros.org.br\/site\/wp-json\/wp\/v2\/posts"}],"about":[{"href":"https:\/\/abrelivros.org.br\/site\/wp-json\/wp\/v2\/types\/post"}],"author":[{"embeddable":true,"href":"https:\/\/abrelivros.org.br\/site\/wp-json\/wp\/v2\/users\/4"}],"replies":[{"embeddable":true,"href":"https:\/\/abrelivros.org.br\/site\/wp-json\/wp\/v2\/comments?post=12829"}],"version-history":[{"count":1,"href":"https:\/\/abrelivros.org.br\/site\/wp-json\/wp\/v2\/posts\/12829\/revisions"}],"predecessor-version":[{"id":12831,"href":"https:\/\/abrelivros.org.br\/site\/wp-json\/wp\/v2\/posts\/12829\/revisions\/12831"}],"wp:attachment":[{"href":"https:\/\/abrelivros.org.br\/site\/wp-json\/wp\/v2\/media?parent=12829"}],"wp:term":[{"taxonomy":"category","embeddable":true,"href":"https:\/\/abrelivros.org.br\/site\/wp-json\/wp\/v2\/categories?post=12829"},{"taxonomy":"post_tag","embeddable":true,"href":"https:\/\/abrelivros.org.br\/site\/wp-json\/wp\/v2\/tags?post=12829"}],"curies":[{"name":"wp","href":"https:\/\/api.w.org\/{rel}","templated":true}]}}