{"id":12825,"date":"2020-12-16T14:03:34","date_gmt":"2020-12-16T17:03:34","guid":{"rendered":"https:\/\/abrelivros.org.br\/site\/?p=12825"},"modified":"2020-12-16T14:03:34","modified_gmt":"2020-12-16T17:03:34","slug":"senado-aprova-com-alteracoes-regulamentacao-do-fundeb","status":"publish","type":"post","link":"https:\/\/abrelivros.org.br\/site\/senado-aprova-com-alteracoes-regulamentacao-do-fundeb\/","title":{"rendered":"Senado aprova, com altera\u00e7\u00f5es, regulamenta\u00e7\u00e3o do Fundeb"},"content":{"rendered":"<p>O Senado aprovou\u00a0 em 15 de dezembro a regulamenta\u00e7\u00e3o do novo Fundo de Manuten\u00e7\u00e3o e Desenvolvimento da Educa\u00e7\u00e3o B\u00e1sica e de Valoriza\u00e7\u00e3o dos Profissionais da Educa\u00e7\u00e3o (Fundeb). O Fundeb foi estabelecido pela Emenda Constitucional n\u00ba 108\/20 promulgada em agosto, mas depende de regulamenta\u00e7\u00e3o. Como foram feitas altera\u00e7\u00f5es em rela\u00e7\u00e3o ao \u00faltimo texto aprovado na C\u00e2mara, ele volta para an\u00e1lise dos deputados.<!--more--><\/p>\n<p>O relator do projeto de lei (PL) no Senado, Izalci Lucas (PSDB-DF), atendeu os apelos dos colegas e retirou altera\u00e7\u00f5es pol\u00eamicas feitas pela C\u00e2mara. \u201c[O relat\u00f3rio] preserva os recursos para a escola p\u00fablica. A C\u00e2mara fez alguns destaques distorcendo um pouco, inclusive colocando [o fundo] para pagamento de folha, inclusive de terceirizados, das escolas p\u00fabicas e comunit\u00e1rias. Isso estamos retirando e voltando com o texto original\u201d, disse em plen\u00e1rio.<\/p>\n<p>A C\u00e2mara dos Deputados incluiu, por meio de emenda de destaque, a possibilidade de destina\u00e7\u00e3o de 10% dos recursos do Fundeb para institui\u00e7\u00f5es filantr\u00f3picas comunit\u00e1rias, confessionais e para educa\u00e7\u00e3o profissionalizante, inclusive promovida por entidades do Sistema S. Izalci retirou tamb\u00e9m esse trecho. \u201cO Sistema S pode fazer conv\u00eanio com estado e munic\u00edpio do mesmo jeito, mas n\u00e3o com recursos do Fundeb\u201d, disse o relator.<\/p>\n<p><strong>Repercuss\u00e3o<\/strong><\/p>\n<p>Os dias que se seguiram ap\u00f3s a aprova\u00e7\u00e3o do texto na C\u00e2mara foram de cr\u00edticas \u00e0 mudan\u00e7a feita na Casa. V\u00e1rios senadores se queixaram do trecho aprovado que reserva parte dos recursos para escolas privadas. Cid Gomes (PDT-CE), Maria do Carmo Alves (DEM-SE) e Paulo Paim (PT-RS) foram alguns dos cr\u00edticos da mudan\u00e7a no texto.<\/p>\n<p>\u201cO caminho \u00e9 aprovar o Fundeb sem as privatiza\u00e7\u00f5es que vieram da C\u00e2mara. Fundeb \u00e9 dinheiro p\u00fablico e deve ser destinado para os que mais precisam\u201d, afirmou Paim. Durante a sess\u00e3o, Esperidi\u00e3o Amin (PP-SC) afirmou que n\u00e3o aprovaria o texto como saiu da C\u00e2mara e fez um apelo ao relator do projeto no Senado. \u201cO texto que veio da C\u00e2mara eu n\u00e3o posso aprovar, mas espero que o senador Izalci reduza os danos e devolva ao ensino p\u00fablica os meios que lhe faltam e que o novo Fundeb dever\u00e1 oportunizar\u201d.<\/p>\n<p>O relator defendeu o texto inicial e foi acompanhado pelo Senado. Segundo Izalci, o seu relat\u00f3rio foi fechado com a concord\u00e2ncia da autora do projeto, a deputada Professora Dorinha (DEM-TO), e do relator do texto na C\u00e2mara, Felipe Rigoni (PSB-ES).<\/p>\n<p>&nbsp;<\/p>\n","protected":false},"excerpt":{"rendered":"<p>O Senado aprovou\u00a0 em 15 de dezembro a regulamenta\u00e7\u00e3o do novo Fundo de Manuten\u00e7\u00e3o e Desenvolvimento da Educa\u00e7\u00e3o B\u00e1sica e de Valoriza\u00e7\u00e3o dos Profissionais da Educa\u00e7\u00e3o (Fundeb). O Fundeb foi estabelecido pela Emenda Constitucional n\u00ba 108\/20 promulgada em agosto, mas depende de regulamenta\u00e7\u00e3o. Como foram feitas altera\u00e7\u00f5es em rela\u00e7\u00e3o ao \u00faltimo texto aprovado na C\u00e2mara, [&hellip;]<\/p>\n","protected":false},"author":4,"featured_media":0,"comment_status":"closed","ping_status":"closed","sticky":false,"template":"","format":"standard","meta":{"footnotes":"","_links_to":"","_links_to_target":""},"categories":[9],"tags":[],"class_list":["post-12825","post","type-post","status-publish","format-standard","hentry","category-noticias-da-imprensa"],"yoast_head":"<!-- This site is optimized with the Yoast SEO plugin v15.1 - https:\/\/yoast.com\/wordpress\/plugins\/seo\/ -->\n<title>Senado aprova, com altera\u00e7\u00f5es, regulamenta\u00e7\u00e3o do Fundeb &raquo; Abrelivros<\/title>\n<meta name=\"robots\" content=\"index, follow, max-snippet:-1, max-image-preview:large, max-video-preview:-1\" \/>\n<link rel=\"canonical\" href=\"https:\/\/abrelivros.org.br\/site\/senado-aprova-com-alteracoes-regulamentacao-do-fundeb\/\" \/>\n<meta property=\"og:locale\" content=\"pt_BR\" \/>\n<meta property=\"og:type\" content=\"article\" \/>\n<meta property=\"og:title\" content=\"Senado aprova, com altera\u00e7\u00f5es, regulamenta\u00e7\u00e3o do Fundeb &raquo; Abrelivros\" \/>\n<meta property=\"og:description\" content=\"O Senado aprovou\u00a0 em 15 de dezembro a regulamenta\u00e7\u00e3o do novo Fundo de Manuten\u00e7\u00e3o e Desenvolvimento da Educa\u00e7\u00e3o B\u00e1sica e de Valoriza\u00e7\u00e3o dos Profissionais da Educa\u00e7\u00e3o (Fundeb). O Fundeb foi estabelecido pela Emenda Constitucional n\u00ba 108\/20 promulgada em agosto, mas depende de regulamenta\u00e7\u00e3o. Como foram feitas altera\u00e7\u00f5es em rela\u00e7\u00e3o ao \u00faltimo texto aprovado na C\u00e2mara, [&hellip;]\" \/>\n<meta property=\"og:url\" content=\"https:\/\/abrelivros.org.br\/site\/senado-aprova-com-alteracoes-regulamentacao-do-fundeb\/\" \/>\n<meta property=\"og:site_name\" content=\"Abrelivros\" \/>\n<meta property=\"article:published_time\" content=\"2020-12-16T17:03:34+00:00\" \/>\n<meta name=\"twitter:card\" content=\"summary_large_image\" \/>\n<script type=\"application\/ld+json\" class=\"yoast-schema-graph\">{\"@context\":\"https:\/\/schema.org\",\"@graph\":[{\"@type\":\"WebSite\",\"@id\":\"https:\/\/abrelivros.org.br\/site\/#website\",\"url\":\"https:\/\/abrelivros.org.br\/site\/\",\"name\":\"Abrelivros\",\"description\":\"\",\"potentialAction\":[{\"@type\":\"SearchAction\",\"target\":\"https:\/\/abrelivros.org.br\/site\/?s={search_term_string}\",\"query-input\":\"required name=search_term_string\"}],\"inLanguage\":\"pt-BR\"},{\"@type\":\"WebPage\",\"@id\":\"https:\/\/abrelivros.org.br\/site\/senado-aprova-com-alteracoes-regulamentacao-do-fundeb\/#webpage\",\"url\":\"https:\/\/abrelivros.org.br\/site\/senado-aprova-com-alteracoes-regulamentacao-do-fundeb\/\",\"name\":\"Senado aprova, com altera\\u00e7\\u00f5es, regulamenta\\u00e7\\u00e3o do Fundeb &raquo; Abrelivros\",\"isPartOf\":{\"@id\":\"https:\/\/abrelivros.org.br\/site\/#website\"},\"datePublished\":\"2020-12-16T17:03:34+00:00\",\"dateModified\":\"2020-12-16T17:03:34+00:00\",\"author\":{\"@id\":\"https:\/\/abrelivros.org.br\/site\/#\/schema\/person\/65db80e26409802ce15ac5feec6a15fd\"},\"breadcrumb\":{\"@id\":\"https:\/\/abrelivros.org.br\/site\/senado-aprova-com-alteracoes-regulamentacao-do-fundeb\/#breadcrumb\"},\"inLanguage\":\"pt-BR\",\"potentialAction\":[{\"@type\":\"ReadAction\",\"target\":[\"https:\/\/abrelivros.org.br\/site\/senado-aprova-com-alteracoes-regulamentacao-do-fundeb\/\"]}]},{\"@type\":\"BreadcrumbList\",\"@id\":\"https:\/\/abrelivros.org.br\/site\/senado-aprova-com-alteracoes-regulamentacao-do-fundeb\/#breadcrumb\",\"itemListElement\":[{\"@type\":\"ListItem\",\"position\":1,\"item\":{\"@type\":\"WebPage\",\"@id\":\"https:\/\/abrelivros.org.br\/site\/\",\"url\":\"https:\/\/abrelivros.org.br\/site\/\",\"name\":\"In\\u00edcio\"}},{\"@type\":\"ListItem\",\"position\":2,\"item\":{\"@type\":\"WebPage\",\"@id\":\"https:\/\/abrelivros.org.br\/site\/category\/noticias\/\",\"url\":\"https:\/\/abrelivros.org.br\/site\/category\/noticias\/\",\"name\":\"Not\\u00edcias\"}},{\"@type\":\"ListItem\",\"position\":3,\"item\":{\"@type\":\"WebPage\",\"@id\":\"https:\/\/abrelivros.org.br\/site\/category\/noticias\/noticias-da-imprensa\/\",\"url\":\"https:\/\/abrelivros.org.br\/site\/category\/noticias\/noticias-da-imprensa\/\",\"name\":\"Not\\u00edcias da imprensa\"}},{\"@type\":\"ListItem\",\"position\":4,\"item\":{\"@type\":\"WebPage\",\"@id\":\"https:\/\/abrelivros.org.br\/site\/senado-aprova-com-alteracoes-regulamentacao-do-fundeb\/\",\"url\":\"https:\/\/abrelivros.org.br\/site\/senado-aprova-com-alteracoes-regulamentacao-do-fundeb\/\",\"name\":\"Senado aprova, com altera\\u00e7\\u00f5es, regulamenta\\u00e7\\u00e3o do Fundeb\"}}]},{\"@type\":\"Person\",\"@id\":\"https:\/\/abrelivros.org.br\/site\/#\/schema\/person\/65db80e26409802ce15ac5feec6a15fd\",\"name\":\"Reda\\u00e7\\u00e3o Abrelivros\",\"image\":{\"@type\":\"ImageObject\",\"@id\":\"https:\/\/abrelivros.org.br\/site\/#personlogo\",\"inLanguage\":\"pt-BR\",\"url\":\"https:\/\/secure.gravatar.com\/avatar\/c4e57f9c7e3482965bd428192061218520756c39080b1d1820b679fa5e9af192?s=96&d=mm&r=g\",\"caption\":\"Reda\\u00e7\\u00e3o Abrelivros\"}}]}<\/script>\n<!-- \/ Yoast SEO plugin. -->","_links":{"self":[{"href":"https:\/\/abrelivros.org.br\/site\/wp-json\/wp\/v2\/posts\/12825","targetHints":{"allow":["GET"]}}],"collection":[{"href":"https:\/\/abrelivros.org.br\/site\/wp-json\/wp\/v2\/posts"}],"about":[{"href":"https:\/\/abrelivros.org.br\/site\/wp-json\/wp\/v2\/types\/post"}],"author":[{"embeddable":true,"href":"https:\/\/abrelivros.org.br\/site\/wp-json\/wp\/v2\/users\/4"}],"replies":[{"embeddable":true,"href":"https:\/\/abrelivros.org.br\/site\/wp-json\/wp\/v2\/comments?post=12825"}],"version-history":[{"count":1,"href":"https:\/\/abrelivros.org.br\/site\/wp-json\/wp\/v2\/posts\/12825\/revisions"}],"predecessor-version":[{"id":12826,"href":"https:\/\/abrelivros.org.br\/site\/wp-json\/wp\/v2\/posts\/12825\/revisions\/12826"}],"wp:attachment":[{"href":"https:\/\/abrelivros.org.br\/site\/wp-json\/wp\/v2\/media?parent=12825"}],"wp:term":[{"taxonomy":"category","embeddable":true,"href":"https:\/\/abrelivros.org.br\/site\/wp-json\/wp\/v2\/categories?post=12825"},{"taxonomy":"post_tag","embeddable":true,"href":"https:\/\/abrelivros.org.br\/site\/wp-json\/wp\/v2\/tags?post=12825"}],"curies":[{"name":"wp","href":"https:\/\/api.w.org\/{rel}","templated":true}]}}