{"id":12823,"date":"2020-12-16T14:00:52","date_gmt":"2020-12-16T17:00:52","guid":{"rendered":"https:\/\/abrelivros.org.br\/site\/?p=12823"},"modified":"2020-12-16T14:00:52","modified_gmt":"2020-12-16T17:00:52","slug":"senado-avalia-retirar-recursos-de-escolas-religiosas-do-fundeb","status":"publish","type":"post","link":"https:\/\/abrelivros.org.br\/site\/senado-avalia-retirar-recursos-de-escolas-religiosas-do-fundeb\/","title":{"rendered":"Senado avalia retirar recursos de escolas religiosas do Fundeb"},"content":{"rendered":"<p>O Senado avalia reverter uma mudan\u00e7a feita de \u00faltima hora pela C\u00e2mara e impedir a transfer\u00eancia de recursos do Fundo de Desenvolvimento da Educa\u00e7\u00e3o B\u00e1sica (Fundeb) a escolas confessionais, filantr\u00f3picas e comunit\u00e1rias.<!--more--><\/p>\n<p>O texto da C\u00e2mara pode transferir at\u00e9 R$ 12,8 bilh\u00f5es para essas institui\u00e7\u00f5es, segundo c\u00e1lculo do Todos pela Educa\u00e7\u00e3o. O projeto de regulamenta\u00e7\u00e3o do fundo ser\u00e1 votado nesta ter\u00e7a-feira, 15, no Senado.<\/p>\n<p>O relator do projeto, senador Izalci Lucas (PSDB-DF), avalia suprimir o dispositivo das escolas religiosas do projeto. A mudan\u00e7a, por\u00e9m, pode levar a proposta de volta \u00e0 C\u00e2mara e atrasar a regulamenta\u00e7\u00e3o. O parecer ainda n\u00e3o foi apresentado.<\/p>\n<p>Os l\u00edderes de Rede, PT e PROS sugerem \u00e0 Mesa do Senado impugnar o artigo, uma estrat\u00e9gia para alterar o projeto sem devolver o texto para os deputados. O ato, por\u00e9m, pode ser questionado por ser adotado apenas em medidas provis\u00f3rias.<\/p>\n<p>A mudan\u00e7a da C\u00e2mara movimentou senadores a tentarem recuperar o conte\u00fado do relat\u00f3rio apresentado originalmente pelo deputado Felipe Rigoni (PSB-ES). `\u00c9 importante preservar os recursos p\u00fablicos para a escola p\u00fablica, de qualidade de gratuita`, afirmou o senador Alessandro Vieira (Cidadania-SE).<\/p>\n<p>De acordo com o senador Pl\u00ednio Val\u00e9rio (PSDB-AM), o relator ir\u00e1 retirar o artigo do projeto. `\u00c9 um primeiro passo para atender aos milhares de professores da rede p\u00fablica que est\u00e3o nos cobrando uma sa\u00edda para evitar o desvio dos recursos do novo Fundeb.`<\/p>\n<p>&nbsp;<\/p>\n","protected":false},"excerpt":{"rendered":"<p>O Senado avalia reverter uma mudan\u00e7a feita de \u00faltima hora pela C\u00e2mara e impedir a transfer\u00eancia de recursos do Fundo de Desenvolvimento da Educa\u00e7\u00e3o B\u00e1sica (Fundeb) a escolas confessionais, filantr\u00f3picas e comunit\u00e1rias.<\/p>\n","protected":false},"author":4,"featured_media":0,"comment_status":"closed","ping_status":"closed","sticky":false,"template":"","format":"standard","meta":{"footnotes":"","_links_to":"","_links_to_target":""},"categories":[9],"tags":[],"class_list":["post-12823","post","type-post","status-publish","format-standard","hentry","category-noticias-da-imprensa"],"yoast_head":"<!-- This site is optimized with the Yoast SEO plugin v15.1 - https:\/\/yoast.com\/wordpress\/plugins\/seo\/ -->\n<title>Senado avalia retirar recursos de escolas religiosas do Fundeb &raquo; Abrelivros<\/title>\n<meta name=\"robots\" content=\"index, follow, max-snippet:-1, max-image-preview:large, max-video-preview:-1\" \/>\n<link rel=\"canonical\" href=\"https:\/\/abrelivros.org.br\/site\/senado-avalia-retirar-recursos-de-escolas-religiosas-do-fundeb\/\" \/>\n<meta property=\"og:locale\" content=\"pt_BR\" \/>\n<meta property=\"og:type\" content=\"article\" \/>\n<meta property=\"og:title\" content=\"Senado avalia retirar recursos de escolas religiosas do Fundeb &raquo; Abrelivros\" \/>\n<meta property=\"og:description\" content=\"O Senado avalia reverter uma mudan\u00e7a feita de \u00faltima hora pela C\u00e2mara e impedir a transfer\u00eancia de recursos do Fundo de Desenvolvimento da Educa\u00e7\u00e3o B\u00e1sica (Fundeb) a escolas confessionais, filantr\u00f3picas e comunit\u00e1rias.\" \/>\n<meta property=\"og:url\" content=\"https:\/\/abrelivros.org.br\/site\/senado-avalia-retirar-recursos-de-escolas-religiosas-do-fundeb\/\" \/>\n<meta property=\"og:site_name\" content=\"Abrelivros\" \/>\n<meta property=\"article:published_time\" content=\"2020-12-16T17:00:52+00:00\" \/>\n<meta name=\"twitter:card\" content=\"summary_large_image\" \/>\n<script type=\"application\/ld+json\" class=\"yoast-schema-graph\">{\"@context\":\"https:\/\/schema.org\",\"@graph\":[{\"@type\":\"WebSite\",\"@id\":\"https:\/\/abrelivros.org.br\/site\/#website\",\"url\":\"https:\/\/abrelivros.org.br\/site\/\",\"name\":\"Abrelivros\",\"description\":\"\",\"potentialAction\":[{\"@type\":\"SearchAction\",\"target\":\"https:\/\/abrelivros.org.br\/site\/?s={search_term_string}\",\"query-input\":\"required name=search_term_string\"}],\"inLanguage\":\"pt-BR\"},{\"@type\":\"WebPage\",\"@id\":\"https:\/\/abrelivros.org.br\/site\/senado-avalia-retirar-recursos-de-escolas-religiosas-do-fundeb\/#webpage\",\"url\":\"https:\/\/abrelivros.org.br\/site\/senado-avalia-retirar-recursos-de-escolas-religiosas-do-fundeb\/\",\"name\":\"Senado avalia retirar recursos de escolas religiosas do Fundeb &raquo; Abrelivros\",\"isPartOf\":{\"@id\":\"https:\/\/abrelivros.org.br\/site\/#website\"},\"datePublished\":\"2020-12-16T17:00:52+00:00\",\"dateModified\":\"2020-12-16T17:00:52+00:00\",\"author\":{\"@id\":\"https:\/\/abrelivros.org.br\/site\/#\/schema\/person\/65db80e26409802ce15ac5feec6a15fd\"},\"breadcrumb\":{\"@id\":\"https:\/\/abrelivros.org.br\/site\/senado-avalia-retirar-recursos-de-escolas-religiosas-do-fundeb\/#breadcrumb\"},\"inLanguage\":\"pt-BR\",\"potentialAction\":[{\"@type\":\"ReadAction\",\"target\":[\"https:\/\/abrelivros.org.br\/site\/senado-avalia-retirar-recursos-de-escolas-religiosas-do-fundeb\/\"]}]},{\"@type\":\"BreadcrumbList\",\"@id\":\"https:\/\/abrelivros.org.br\/site\/senado-avalia-retirar-recursos-de-escolas-religiosas-do-fundeb\/#breadcrumb\",\"itemListElement\":[{\"@type\":\"ListItem\",\"position\":1,\"item\":{\"@type\":\"WebPage\",\"@id\":\"https:\/\/abrelivros.org.br\/site\/\",\"url\":\"https:\/\/abrelivros.org.br\/site\/\",\"name\":\"In\\u00edcio\"}},{\"@type\":\"ListItem\",\"position\":2,\"item\":{\"@type\":\"WebPage\",\"@id\":\"https:\/\/abrelivros.org.br\/site\/category\/noticias\/\",\"url\":\"https:\/\/abrelivros.org.br\/site\/category\/noticias\/\",\"name\":\"Not\\u00edcias\"}},{\"@type\":\"ListItem\",\"position\":3,\"item\":{\"@type\":\"WebPage\",\"@id\":\"https:\/\/abrelivros.org.br\/site\/category\/noticias\/noticias-da-imprensa\/\",\"url\":\"https:\/\/abrelivros.org.br\/site\/category\/noticias\/noticias-da-imprensa\/\",\"name\":\"Not\\u00edcias da imprensa\"}},{\"@type\":\"ListItem\",\"position\":4,\"item\":{\"@type\":\"WebPage\",\"@id\":\"https:\/\/abrelivros.org.br\/site\/senado-avalia-retirar-recursos-de-escolas-religiosas-do-fundeb\/\",\"url\":\"https:\/\/abrelivros.org.br\/site\/senado-avalia-retirar-recursos-de-escolas-religiosas-do-fundeb\/\",\"name\":\"Senado avalia retirar recursos de escolas religiosas do Fundeb\"}}]},{\"@type\":\"Person\",\"@id\":\"https:\/\/abrelivros.org.br\/site\/#\/schema\/person\/65db80e26409802ce15ac5feec6a15fd\",\"name\":\"Reda\\u00e7\\u00e3o Abrelivros\",\"image\":{\"@type\":\"ImageObject\",\"@id\":\"https:\/\/abrelivros.org.br\/site\/#personlogo\",\"inLanguage\":\"pt-BR\",\"url\":\"https:\/\/secure.gravatar.com\/avatar\/c4e57f9c7e3482965bd428192061218520756c39080b1d1820b679fa5e9af192?s=96&d=mm&r=g\",\"caption\":\"Reda\\u00e7\\u00e3o Abrelivros\"}}]}<\/script>\n<!-- \/ Yoast SEO plugin. -->","_links":{"self":[{"href":"https:\/\/abrelivros.org.br\/site\/wp-json\/wp\/v2\/posts\/12823","targetHints":{"allow":["GET"]}}],"collection":[{"href":"https:\/\/abrelivros.org.br\/site\/wp-json\/wp\/v2\/posts"}],"about":[{"href":"https:\/\/abrelivros.org.br\/site\/wp-json\/wp\/v2\/types\/post"}],"author":[{"embeddable":true,"href":"https:\/\/abrelivros.org.br\/site\/wp-json\/wp\/v2\/users\/4"}],"replies":[{"embeddable":true,"href":"https:\/\/abrelivros.org.br\/site\/wp-json\/wp\/v2\/comments?post=12823"}],"version-history":[{"count":1,"href":"https:\/\/abrelivros.org.br\/site\/wp-json\/wp\/v2\/posts\/12823\/revisions"}],"predecessor-version":[{"id":12824,"href":"https:\/\/abrelivros.org.br\/site\/wp-json\/wp\/v2\/posts\/12823\/revisions\/12824"}],"wp:attachment":[{"href":"https:\/\/abrelivros.org.br\/site\/wp-json\/wp\/v2\/media?parent=12823"}],"wp:term":[{"taxonomy":"category","embeddable":true,"href":"https:\/\/abrelivros.org.br\/site\/wp-json\/wp\/v2\/categories?post=12823"},{"taxonomy":"post_tag","embeddable":true,"href":"https:\/\/abrelivros.org.br\/site\/wp-json\/wp\/v2\/tags?post=12823"}],"curies":[{"name":"wp","href":"https:\/\/api.w.org\/{rel}","templated":true}]}}