{"id":12812,"date":"2020-12-15T15:34:22","date_gmt":"2020-12-15T18:34:22","guid":{"rendered":"https:\/\/abrelivros.org.br\/site\/?p=12812"},"modified":"2020-12-15T15:34:22","modified_gmt":"2020-12-15T18:34:22","slug":"bienal-virtual-de-sp-teve-133-milhao-de-visualizacoes","status":"publish","type":"post","link":"https:\/\/abrelivros.org.br\/site\/bienal-virtual-de-sp-teve-133-milhao-de-visualizacoes\/","title":{"rendered":"Bienal Virtual de SP teve 1,33 milh\u00e3o de visualiza\u00e7\u00f5es"},"content":{"rendered":"<p>A pandemia do novo coronav\u00edrus obrigou a Bienal Internacional do Livro de S\u00e3o Paulo a ir para o ambiente virtual em 2020 e l\u00e1, o evento encontrou o seu p\u00fablico. De acordo com balan\u00e7o feito pela C\u00e2mara Brasileira do Livro (CBL), realizadora da Bienal, a edi\u00e7\u00e3o teve 1,33 milh\u00e3o de visualiza\u00e7\u00f5es. Grosso modo, \u00e9 o dobro do n\u00famero de pessoas que passaram pelo pavilh\u00e3o do Anhembi na edi\u00e7\u00e3o de 2018, quando a<a href=\"https:\/\/www.publishnews.com.br\/materias\/2018\/08\/13\/bienal-visitantes-gastam-mais-do-que-na-edicao-passada\" target=\"_blank\" rel=\"noopener noreferrer\"> Bienal recebeu 663 mil visitantes<\/a>. O balan\u00e7o da Bienal apontou ainda que foram mais de 190 horas de programa\u00e7\u00e3o, 100 expositores, 220 autores nacionais, oito estrangeiros e 114 reuni\u00f5es de neg\u00f3cios com compradores internacionais dentro da Jornada Profissional organizada pelo Brazilian Publishers.<!--more--><\/p>\n<p>Diferentemente dos anos anteriores, a CBL n\u00e3o incluiu no seu balan\u00e7o final uma cifra da m\u00e9dia de gastos por visitantes.<\/p>\n<p>Vitor Tavares, presidente da CBL, comemorou: &#8220;Esse foi um evento sem precedentes. Pela primeira vez, reunimos pessoas de todo o Brasil e tamb\u00e9m de diversos pa\u00edses do mundo nessa grande festa que \u00e9 a Bienal\u201d.<\/p>\n<p>Todo o conte\u00fado gerado e os estandes virtuais dos expositores ficar\u00e3o na plataforma at\u00e9 o dia 13 de fevereiro de 2020, para acessar,<a href=\"https:\/\/www.bienalvirtualsp.org.br\/\" target=\"_blank\" rel=\"noopener noreferrer\"> clique aqui<\/a>.<\/p>\n","protected":false},"excerpt":{"rendered":"<p>A pandemia do novo coronav\u00edrus obrigou a Bienal Internacional do Livro de S\u00e3o Paulo a ir para o ambiente virtual em 2020 e l\u00e1, o evento encontrou o seu p\u00fablico. De acordo com balan\u00e7o feito pela C\u00e2mara Brasileira do Livro (CBL), realizadora da Bienal, a edi\u00e7\u00e3o teve 1,33 milh\u00e3o de visualiza\u00e7\u00f5es. Grosso modo, \u00e9 o [&hellip;]<\/p>\n","protected":false},"author":4,"featured_media":0,"comment_status":"closed","ping_status":"closed","sticky":false,"template":"","format":"standard","meta":{"footnotes":"","_links_to":"","_links_to_target":""},"categories":[9],"tags":[],"class_list":["post-12812","post","type-post","status-publish","format-standard","hentry","category-noticias-da-imprensa"],"yoast_head":"<!-- This site is optimized with the Yoast SEO plugin v15.1 - https:\/\/yoast.com\/wordpress\/plugins\/seo\/ -->\n<title>Bienal Virtual de SP teve 1,33 milh\u00e3o de visualiza\u00e7\u00f5es &raquo; Abrelivros<\/title>\n<meta name=\"robots\" content=\"index, follow, max-snippet:-1, max-image-preview:large, max-video-preview:-1\" \/>\n<link rel=\"canonical\" href=\"https:\/\/abrelivros.org.br\/site\/bienal-virtual-de-sp-teve-133-milhao-de-visualizacoes\/\" \/>\n<meta property=\"og:locale\" content=\"pt_BR\" \/>\n<meta property=\"og:type\" content=\"article\" \/>\n<meta property=\"og:title\" content=\"Bienal Virtual de SP teve 1,33 milh\u00e3o de visualiza\u00e7\u00f5es &raquo; Abrelivros\" \/>\n<meta property=\"og:description\" content=\"A pandemia do novo coronav\u00edrus obrigou a Bienal Internacional do Livro de S\u00e3o Paulo a ir para o ambiente virtual em 2020 e l\u00e1, o evento encontrou o seu p\u00fablico. De acordo com balan\u00e7o feito pela C\u00e2mara Brasileira do Livro (CBL), realizadora da Bienal, a edi\u00e7\u00e3o teve 1,33 milh\u00e3o de visualiza\u00e7\u00f5es. Grosso modo, \u00e9 o [&hellip;]\" \/>\n<meta property=\"og:url\" content=\"https:\/\/abrelivros.org.br\/site\/bienal-virtual-de-sp-teve-133-milhao-de-visualizacoes\/\" \/>\n<meta property=\"og:site_name\" content=\"Abrelivros\" \/>\n<meta property=\"article:published_time\" content=\"2020-12-15T18:34:22+00:00\" \/>\n<meta name=\"twitter:card\" content=\"summary_large_image\" \/>\n<script type=\"application\/ld+json\" class=\"yoast-schema-graph\">{\"@context\":\"https:\/\/schema.org\",\"@graph\":[{\"@type\":\"WebSite\",\"@id\":\"https:\/\/abrelivros.org.br\/site\/#website\",\"url\":\"https:\/\/abrelivros.org.br\/site\/\",\"name\":\"Abrelivros\",\"description\":\"\",\"potentialAction\":[{\"@type\":\"SearchAction\",\"target\":\"https:\/\/abrelivros.org.br\/site\/?s={search_term_string}\",\"query-input\":\"required name=search_term_string\"}],\"inLanguage\":\"pt-BR\"},{\"@type\":\"WebPage\",\"@id\":\"https:\/\/abrelivros.org.br\/site\/bienal-virtual-de-sp-teve-133-milhao-de-visualizacoes\/#webpage\",\"url\":\"https:\/\/abrelivros.org.br\/site\/bienal-virtual-de-sp-teve-133-milhao-de-visualizacoes\/\",\"name\":\"Bienal Virtual de SP teve 1,33 milh\\u00e3o de visualiza\\u00e7\\u00f5es &raquo; Abrelivros\",\"isPartOf\":{\"@id\":\"https:\/\/abrelivros.org.br\/site\/#website\"},\"datePublished\":\"2020-12-15T18:34:22+00:00\",\"dateModified\":\"2020-12-15T18:34:22+00:00\",\"author\":{\"@id\":\"https:\/\/abrelivros.org.br\/site\/#\/schema\/person\/65db80e26409802ce15ac5feec6a15fd\"},\"breadcrumb\":{\"@id\":\"https:\/\/abrelivros.org.br\/site\/bienal-virtual-de-sp-teve-133-milhao-de-visualizacoes\/#breadcrumb\"},\"inLanguage\":\"pt-BR\",\"potentialAction\":[{\"@type\":\"ReadAction\",\"target\":[\"https:\/\/abrelivros.org.br\/site\/bienal-virtual-de-sp-teve-133-milhao-de-visualizacoes\/\"]}]},{\"@type\":\"BreadcrumbList\",\"@id\":\"https:\/\/abrelivros.org.br\/site\/bienal-virtual-de-sp-teve-133-milhao-de-visualizacoes\/#breadcrumb\",\"itemListElement\":[{\"@type\":\"ListItem\",\"position\":1,\"item\":{\"@type\":\"WebPage\",\"@id\":\"https:\/\/abrelivros.org.br\/site\/\",\"url\":\"https:\/\/abrelivros.org.br\/site\/\",\"name\":\"In\\u00edcio\"}},{\"@type\":\"ListItem\",\"position\":2,\"item\":{\"@type\":\"WebPage\",\"@id\":\"https:\/\/abrelivros.org.br\/site\/category\/noticias\/\",\"url\":\"https:\/\/abrelivros.org.br\/site\/category\/noticias\/\",\"name\":\"Not\\u00edcias\"}},{\"@type\":\"ListItem\",\"position\":3,\"item\":{\"@type\":\"WebPage\",\"@id\":\"https:\/\/abrelivros.org.br\/site\/category\/noticias\/noticias-da-imprensa\/\",\"url\":\"https:\/\/abrelivros.org.br\/site\/category\/noticias\/noticias-da-imprensa\/\",\"name\":\"Not\\u00edcias da imprensa\"}},{\"@type\":\"ListItem\",\"position\":4,\"item\":{\"@type\":\"WebPage\",\"@id\":\"https:\/\/abrelivros.org.br\/site\/bienal-virtual-de-sp-teve-133-milhao-de-visualizacoes\/\",\"url\":\"https:\/\/abrelivros.org.br\/site\/bienal-virtual-de-sp-teve-133-milhao-de-visualizacoes\/\",\"name\":\"Bienal Virtual de SP teve 1,33 milh\\u00e3o de visualiza\\u00e7\\u00f5es\"}}]},{\"@type\":\"Person\",\"@id\":\"https:\/\/abrelivros.org.br\/site\/#\/schema\/person\/65db80e26409802ce15ac5feec6a15fd\",\"name\":\"Reda\\u00e7\\u00e3o Abrelivros\",\"image\":{\"@type\":\"ImageObject\",\"@id\":\"https:\/\/abrelivros.org.br\/site\/#personlogo\",\"inLanguage\":\"pt-BR\",\"url\":\"https:\/\/secure.gravatar.com\/avatar\/c4e57f9c7e3482965bd428192061218520756c39080b1d1820b679fa5e9af192?s=96&d=mm&r=g\",\"caption\":\"Reda\\u00e7\\u00e3o Abrelivros\"}}]}<\/script>\n<!-- \/ Yoast SEO plugin. -->","_links":{"self":[{"href":"https:\/\/abrelivros.org.br\/site\/wp-json\/wp\/v2\/posts\/12812","targetHints":{"allow":["GET"]}}],"collection":[{"href":"https:\/\/abrelivros.org.br\/site\/wp-json\/wp\/v2\/posts"}],"about":[{"href":"https:\/\/abrelivros.org.br\/site\/wp-json\/wp\/v2\/types\/post"}],"author":[{"embeddable":true,"href":"https:\/\/abrelivros.org.br\/site\/wp-json\/wp\/v2\/users\/4"}],"replies":[{"embeddable":true,"href":"https:\/\/abrelivros.org.br\/site\/wp-json\/wp\/v2\/comments?post=12812"}],"version-history":[{"count":1,"href":"https:\/\/abrelivros.org.br\/site\/wp-json\/wp\/v2\/posts\/12812\/revisions"}],"predecessor-version":[{"id":12813,"href":"https:\/\/abrelivros.org.br\/site\/wp-json\/wp\/v2\/posts\/12812\/revisions\/12813"}],"wp:attachment":[{"href":"https:\/\/abrelivros.org.br\/site\/wp-json\/wp\/v2\/media?parent=12812"}],"wp:term":[{"taxonomy":"category","embeddable":true,"href":"https:\/\/abrelivros.org.br\/site\/wp-json\/wp\/v2\/categories?post=12812"},{"taxonomy":"post_tag","embeddable":true,"href":"https:\/\/abrelivros.org.br\/site\/wp-json\/wp\/v2\/tags?post=12812"}],"curies":[{"name":"wp","href":"https:\/\/api.w.org\/{rel}","templated":true}]}}