{"id":12808,"date":"2020-12-15T15:29:51","date_gmt":"2020-12-15T18:29:51","guid":{"rendered":"https:\/\/abrelivros.org.br\/site\/?p=12808"},"modified":"2020-12-15T15:29:51","modified_gmt":"2020-12-15T18:29:51","slug":"portaria-retifica-repasses-de-quotas-do-salario-educacao","status":"publish","type":"post","link":"https:\/\/abrelivros.org.br\/site\/portaria-retifica-repasses-de-quotas-do-salario-educacao\/","title":{"rendered":"Portaria retifica repasses de quotas do sal\u00e1rio educa\u00e7\u00e3o"},"content":{"rendered":"<p>O Minist\u00e9rio da Educa\u00e7\u00e3o publicou, no <a href=\"https:\/\/www.in.gov.br\/en\/web\/dou\/-\/portaria-n-764-de-14-de-dezembro-de-2020-294079975\" target=\"_blank\" rel=\"noopener noreferrer\">Di\u00e1rio Oficial da Uni\u00e3o<\/a> de hoje (15), uma portaria que retifica a estimativa anual de repasses e coeficientes de distribui\u00e7\u00e3o de quotas estaduais e municipais do sal\u00e1rio educa\u00e7\u00e3o do exerc\u00edcio 2020 \u2013 contribui\u00e7\u00e3o social destinada ao financiamento de programas, projetos e a\u00e7\u00f5es voltados para a educa\u00e7\u00e3o b\u00e1sica p\u00fablica.<!--more--><\/p>\n<p>Para se chegar aos valores estimados do sal\u00e1rio educa\u00e7\u00e3o de cada munic\u00edpio e de cada unidade federativa, leva-se em conta a participa\u00e7\u00e3o de cada unidade federada na arrecada\u00e7\u00e3o feita em 2020, bem como a quantidade de alunos matriculados no ensino b\u00e1sico p\u00fablico. Para acessar a tabela com os coeficientes e os valores estimados para as redes de administra\u00e7\u00e3o p\u00fablica estadual e municipal <a href=\"https:\/\/www.in.gov.br\/en\/web\/dou\/-\/portaria-n-764-de-14-de-dezembro-de-2020-294079975\" target=\"_blank\" rel=\"noopener noreferrer\">clique aqui<\/a>.<\/p>\n<p>Segundo o MEC, o sal\u00e1rio educa\u00e7\u00e3o sempre teve a reparti\u00e7\u00e3o e a distribui\u00e7\u00e3o dos seus recursos realizadas sob a forma de quotas. A Lei n\u00ba 10.832\/2003 introduziu modifica\u00e7\u00f5es significativas na reparti\u00e7\u00e3o do montante da arrecada\u00e7\u00e3o, assegurando a participa\u00e7\u00e3o dos munic\u00edpios na parcela que at\u00e9 ent\u00e3o era direcionada aos governos estaduais.<\/p>\n<p>Ficou ent\u00e3o definido que 10% da arrecada\u00e7\u00e3o l\u00edquida fica com o pr\u00f3prio Fundo Nacional de Desenvolvimento da Educa\u00e7\u00e3o (FNDE), que a aplica no financiamento de projetos, programas e a\u00e7\u00f5es da educa\u00e7\u00e3o b\u00e1sica. Os 90% restantes da arrecada\u00e7\u00e3o l\u00edquida \u00e9 desdobrada e automaticamente disponibilizada aos respectivos destinat\u00e1rios, sob a forma de quotas: 1\/3 \u00e9 federal e vai para o FNDE; os 2\/3 restantes, que integram a quota estadual e municipal, s\u00e3o creditados mensalmente (e de forma autom\u00e1tica) em contas banc\u00e1rias espec\u00edficas das secretarias de educa\u00e7\u00e3o dos estados, do Distrito Federal e dos munic\u00edpios, na propor\u00e7\u00e3o do n\u00famero de matr\u00edculas, para o financiamento de programas, projetos e a\u00e7\u00f5es voltados para a educa\u00e7\u00e3o b\u00e1sica.<\/p>\n<p>A portaria publicada hoje j\u00e1 esta em vigor, e seus efeitos financeiros contam desde 1\u00ba de janeiro de 2020, \u201cdevendo os acertos decorrentes das altera\u00e7\u00f5es estabelecidas ser realizados nos repasses das compet\u00eancias de novembro e dezembro de 2020\u201d.<\/p>\n","protected":false},"excerpt":{"rendered":"<p>O Minist\u00e9rio da Educa\u00e7\u00e3o publicou, no Di\u00e1rio Oficial da Uni\u00e3o de hoje (15), uma portaria que retifica a estimativa anual de repasses e coeficientes de distribui\u00e7\u00e3o de quotas estaduais e municipais do sal\u00e1rio educa\u00e7\u00e3o do exerc\u00edcio 2020 \u2013 contribui\u00e7\u00e3o social destinada ao financiamento de programas, projetos e a\u00e7\u00f5es voltados para a educa\u00e7\u00e3o b\u00e1sica p\u00fablica.<\/p>\n","protected":false},"author":4,"featured_media":0,"comment_status":"closed","ping_status":"closed","sticky":false,"template":"","format":"standard","meta":{"footnotes":"","_links_to":"","_links_to_target":""},"categories":[9],"tags":[],"class_list":["post-12808","post","type-post","status-publish","format-standard","hentry","category-noticias-da-imprensa"],"yoast_head":"<!-- This site is optimized with the Yoast SEO plugin v15.1 - https:\/\/yoast.com\/wordpress\/plugins\/seo\/ -->\n<title>Portaria retifica repasses de quotas do sal\u00e1rio educa\u00e7\u00e3o &raquo; Abrelivros<\/title>\n<meta name=\"robots\" content=\"index, follow, max-snippet:-1, max-image-preview:large, max-video-preview:-1\" \/>\n<link rel=\"canonical\" href=\"https:\/\/abrelivros.org.br\/site\/portaria-retifica-repasses-de-quotas-do-salario-educacao\/\" \/>\n<meta property=\"og:locale\" content=\"pt_BR\" \/>\n<meta property=\"og:type\" content=\"article\" \/>\n<meta property=\"og:title\" content=\"Portaria retifica repasses de quotas do sal\u00e1rio educa\u00e7\u00e3o &raquo; Abrelivros\" \/>\n<meta property=\"og:description\" content=\"O Minist\u00e9rio da Educa\u00e7\u00e3o publicou, no Di\u00e1rio Oficial da Uni\u00e3o de hoje (15), uma portaria que retifica a estimativa anual de repasses e coeficientes de distribui\u00e7\u00e3o de quotas estaduais e municipais do sal\u00e1rio educa\u00e7\u00e3o do exerc\u00edcio 2020 \u2013 contribui\u00e7\u00e3o social destinada ao financiamento de programas, projetos e a\u00e7\u00f5es voltados para a educa\u00e7\u00e3o b\u00e1sica p\u00fablica.\" \/>\n<meta property=\"og:url\" content=\"https:\/\/abrelivros.org.br\/site\/portaria-retifica-repasses-de-quotas-do-salario-educacao\/\" \/>\n<meta property=\"og:site_name\" content=\"Abrelivros\" \/>\n<meta property=\"article:published_time\" content=\"2020-12-15T18:29:51+00:00\" \/>\n<meta name=\"twitter:card\" content=\"summary_large_image\" \/>\n<script type=\"application\/ld+json\" class=\"yoast-schema-graph\">{\"@context\":\"https:\/\/schema.org\",\"@graph\":[{\"@type\":\"WebSite\",\"@id\":\"https:\/\/abrelivros.org.br\/site\/#website\",\"url\":\"https:\/\/abrelivros.org.br\/site\/\",\"name\":\"Abrelivros\",\"description\":\"\",\"potentialAction\":[{\"@type\":\"SearchAction\",\"target\":\"https:\/\/abrelivros.org.br\/site\/?s={search_term_string}\",\"query-input\":\"required name=search_term_string\"}],\"inLanguage\":\"pt-BR\"},{\"@type\":\"WebPage\",\"@id\":\"https:\/\/abrelivros.org.br\/site\/portaria-retifica-repasses-de-quotas-do-salario-educacao\/#webpage\",\"url\":\"https:\/\/abrelivros.org.br\/site\/portaria-retifica-repasses-de-quotas-do-salario-educacao\/\",\"name\":\"Portaria retifica repasses de quotas do sal\\u00e1rio educa\\u00e7\\u00e3o &raquo; Abrelivros\",\"isPartOf\":{\"@id\":\"https:\/\/abrelivros.org.br\/site\/#website\"},\"datePublished\":\"2020-12-15T18:29:51+00:00\",\"dateModified\":\"2020-12-15T18:29:51+00:00\",\"author\":{\"@id\":\"https:\/\/abrelivros.org.br\/site\/#\/schema\/person\/65db80e26409802ce15ac5feec6a15fd\"},\"breadcrumb\":{\"@id\":\"https:\/\/abrelivros.org.br\/site\/portaria-retifica-repasses-de-quotas-do-salario-educacao\/#breadcrumb\"},\"inLanguage\":\"pt-BR\",\"potentialAction\":[{\"@type\":\"ReadAction\",\"target\":[\"https:\/\/abrelivros.org.br\/site\/portaria-retifica-repasses-de-quotas-do-salario-educacao\/\"]}]},{\"@type\":\"BreadcrumbList\",\"@id\":\"https:\/\/abrelivros.org.br\/site\/portaria-retifica-repasses-de-quotas-do-salario-educacao\/#breadcrumb\",\"itemListElement\":[{\"@type\":\"ListItem\",\"position\":1,\"item\":{\"@type\":\"WebPage\",\"@id\":\"https:\/\/abrelivros.org.br\/site\/\",\"url\":\"https:\/\/abrelivros.org.br\/site\/\",\"name\":\"In\\u00edcio\"}},{\"@type\":\"ListItem\",\"position\":2,\"item\":{\"@type\":\"WebPage\",\"@id\":\"https:\/\/abrelivros.org.br\/site\/category\/noticias\/\",\"url\":\"https:\/\/abrelivros.org.br\/site\/category\/noticias\/\",\"name\":\"Not\\u00edcias\"}},{\"@type\":\"ListItem\",\"position\":3,\"item\":{\"@type\":\"WebPage\",\"@id\":\"https:\/\/abrelivros.org.br\/site\/category\/noticias\/noticias-da-imprensa\/\",\"url\":\"https:\/\/abrelivros.org.br\/site\/category\/noticias\/noticias-da-imprensa\/\",\"name\":\"Not\\u00edcias da imprensa\"}},{\"@type\":\"ListItem\",\"position\":4,\"item\":{\"@type\":\"WebPage\",\"@id\":\"https:\/\/abrelivros.org.br\/site\/portaria-retifica-repasses-de-quotas-do-salario-educacao\/\",\"url\":\"https:\/\/abrelivros.org.br\/site\/portaria-retifica-repasses-de-quotas-do-salario-educacao\/\",\"name\":\"Portaria retifica repasses de quotas do sal\\u00e1rio educa\\u00e7\\u00e3o\"}}]},{\"@type\":\"Person\",\"@id\":\"https:\/\/abrelivros.org.br\/site\/#\/schema\/person\/65db80e26409802ce15ac5feec6a15fd\",\"name\":\"Reda\\u00e7\\u00e3o Abrelivros\",\"image\":{\"@type\":\"ImageObject\",\"@id\":\"https:\/\/abrelivros.org.br\/site\/#personlogo\",\"inLanguage\":\"pt-BR\",\"url\":\"https:\/\/secure.gravatar.com\/avatar\/c4e57f9c7e3482965bd428192061218520756c39080b1d1820b679fa5e9af192?s=96&d=mm&r=g\",\"caption\":\"Reda\\u00e7\\u00e3o Abrelivros\"}}]}<\/script>\n<!-- \/ Yoast SEO plugin. -->","_links":{"self":[{"href":"https:\/\/abrelivros.org.br\/site\/wp-json\/wp\/v2\/posts\/12808","targetHints":{"allow":["GET"]}}],"collection":[{"href":"https:\/\/abrelivros.org.br\/site\/wp-json\/wp\/v2\/posts"}],"about":[{"href":"https:\/\/abrelivros.org.br\/site\/wp-json\/wp\/v2\/types\/post"}],"author":[{"embeddable":true,"href":"https:\/\/abrelivros.org.br\/site\/wp-json\/wp\/v2\/users\/4"}],"replies":[{"embeddable":true,"href":"https:\/\/abrelivros.org.br\/site\/wp-json\/wp\/v2\/comments?post=12808"}],"version-history":[{"count":1,"href":"https:\/\/abrelivros.org.br\/site\/wp-json\/wp\/v2\/posts\/12808\/revisions"}],"predecessor-version":[{"id":12809,"href":"https:\/\/abrelivros.org.br\/site\/wp-json\/wp\/v2\/posts\/12808\/revisions\/12809"}],"wp:attachment":[{"href":"https:\/\/abrelivros.org.br\/site\/wp-json\/wp\/v2\/media?parent=12808"}],"wp:term":[{"taxonomy":"category","embeddable":true,"href":"https:\/\/abrelivros.org.br\/site\/wp-json\/wp\/v2\/categories?post=12808"},{"taxonomy":"post_tag","embeddable":true,"href":"https:\/\/abrelivros.org.br\/site\/wp-json\/wp\/v2\/tags?post=12808"}],"curies":[{"name":"wp","href":"https:\/\/api.w.org\/{rel}","templated":true}]}}