{"id":12806,"date":"2020-12-15T15:27:15","date_gmt":"2020-12-15T18:27:15","guid":{"rendered":"https:\/\/abrelivros.org.br\/site\/?p=12806"},"modified":"2020-12-16T11:59:33","modified_gmt":"2020-12-16T14:59:33","slug":"12806-2","status":"publish","type":"post","link":"https:\/\/abrelivros.org.br\/site\/12806-2\/","title":{"rendered":"Projeto da C\u00e2mara com regras do Fundeb pode tirar at\u00e9 R$ 12,8 bi de escolas p\u00fablicas"},"content":{"rendered":"<p>Mudan\u00e7as feitas pela C\u00e2mara no projeto de lei de regulamenta\u00e7\u00e3o do novo<a href=\"https:\/\/www1.folha.uol.com.br\/educacao\/2020\/12\/o-que-muda-com-o-novo-fundeb-aprovado-na-camara.shtml\" target=\"_blank\" rel=\"noopener noreferrer\"> Fundeb (Fundo de Desenvolvimento da Educa\u00e7\u00e3o B\u00e1sica)<\/a> abrem brecha para transferir at\u00e9 R$ 12,8 bilh\u00f5es por ano da rede p\u00fablica para escolas filantr\u00f3picas, comunit\u00e1rias e confessionais.<!--more--><\/p>\n<p>O levantamento foi feito pela ONG Todos pela Educa\u00e7\u00e3o e divulgado nesta segunda-feira (14). O projeto de lei foi aprovado pela C\u00e2mara no dia 10 deste m\u00eas. A proposta est\u00e1 na pauta de vota\u00e7\u00e3o do Senado desta ter\u00e7a-feira (15).<\/p>\n<p>Lucas Hoogerbrugge, l\u00edder de rela\u00e7\u00f5es governamentais do Todos Pela Educa\u00e7\u00e3o, disse que as perdas passaram a ser poss\u00edvel ap\u00f3s duas emendas aprovadas nos destaques ao final da vota\u00e7\u00e3o do texto da regulamenta\u00e7\u00e3o do Fundeb.<\/p>\n<p>Com a mudan\u00e7a, \u00e9 permitida a distribui\u00e7\u00e3o de at\u00e9 10% dos recursos do fundo para institui\u00e7\u00f5es comunit\u00e1rias, confessionais ou filantr\u00f3picas sem fins lucrativos e conveniadas com o poder p\u00fablico no ensino fundamental e no ensino m\u00e9dio.<\/p>\n<p>Hoje, munic\u00edpios e Estados podem fazer conv\u00eanio com essas institui\u00e7\u00f5es, mas n\u00e3o recebem recurso do Fundeb para isso. Se aprovadas no Congresso, as novas regras passam a valer a partir de 2021.<\/p>\n<p>&#8220;Na nossa vis\u00e3o \u00e9 muito negativo, vai incentivar a expans\u00e3o de vagas nas institui\u00e7\u00f5es sem fins lucrativos em etapas que h\u00e1 vagas na rede p\u00fablica, diferentemente do que acontece na educa\u00e7\u00e3o infantil&#8221;, disse Hoogerbrugge.<\/p>\n<p>&#8220;Al\u00e9m disso, os munic\u00edpios mais pobres acabar\u00e3o perdendo recursos para munic\u00edpios mais ricos, onde est\u00e3o concentradas mais escolas filantr\u00f3picas, comunit\u00e1rias e confessionais&#8221;, afirmou.<\/p>\n<p>O relator do projeto no Senado, senador Izalci Lucas (PSDB-DF), disse que o texto ainda est\u00e1 sendo analisado. A inten\u00e7\u00e3o \u00e9 fazer ajustes de forma que n\u00e3o precise voltar para a C\u00e2mara.<\/p>\n<p>Apesar de n\u00e3o ter definido o que far\u00e1 sobre esse trecho do projeto, ele disse acreditar que o importante \u00e9 o aluno ter uma educa\u00e7\u00e3o de qualidade, independente da institui\u00e7\u00e3o.<\/p>\n<p>&#8220;Eu penso que h\u00e1 uma confus\u00e3o forte. Toda educa\u00e7\u00e3o \u00e9 p\u00fablica, a gest\u00e3o que \u00e9 estatal ou privada. O importante \u00e9 que o aluno possa estudar numa boa escola&#8221;, afirmou.<\/p>\n<p><a href=\"https:\/\/www1.folha.uol.com.br\/educacao\/2020\/12\/camara-aprova-texto-base-do-projeto-com-regras-para-o-fundeb.shtml\" target=\"_blank\" rel=\"noopener noreferrer\">A regulamenta\u00e7\u00e3o do novo Fundeb<\/a> tem mudan\u00e7as importantes para o <a href=\"https:\/\/www1.folha.uol.com.br\/educacao\/2020\/07\/camara-aprova-em-1o-turno-texto-base-de-fundeb-com-aumento-de-recursos-da-uniao.shtml\" target=\"_blank\" rel=\"noopener noreferrer\">financiamento da educa\u00e7\u00e3o b\u00e1sica p\u00fablica do pa\u00eds<\/a>.<\/p>\n<p>O texto garante complementa\u00e7\u00e3o de recursos para <a href=\"https:\/\/www1.folha.uol.com.br\/educacao\/2020\/12\/sem-regulamentacao-do-fundeb-1500-cidades-podem-perder-r-3-bi-em-2021.shtml\" target=\"_blank\" rel=\"noopener noreferrer\">munic\u00edpios mais pobres<\/a>, aumento do financiamento para a educa\u00e7\u00e3o infantil e o uso de 70% dos recursos do fundo para o pagamento de profissionais da educa\u00e7\u00e3o.<\/p>\n<p>No entanto, as modifica\u00e7\u00f5es aprovadas tamb\u00e9m v\u00e3o permitir <a href=\"https:\/\/www1.folha.uol.com.br\/educacao\/2020\/11\/proposta-de-custear-escola-privada-com-fundeb-favorece-cidades-ricas.shtml\" target=\"_blank\" rel=\"noopener noreferrer\">mais recursos para escolas privadas sem fins lucrativos<\/a>, que agora poder\u00e3o receber tamb\u00e9m por matr\u00edculas no ensino fundamental e m\u00e9dio \u2014antes s\u00f3 valia para a educa\u00e7\u00e3o infantil.<\/p>\n<p>A medida \u00e9 considerada uma vit\u00f3ria da base do presidente Jair Bolsonaro (sem partido), j\u00e1 que beneficia tamb\u00e9m as escolas confessionais (ligadas a igrejas).<\/p>\n<p>O relator do projeto na C\u00e2mara, deputado Felipe Rigoni (PSB-ES), foi procurado, mas n\u00e3o atendeu \u00e0s liga\u00e7\u00f5es.<\/p>\n<p>Nesta segunda, a Campanha Nacional pelo Direito \u00e0 Educa\u00e7\u00e3o e a Fineduca (Associa\u00e7\u00e3o Nacional de Pesquisa em Financiamento da Educa\u00e7\u00e3o) tamb\u00e9m divulgaram uma nota com estimativa de recursos tirados do ensino p\u00fablico.<\/p>\n<p>Segundo a entidade, quatro pontos do projeto de regulamenta\u00e7\u00e3o t\u00eam potencial para reduzir os repasses para as escolas p\u00fablicas em R$ 15,9 bilh\u00f5es.<\/p>\n<p>A Campanha Nacional pelo Direito \u00e0 Educa\u00e7\u00e3o e a Fineduca afirmam que a proposta de reservar 10% da presta\u00e7\u00e3o do ensino fundamental e m\u00e9dio \u00e0 iniciativa privada indica desmobiliza\u00e7\u00e3o das redes p\u00fablicas e incentivo ao setor privado, com s\u00e9rias responsabilidades para os gestores p\u00fablicos.<\/p>\n<p>&#8220;N\u00e3o h\u00e1 falta de vagas na rede p\u00fablica de ensino fundamental e m\u00e9dio. Mais do que isso, segundo dados do Censo Escolar, as matr\u00edculas dos estados e munic\u00edpios no ensino fundamental e m\u00e9dio ca\u00edram de 36,2 milh\u00f5es, em 2007, para 28,1 milh\u00f5es, em 2019, ou seja, uma redu\u00e7\u00e3o de 8,1 milh\u00f5es&#8221;, diz a nota t\u00e9cnica.<\/p>\n","protected":false},"excerpt":{"rendered":"<p>Mudan\u00e7as feitas pela C\u00e2mara no projeto de lei de regulamenta\u00e7\u00e3o do novo Fundeb (Fundo de Desenvolvimento da Educa\u00e7\u00e3o B\u00e1sica) abrem brecha para transferir at\u00e9 R$ 12,8 bilh\u00f5es por ano da rede p\u00fablica para escolas filantr\u00f3picas, comunit\u00e1rias e confessionais.<\/p>\n","protected":false},"author":4,"featured_media":0,"comment_status":"closed","ping_status":"closed","sticky":false,"template":"","format":"standard","meta":{"footnotes":"","_links_to":"","_links_to_target":""},"categories":[9],"tags":[],"class_list":["post-12806","post","type-post","status-publish","format-standard","hentry","category-noticias-da-imprensa"],"yoast_head":"<!-- This site is optimized with the Yoast SEO plugin v15.1 - https:\/\/yoast.com\/wordpress\/plugins\/seo\/ -->\n<title>Projeto da C\u00e2mara com regras do Fundeb pode tirar at\u00e9 R$ 12,8 bi de escolas p\u00fablicas &raquo; Abrelivros<\/title>\n<meta name=\"robots\" content=\"index, follow, max-snippet:-1, max-image-preview:large, max-video-preview:-1\" \/>\n<link rel=\"canonical\" href=\"https:\/\/abrelivros.org.br\/site\/12806-2\/\" \/>\n<meta property=\"og:locale\" content=\"pt_BR\" \/>\n<meta property=\"og:type\" content=\"article\" \/>\n<meta property=\"og:title\" content=\"Projeto da C\u00e2mara com regras do Fundeb pode tirar at\u00e9 R$ 12,8 bi de escolas p\u00fablicas &raquo; Abrelivros\" \/>\n<meta property=\"og:description\" content=\"Mudan\u00e7as feitas pela C\u00e2mara no projeto de lei de regulamenta\u00e7\u00e3o do novo Fundeb (Fundo de Desenvolvimento da Educa\u00e7\u00e3o B\u00e1sica) abrem brecha para transferir at\u00e9 R$ 12,8 bilh\u00f5es por ano da rede p\u00fablica para escolas filantr\u00f3picas, comunit\u00e1rias e confessionais.\" \/>\n<meta property=\"og:url\" content=\"https:\/\/abrelivros.org.br\/site\/12806-2\/\" \/>\n<meta property=\"og:site_name\" content=\"Abrelivros\" \/>\n<meta property=\"article:published_time\" content=\"2020-12-15T18:27:15+00:00\" \/>\n<meta property=\"article:modified_time\" content=\"2020-12-16T14:59:33+00:00\" \/>\n<meta name=\"twitter:card\" content=\"summary_large_image\" \/>\n<script type=\"application\/ld+json\" class=\"yoast-schema-graph\">{\"@context\":\"https:\/\/schema.org\",\"@graph\":[{\"@type\":\"WebSite\",\"@id\":\"https:\/\/abrelivros.org.br\/site\/#website\",\"url\":\"https:\/\/abrelivros.org.br\/site\/\",\"name\":\"Abrelivros\",\"description\":\"\",\"potentialAction\":[{\"@type\":\"SearchAction\",\"target\":\"https:\/\/abrelivros.org.br\/site\/?s={search_term_string}\",\"query-input\":\"required name=search_term_string\"}],\"inLanguage\":\"pt-BR\"},{\"@type\":\"WebPage\",\"@id\":\"https:\/\/abrelivros.org.br\/site\/12806-2\/#webpage\",\"url\":\"https:\/\/abrelivros.org.br\/site\/12806-2\/\",\"name\":\"Projeto da C\\u00e2mara com regras do Fundeb pode tirar at\\u00e9 R$ 12,8 bi de escolas p\\u00fablicas &raquo; Abrelivros\",\"isPartOf\":{\"@id\":\"https:\/\/abrelivros.org.br\/site\/#website\"},\"datePublished\":\"2020-12-15T18:27:15+00:00\",\"dateModified\":\"2020-12-16T14:59:33+00:00\",\"author\":{\"@id\":\"https:\/\/abrelivros.org.br\/site\/#\/schema\/person\/65db80e26409802ce15ac5feec6a15fd\"},\"breadcrumb\":{\"@id\":\"https:\/\/abrelivros.org.br\/site\/12806-2\/#breadcrumb\"},\"inLanguage\":\"pt-BR\",\"potentialAction\":[{\"@type\":\"ReadAction\",\"target\":[\"https:\/\/abrelivros.org.br\/site\/12806-2\/\"]}]},{\"@type\":\"BreadcrumbList\",\"@id\":\"https:\/\/abrelivros.org.br\/site\/12806-2\/#breadcrumb\",\"itemListElement\":[{\"@type\":\"ListItem\",\"position\":1,\"item\":{\"@type\":\"WebPage\",\"@id\":\"https:\/\/abrelivros.org.br\/site\/\",\"url\":\"https:\/\/abrelivros.org.br\/site\/\",\"name\":\"In\\u00edcio\"}},{\"@type\":\"ListItem\",\"position\":2,\"item\":{\"@type\":\"WebPage\",\"@id\":\"https:\/\/abrelivros.org.br\/site\/category\/noticias\/\",\"url\":\"https:\/\/abrelivros.org.br\/site\/category\/noticias\/\",\"name\":\"Not\\u00edcias\"}},{\"@type\":\"ListItem\",\"position\":3,\"item\":{\"@type\":\"WebPage\",\"@id\":\"https:\/\/abrelivros.org.br\/site\/category\/noticias\/noticias-da-imprensa\/\",\"url\":\"https:\/\/abrelivros.org.br\/site\/category\/noticias\/noticias-da-imprensa\/\",\"name\":\"Not\\u00edcias da imprensa\"}},{\"@type\":\"ListItem\",\"position\":4,\"item\":{\"@type\":\"WebPage\",\"@id\":\"https:\/\/abrelivros.org.br\/site\/12806-2\/\",\"url\":\"https:\/\/abrelivros.org.br\/site\/12806-2\/\",\"name\":\"Projeto da C\\u00e2mara com regras do Fundeb pode tirar at\\u00e9 R$ 12,8 bi de escolas p\\u00fablicas\"}}]},{\"@type\":\"Person\",\"@id\":\"https:\/\/abrelivros.org.br\/site\/#\/schema\/person\/65db80e26409802ce15ac5feec6a15fd\",\"name\":\"Reda\\u00e7\\u00e3o Abrelivros\",\"image\":{\"@type\":\"ImageObject\",\"@id\":\"https:\/\/abrelivros.org.br\/site\/#personlogo\",\"inLanguage\":\"pt-BR\",\"url\":\"https:\/\/secure.gravatar.com\/avatar\/c4e57f9c7e3482965bd428192061218520756c39080b1d1820b679fa5e9af192?s=96&d=mm&r=g\",\"caption\":\"Reda\\u00e7\\u00e3o Abrelivros\"}}]}<\/script>\n<!-- \/ Yoast SEO plugin. -->","_links":{"self":[{"href":"https:\/\/abrelivros.org.br\/site\/wp-json\/wp\/v2\/posts\/12806","targetHints":{"allow":["GET"]}}],"collection":[{"href":"https:\/\/abrelivros.org.br\/site\/wp-json\/wp\/v2\/posts"}],"about":[{"href":"https:\/\/abrelivros.org.br\/site\/wp-json\/wp\/v2\/types\/post"}],"author":[{"embeddable":true,"href":"https:\/\/abrelivros.org.br\/site\/wp-json\/wp\/v2\/users\/4"}],"replies":[{"embeddable":true,"href":"https:\/\/abrelivros.org.br\/site\/wp-json\/wp\/v2\/comments?post=12806"}],"version-history":[{"count":2,"href":"https:\/\/abrelivros.org.br\/site\/wp-json\/wp\/v2\/posts\/12806\/revisions"}],"predecessor-version":[{"id":12821,"href":"https:\/\/abrelivros.org.br\/site\/wp-json\/wp\/v2\/posts\/12806\/revisions\/12821"}],"wp:attachment":[{"href":"https:\/\/abrelivros.org.br\/site\/wp-json\/wp\/v2\/media?parent=12806"}],"wp:term":[{"taxonomy":"category","embeddable":true,"href":"https:\/\/abrelivros.org.br\/site\/wp-json\/wp\/v2\/categories?post=12806"},{"taxonomy":"post_tag","embeddable":true,"href":"https:\/\/abrelivros.org.br\/site\/wp-json\/wp\/v2\/tags?post=12806"}],"curies":[{"name":"wp","href":"https:\/\/api.w.org\/{rel}","templated":true}]}}