{"id":12803,"date":"2020-12-15T15:20:04","date_gmt":"2020-12-15T18:20:04","guid":{"rendered":"https:\/\/abrelivros.org.br\/site\/?p=12803"},"modified":"2020-12-15T15:20:43","modified_gmt":"2020-12-15T18:20:43","slug":"acordo-de-cooperacao-tecnica-que-celebra-a-uniao-via-ministerio-da-economia-por-meio-da-secretaria-de-gestao-e-o-ministerio-da-educacao-por-meio-da-secretaria-executiva","status":"publish","type":"post","link":"https:\/\/abrelivros.org.br\/site\/acordo-de-cooperacao-tecnica-que-celebra-a-uniao-via-ministerio-da-economia-por-meio-da-secretaria-de-gestao-e-o-ministerio-da-educacao-por-meio-da-secretaria-executiva\/","title":{"rendered":"Acordo de Coopera\u00e7\u00e3o T\u00e9cnica que celebra a Uni\u00e3o, via Minist\u00e9rio da Economia, por meio da Secretaria de Gest\u00e3o, e o Minist\u00e9rio da Educa\u00e7\u00e3o, por meio da Secretaria-Executiva."},"content":{"rendered":"<p>O Minist\u00e9rio da Educa\u00e7\u00e3o (MEC) assinou na \u00faltima sexta feira (11), o Acordo de Coopera\u00e7\u00e3o T\u00e9cnica que trata da Plataforma +Brasil, denominada Rede +Brasil, institu\u00edda pelo Decreto n\u00ba 10.035, de 1\u00b0 de outubro de 2019 e pela Portaria ME n\u00ba 33, de 22 de janeiro de 2020.<!--more--><\/p>\n<p>A Rede +Brasil tem como objetivos: padronizar e simplificar os processos de transfer\u00eancias de recursos aos ententes benefici\u00e1rios das pol\u00edticas p\u00fablicas geridas pelo Minist\u00e9rio; permitir que os recursos aplicados sejam rastreados; oferecer meios tecnol\u00f3gicos para o fortalecimento da integridade e a transpar\u00eancia das informa\u00e7\u00f5es; fomentar as boas pr\u00e1ticas de governan\u00e7a e gest\u00e3o na execu\u00e7\u00e3o de pol\u00edticas p\u00fablicas, com foco na gera\u00e7\u00e3o de resultados para a sociedade; promover a participa\u00e7\u00e3o dos cidad\u00e3os na aferi\u00e7\u00e3o de resultados das pol\u00edticas implementadas com os recursos transferidos por meio da plataforma, al\u00e9m de estimular a operacionalidade de outras transfer\u00eancias por meio da plataforma.<\/p>\n<p>A Rede +Brasil \u00e9 um importante aux\u00edlio para o cumprimento do <a href=\"http:\/\/www.planalto.gov.br\/ccivil_03\/_ato2011-2014\/2014\/lei\/l13005.htm\" target=\"_blank\" rel=\"noopener noreferrer\">Plano Nacional de Educa\u00e7\u00e3o (PNE)<\/a>, institu\u00eddo pela Lei n\u00ba 13.005, de 25 de junho de 2014. Cita-se, por exemplo, a Diretriz n\u00ba VI do Plano: &#8220;promo\u00e7\u00e3o do princ\u00edpio da gest\u00e3o democr\u00e1tica da educa\u00e7\u00e3o p\u00fablica&#8221;.<\/p>\n<p>A ferramenta facilitar\u00e1 o aprimoramento da integra\u00e7\u00e3o entre os dados dos sistemas e aplicativos do MEC com os da Uni\u00e3o. Espera-se ainda otimizar a operacionaliza\u00e7\u00e3o das transfer\u00eancias realizadas pelo Minist\u00e9rio, bem como padronizar informa\u00e7\u00f5es e procedimentos.<\/p>\n","protected":false},"excerpt":{"rendered":"<p>O Minist\u00e9rio da Educa\u00e7\u00e3o (MEC) assinou na \u00faltima sexta feira (11), o Acordo de Coopera\u00e7\u00e3o T\u00e9cnica que trata da Plataforma +Brasil, denominada Rede +Brasil, institu\u00edda pelo Decreto n\u00ba 10.035, de 1\u00b0 de outubro de 2019 e pela Portaria ME n\u00ba 33, de 22 de janeiro de 2020.<\/p>\n","protected":false},"author":4,"featured_media":0,"comment_status":"closed","ping_status":"closed","sticky":false,"template":"","format":"standard","meta":{"footnotes":"","_links_to":"","_links_to_target":""},"categories":[9],"tags":[],"class_list":["post-12803","post","type-post","status-publish","format-standard","hentry","category-noticias-da-imprensa"],"yoast_head":"<!-- This site is optimized with the Yoast SEO plugin v15.1 - https:\/\/yoast.com\/wordpress\/plugins\/seo\/ -->\n<title>Acordo de Coopera\u00e7\u00e3o T\u00e9cnica que celebra a Uni\u00e3o, via Minist\u00e9rio da Economia, por meio da Secretaria de Gest\u00e3o, e o Minist\u00e9rio da Educa\u00e7\u00e3o, por meio da Secretaria-Executiva. &raquo; Abrelivros<\/title>\n<meta name=\"robots\" content=\"index, follow, max-snippet:-1, max-image-preview:large, max-video-preview:-1\" \/>\n<link rel=\"canonical\" href=\"https:\/\/abrelivros.org.br\/site\/acordo-de-cooperacao-tecnica-que-celebra-a-uniao-via-ministerio-da-economia-por-meio-da-secretaria-de-gestao-e-o-ministerio-da-educacao-por-meio-da-secretaria-executiva\/\" \/>\n<meta property=\"og:locale\" content=\"pt_BR\" \/>\n<meta property=\"og:type\" content=\"article\" \/>\n<meta property=\"og:title\" content=\"Acordo de Coopera\u00e7\u00e3o T\u00e9cnica que celebra a Uni\u00e3o, via Minist\u00e9rio da Economia, por meio da Secretaria de Gest\u00e3o, e o Minist\u00e9rio da Educa\u00e7\u00e3o, por meio da Secretaria-Executiva. &raquo; Abrelivros\" \/>\n<meta property=\"og:description\" content=\"O Minist\u00e9rio da Educa\u00e7\u00e3o (MEC) assinou na \u00faltima sexta feira (11), o Acordo de Coopera\u00e7\u00e3o T\u00e9cnica que trata da Plataforma +Brasil, denominada Rede +Brasil, institu\u00edda pelo Decreto n\u00ba 10.035, de 1\u00b0 de outubro de 2019 e pela Portaria ME n\u00ba 33, de 22 de janeiro de 2020.\" \/>\n<meta property=\"og:url\" content=\"https:\/\/abrelivros.org.br\/site\/acordo-de-cooperacao-tecnica-que-celebra-a-uniao-via-ministerio-da-economia-por-meio-da-secretaria-de-gestao-e-o-ministerio-da-educacao-por-meio-da-secretaria-executiva\/\" \/>\n<meta property=\"og:site_name\" content=\"Abrelivros\" \/>\n<meta property=\"article:published_time\" content=\"2020-12-15T18:20:04+00:00\" \/>\n<meta property=\"article:modified_time\" content=\"2020-12-15T18:20:43+00:00\" \/>\n<meta name=\"twitter:card\" content=\"summary_large_image\" \/>\n<script type=\"application\/ld+json\" class=\"yoast-schema-graph\">{\"@context\":\"https:\/\/schema.org\",\"@graph\":[{\"@type\":\"WebSite\",\"@id\":\"https:\/\/abrelivros.org.br\/site\/#website\",\"url\":\"https:\/\/abrelivros.org.br\/site\/\",\"name\":\"Abrelivros\",\"description\":\"\",\"potentialAction\":[{\"@type\":\"SearchAction\",\"target\":\"https:\/\/abrelivros.org.br\/site\/?s={search_term_string}\",\"query-input\":\"required name=search_term_string\"}],\"inLanguage\":\"pt-BR\"},{\"@type\":\"WebPage\",\"@id\":\"https:\/\/abrelivros.org.br\/site\/acordo-de-cooperacao-tecnica-que-celebra-a-uniao-via-ministerio-da-economia-por-meio-da-secretaria-de-gestao-e-o-ministerio-da-educacao-por-meio-da-secretaria-executiva\/#webpage\",\"url\":\"https:\/\/abrelivros.org.br\/site\/acordo-de-cooperacao-tecnica-que-celebra-a-uniao-via-ministerio-da-economia-por-meio-da-secretaria-de-gestao-e-o-ministerio-da-educacao-por-meio-da-secretaria-executiva\/\",\"name\":\"Acordo de Coopera\\u00e7\\u00e3o T\\u00e9cnica que celebra a Uni\\u00e3o, via Minist\\u00e9rio da Economia, por meio da Secretaria de Gest\\u00e3o, e o Minist\\u00e9rio da Educa\\u00e7\\u00e3o, por meio da Secretaria-Executiva. &raquo; Abrelivros\",\"isPartOf\":{\"@id\":\"https:\/\/abrelivros.org.br\/site\/#website\"},\"datePublished\":\"2020-12-15T18:20:04+00:00\",\"dateModified\":\"2020-12-15T18:20:43+00:00\",\"author\":{\"@id\":\"https:\/\/abrelivros.org.br\/site\/#\/schema\/person\/65db80e26409802ce15ac5feec6a15fd\"},\"breadcrumb\":{\"@id\":\"https:\/\/abrelivros.org.br\/site\/acordo-de-cooperacao-tecnica-que-celebra-a-uniao-via-ministerio-da-economia-por-meio-da-secretaria-de-gestao-e-o-ministerio-da-educacao-por-meio-da-secretaria-executiva\/#breadcrumb\"},\"inLanguage\":\"pt-BR\",\"potentialAction\":[{\"@type\":\"ReadAction\",\"target\":[\"https:\/\/abrelivros.org.br\/site\/acordo-de-cooperacao-tecnica-que-celebra-a-uniao-via-ministerio-da-economia-por-meio-da-secretaria-de-gestao-e-o-ministerio-da-educacao-por-meio-da-secretaria-executiva\/\"]}]},{\"@type\":\"BreadcrumbList\",\"@id\":\"https:\/\/abrelivros.org.br\/site\/acordo-de-cooperacao-tecnica-que-celebra-a-uniao-via-ministerio-da-economia-por-meio-da-secretaria-de-gestao-e-o-ministerio-da-educacao-por-meio-da-secretaria-executiva\/#breadcrumb\",\"itemListElement\":[{\"@type\":\"ListItem\",\"position\":1,\"item\":{\"@type\":\"WebPage\",\"@id\":\"https:\/\/abrelivros.org.br\/site\/\",\"url\":\"https:\/\/abrelivros.org.br\/site\/\",\"name\":\"In\\u00edcio\"}},{\"@type\":\"ListItem\",\"position\":2,\"item\":{\"@type\":\"WebPage\",\"@id\":\"https:\/\/abrelivros.org.br\/site\/category\/noticias\/\",\"url\":\"https:\/\/abrelivros.org.br\/site\/category\/noticias\/\",\"name\":\"Not\\u00edcias\"}},{\"@type\":\"ListItem\",\"position\":3,\"item\":{\"@type\":\"WebPage\",\"@id\":\"https:\/\/abrelivros.org.br\/site\/category\/noticias\/noticias-da-imprensa\/\",\"url\":\"https:\/\/abrelivros.org.br\/site\/category\/noticias\/noticias-da-imprensa\/\",\"name\":\"Not\\u00edcias da imprensa\"}},{\"@type\":\"ListItem\",\"position\":4,\"item\":{\"@type\":\"WebPage\",\"@id\":\"https:\/\/abrelivros.org.br\/site\/acordo-de-cooperacao-tecnica-que-celebra-a-uniao-via-ministerio-da-economia-por-meio-da-secretaria-de-gestao-e-o-ministerio-da-educacao-por-meio-da-secretaria-executiva\/\",\"url\":\"https:\/\/abrelivros.org.br\/site\/acordo-de-cooperacao-tecnica-que-celebra-a-uniao-via-ministerio-da-economia-por-meio-da-secretaria-de-gestao-e-o-ministerio-da-educacao-por-meio-da-secretaria-executiva\/\",\"name\":\"Acordo de Coopera\\u00e7\\u00e3o T\\u00e9cnica que celebra a Uni\\u00e3o, via Minist\\u00e9rio da Economia, por meio da Secretaria de Gest\\u00e3o, e o Minist\\u00e9rio da Educa\\u00e7\\u00e3o, por meio da Secretaria-Executiva.\"}}]},{\"@type\":\"Person\",\"@id\":\"https:\/\/abrelivros.org.br\/site\/#\/schema\/person\/65db80e26409802ce15ac5feec6a15fd\",\"name\":\"Reda\\u00e7\\u00e3o Abrelivros\",\"image\":{\"@type\":\"ImageObject\",\"@id\":\"https:\/\/abrelivros.org.br\/site\/#personlogo\",\"inLanguage\":\"pt-BR\",\"url\":\"https:\/\/secure.gravatar.com\/avatar\/c4e57f9c7e3482965bd428192061218520756c39080b1d1820b679fa5e9af192?s=96&d=mm&r=g\",\"caption\":\"Reda\\u00e7\\u00e3o Abrelivros\"}}]}<\/script>\n<!-- \/ Yoast SEO plugin. -->","_links":{"self":[{"href":"https:\/\/abrelivros.org.br\/site\/wp-json\/wp\/v2\/posts\/12803","targetHints":{"allow":["GET"]}}],"collection":[{"href":"https:\/\/abrelivros.org.br\/site\/wp-json\/wp\/v2\/posts"}],"about":[{"href":"https:\/\/abrelivros.org.br\/site\/wp-json\/wp\/v2\/types\/post"}],"author":[{"embeddable":true,"href":"https:\/\/abrelivros.org.br\/site\/wp-json\/wp\/v2\/users\/4"}],"replies":[{"embeddable":true,"href":"https:\/\/abrelivros.org.br\/site\/wp-json\/wp\/v2\/comments?post=12803"}],"version-history":[{"count":2,"href":"https:\/\/abrelivros.org.br\/site\/wp-json\/wp\/v2\/posts\/12803\/revisions"}],"predecessor-version":[{"id":12805,"href":"https:\/\/abrelivros.org.br\/site\/wp-json\/wp\/v2\/posts\/12803\/revisions\/12805"}],"wp:attachment":[{"href":"https:\/\/abrelivros.org.br\/site\/wp-json\/wp\/v2\/media?parent=12803"}],"wp:term":[{"taxonomy":"category","embeddable":true,"href":"https:\/\/abrelivros.org.br\/site\/wp-json\/wp\/v2\/categories?post=12803"},{"taxonomy":"post_tag","embeddable":true,"href":"https:\/\/abrelivros.org.br\/site\/wp-json\/wp\/v2\/tags?post=12803"}],"curies":[{"name":"wp","href":"https:\/\/api.w.org\/{rel}","templated":true}]}}