{"id":12801,"date":"2020-12-15T14:55:33","date_gmt":"2020-12-15T17:55:33","guid":{"rendered":"https:\/\/abrelivros.org.br\/site\/?p=12801"},"modified":"2020-12-16T12:08:34","modified_gmt":"2020-12-16T15:08:34","slug":"reepassar-fundeb-a-rede-privada-e-inconstitucional-diz-ministerio-publico","status":"publish","type":"post","link":"https:\/\/abrelivros.org.br\/site\/reepassar-fundeb-a-rede-privada-e-inconstitucional-diz-ministerio-publico\/","title":{"rendered":"Repassar Fundeb \u00e0 rede privada \u00e9 inconstitucional, diz Minist\u00e9rio P\u00fablico"},"content":{"rendered":"<p>O Minist\u00e9rio P\u00fablico Federal (MPF) enviou ao Senado uma nota t\u00e9cnica nessa segunda-feira, 14, apontando inconstitucionalidades no novo Fundo de Manuten\u00e7\u00e3o e Desenvolvimento da Educa\u00e7\u00e3o B\u00e1sica e de Valoriza\u00e7\u00e3o dos Profissionais da Educa\u00e7\u00e3o (Fundeb).<!--more--><\/p>\n<p>De acordo com o \u00f3rg\u00e3o, os dispositivos de repasse de recursos para institui\u00e7\u00f5es de ensino privadas violam a Constitui\u00e7\u00e3o e criam precedente para precariza\u00e7\u00e3o do ensino p\u00fablico no Pa\u00eds. O projeto de lei foi aprovado pela C\u00e2mara dos Deputados na \u00faltima quinta-feira e deve ser apreciado pelos senadores nos pr\u00f3ximos dias.<\/p>\n<p>Elaborada por mais de 300 juristas, o documento questiona al\u00edneas e incisos que autorizam o emprego de recursos do novo Fundeb em institui\u00e7\u00f5es comunit\u00e1rias, filantr\u00f3picas ou confessionais (religiosas) e no Sistema S. Hoje, isso s\u00f3 \u00e9 permitido na educa\u00e7\u00e3o infantil, especial e do campo. Se aprovadas, as novas regras passam a valer a partir de 2021.<\/p>\n<p>As mudan\u00e7as feitas de \u00faltima hora podem tirar at\u00e9 R$ 12,8 bilh\u00f5es por ano da rede p\u00fablica. O c\u00e1lculo \u00e9 do Movimento Todos pela Educa\u00e7\u00e3o. O Fundeb \u00e9 o principal mecanismo de financiamento do setor e movimentou recursos de cerca de R$ 162 bilh\u00f5es em 2020. O c\u00e1lculo do Todos pela Educa\u00e7\u00e3o considera uso do limite da verba para essas institui\u00e7\u00f5es religiosas &#8211; cat\u00f3licas, evang\u00e9licas, mu\u00e7ulmanas ou de quaisquer outras cren\u00e7as &#8211; e filantr\u00f3picas em todas as redes de ensino.<\/p>\n<p>De acordo com os parlamentares, as medidas procuram suprir o d\u00e9ficit da rede p\u00fablica de educa\u00e7\u00e3o, expandindo a oferta de vagas em creches e na educa\u00e7\u00e3o b\u00e1sica obrigat\u00f3ria por meio de conv\u00eanios com institui\u00e7\u00f5es privadas. Para os especialistas, essa tese de insufici\u00eancia de vagas \u00e9 um argumento factual e juridicamente inepto para sustentar a regulamenta\u00e7\u00e3o do novo Fundeb.<\/p>\n<p>Segundo o Minist\u00e9rio P\u00fablico, n\u00e3o s\u00e3o necess\u00e1rias vagas privadas na garantia de oferta estatal universal da educa\u00e7\u00e3o b\u00e1sica obrigat\u00f3ria. \u201cO que parece motivar tal pretens\u00e3o \u00e9 a demanda das pr\u00f3prias institui\u00e7\u00f5es privadas de ensino por sustenta\u00e7\u00e3o econ\u00f4mica da sua capacidade instalada\u201d, acrescenta a nota t\u00e9cnica. O documento foi encaminhado aos 81 senadores pela C\u00e2mara de Direitos Sociais e Fiscaliza\u00e7\u00e3o de Atos Administrativos em Geral do MPF (1CCR).<\/p>\n<p>Um dos avan\u00e7os do novo Fundeb foi elevar o tamanho do refor\u00e7o de recursos feito pelo governo federal a Estados e munic\u00edpios. O patamar atual \u00e9 de 10% do total do fundo (cerca de R$ 14,8 bilh\u00f5es este ano) e haver\u00e1 aumento gradual at\u00e9 o \u00edndice de 23% em 2026. Com isso, o piso do valor investido por ano na rede p\u00fablica pode saltar de atuais R$ 3,7 mil para R$ 5,7 mil.<\/p>\n","protected":false},"excerpt":{"rendered":"<p>O Minist\u00e9rio P\u00fablico Federal (MPF) enviou ao Senado uma nota t\u00e9cnica nessa segunda-feira, 14, apontando inconstitucionalidades no novo Fundo de Manuten\u00e7\u00e3o e Desenvolvimento da Educa\u00e7\u00e3o B\u00e1sica e de Valoriza\u00e7\u00e3o dos Profissionais da Educa\u00e7\u00e3o (Fundeb).<\/p>\n","protected":false},"author":4,"featured_media":0,"comment_status":"closed","ping_status":"closed","sticky":false,"template":"","format":"standard","meta":{"footnotes":"","_links_to":"","_links_to_target":""},"categories":[9],"tags":[],"class_list":["post-12801","post","type-post","status-publish","format-standard","hentry","category-noticias-da-imprensa"],"yoast_head":"<!-- This site is optimized with the Yoast SEO plugin v15.1 - https:\/\/yoast.com\/wordpress\/plugins\/seo\/ -->\n<title>Repassar Fundeb \u00e0 rede privada \u00e9 inconstitucional, diz Minist\u00e9rio P\u00fablico &raquo; Abrelivros<\/title>\n<meta name=\"robots\" content=\"index, follow, max-snippet:-1, max-image-preview:large, max-video-preview:-1\" \/>\n<link rel=\"canonical\" href=\"https:\/\/abrelivros.org.br\/site\/reepassar-fundeb-a-rede-privada-e-inconstitucional-diz-ministerio-publico\/\" \/>\n<meta property=\"og:locale\" content=\"pt_BR\" \/>\n<meta property=\"og:type\" content=\"article\" \/>\n<meta property=\"og:title\" content=\"Repassar Fundeb \u00e0 rede privada \u00e9 inconstitucional, diz Minist\u00e9rio P\u00fablico &raquo; Abrelivros\" \/>\n<meta property=\"og:description\" content=\"O Minist\u00e9rio P\u00fablico Federal (MPF) enviou ao Senado uma nota t\u00e9cnica nessa segunda-feira, 14, apontando inconstitucionalidades no novo Fundo de Manuten\u00e7\u00e3o e Desenvolvimento da Educa\u00e7\u00e3o B\u00e1sica e de Valoriza\u00e7\u00e3o dos Profissionais da Educa\u00e7\u00e3o (Fundeb).\" \/>\n<meta property=\"og:url\" content=\"https:\/\/abrelivros.org.br\/site\/reepassar-fundeb-a-rede-privada-e-inconstitucional-diz-ministerio-publico\/\" \/>\n<meta property=\"og:site_name\" content=\"Abrelivros\" \/>\n<meta property=\"article:published_time\" content=\"2020-12-15T17:55:33+00:00\" \/>\n<meta property=\"article:modified_time\" content=\"2020-12-16T15:08:34+00:00\" \/>\n<meta name=\"twitter:card\" content=\"summary_large_image\" \/>\n<script type=\"application\/ld+json\" class=\"yoast-schema-graph\">{\"@context\":\"https:\/\/schema.org\",\"@graph\":[{\"@type\":\"WebSite\",\"@id\":\"https:\/\/abrelivros.org.br\/site\/#website\",\"url\":\"https:\/\/abrelivros.org.br\/site\/\",\"name\":\"Abrelivros\",\"description\":\"\",\"potentialAction\":[{\"@type\":\"SearchAction\",\"target\":\"https:\/\/abrelivros.org.br\/site\/?s={search_term_string}\",\"query-input\":\"required name=search_term_string\"}],\"inLanguage\":\"pt-BR\"},{\"@type\":\"WebPage\",\"@id\":\"https:\/\/abrelivros.org.br\/site\/reepassar-fundeb-a-rede-privada-e-inconstitucional-diz-ministerio-publico\/#webpage\",\"url\":\"https:\/\/abrelivros.org.br\/site\/reepassar-fundeb-a-rede-privada-e-inconstitucional-diz-ministerio-publico\/\",\"name\":\"Repassar Fundeb \\u00e0 rede privada \\u00e9 inconstitucional, diz Minist\\u00e9rio P\\u00fablico &raquo; Abrelivros\",\"isPartOf\":{\"@id\":\"https:\/\/abrelivros.org.br\/site\/#website\"},\"datePublished\":\"2020-12-15T17:55:33+00:00\",\"dateModified\":\"2020-12-16T15:08:34+00:00\",\"author\":{\"@id\":\"https:\/\/abrelivros.org.br\/site\/#\/schema\/person\/65db80e26409802ce15ac5feec6a15fd\"},\"breadcrumb\":{\"@id\":\"https:\/\/abrelivros.org.br\/site\/reepassar-fundeb-a-rede-privada-e-inconstitucional-diz-ministerio-publico\/#breadcrumb\"},\"inLanguage\":\"pt-BR\",\"potentialAction\":[{\"@type\":\"ReadAction\",\"target\":[\"https:\/\/abrelivros.org.br\/site\/reepassar-fundeb-a-rede-privada-e-inconstitucional-diz-ministerio-publico\/\"]}]},{\"@type\":\"BreadcrumbList\",\"@id\":\"https:\/\/abrelivros.org.br\/site\/reepassar-fundeb-a-rede-privada-e-inconstitucional-diz-ministerio-publico\/#breadcrumb\",\"itemListElement\":[{\"@type\":\"ListItem\",\"position\":1,\"item\":{\"@type\":\"WebPage\",\"@id\":\"https:\/\/abrelivros.org.br\/site\/\",\"url\":\"https:\/\/abrelivros.org.br\/site\/\",\"name\":\"In\\u00edcio\"}},{\"@type\":\"ListItem\",\"position\":2,\"item\":{\"@type\":\"WebPage\",\"@id\":\"https:\/\/abrelivros.org.br\/site\/category\/noticias\/\",\"url\":\"https:\/\/abrelivros.org.br\/site\/category\/noticias\/\",\"name\":\"Not\\u00edcias\"}},{\"@type\":\"ListItem\",\"position\":3,\"item\":{\"@type\":\"WebPage\",\"@id\":\"https:\/\/abrelivros.org.br\/site\/category\/noticias\/noticias-da-imprensa\/\",\"url\":\"https:\/\/abrelivros.org.br\/site\/category\/noticias\/noticias-da-imprensa\/\",\"name\":\"Not\\u00edcias da imprensa\"}},{\"@type\":\"ListItem\",\"position\":4,\"item\":{\"@type\":\"WebPage\",\"@id\":\"https:\/\/abrelivros.org.br\/site\/reepassar-fundeb-a-rede-privada-e-inconstitucional-diz-ministerio-publico\/\",\"url\":\"https:\/\/abrelivros.org.br\/site\/reepassar-fundeb-a-rede-privada-e-inconstitucional-diz-ministerio-publico\/\",\"name\":\"Repassar Fundeb \\u00e0 rede privada \\u00e9 inconstitucional, diz Minist\\u00e9rio P\\u00fablico\"}}]},{\"@type\":\"Person\",\"@id\":\"https:\/\/abrelivros.org.br\/site\/#\/schema\/person\/65db80e26409802ce15ac5feec6a15fd\",\"name\":\"Reda\\u00e7\\u00e3o Abrelivros\",\"image\":{\"@type\":\"ImageObject\",\"@id\":\"https:\/\/abrelivros.org.br\/site\/#personlogo\",\"inLanguage\":\"pt-BR\",\"url\":\"https:\/\/secure.gravatar.com\/avatar\/c4e57f9c7e3482965bd428192061218520756c39080b1d1820b679fa5e9af192?s=96&d=mm&r=g\",\"caption\":\"Reda\\u00e7\\u00e3o Abrelivros\"}}]}<\/script>\n<!-- \/ Yoast SEO plugin. -->","_links":{"self":[{"href":"https:\/\/abrelivros.org.br\/site\/wp-json\/wp\/v2\/posts\/12801","targetHints":{"allow":["GET"]}}],"collection":[{"href":"https:\/\/abrelivros.org.br\/site\/wp-json\/wp\/v2\/posts"}],"about":[{"href":"https:\/\/abrelivros.org.br\/site\/wp-json\/wp\/v2\/types\/post"}],"author":[{"embeddable":true,"href":"https:\/\/abrelivros.org.br\/site\/wp-json\/wp\/v2\/users\/4"}],"replies":[{"embeddable":true,"href":"https:\/\/abrelivros.org.br\/site\/wp-json\/wp\/v2\/comments?post=12801"}],"version-history":[{"count":2,"href":"https:\/\/abrelivros.org.br\/site\/wp-json\/wp\/v2\/posts\/12801\/revisions"}],"predecessor-version":[{"id":12822,"href":"https:\/\/abrelivros.org.br\/site\/wp-json\/wp\/v2\/posts\/12801\/revisions\/12822"}],"wp:attachment":[{"href":"https:\/\/abrelivros.org.br\/site\/wp-json\/wp\/v2\/media?parent=12801"}],"wp:term":[{"taxonomy":"category","embeddable":true,"href":"https:\/\/abrelivros.org.br\/site\/wp-json\/wp\/v2\/categories?post=12801"},{"taxonomy":"post_tag","embeddable":true,"href":"https:\/\/abrelivros.org.br\/site\/wp-json\/wp\/v2\/tags?post=12801"}],"curies":[{"name":"wp","href":"https:\/\/api.w.org\/{rel}","templated":true}]}}