{"id":12799,"date":"2020-12-15T14:53:49","date_gmt":"2020-12-15T17:53:49","guid":{"rendered":"https:\/\/abrelivros.org.br\/site\/?p=12799"},"modified":"2020-12-15T14:53:49","modified_gmt":"2020-12-15T17:53:49","slug":"novo-fundeb-pode-tirar-quase-r-16-bi-da-educacao-publica-afirmam-organizacoes","status":"publish","type":"post","link":"https:\/\/abrelivros.org.br\/site\/novo-fundeb-pode-tirar-quase-r-16-bi-da-educacao-publica-afirmam-organizacoes\/","title":{"rendered":"Novo Fundeb pode tirar quase R$ 16 bi da educa\u00e7\u00e3o p\u00fablica, afirmam organiza\u00e7\u00f5es"},"content":{"rendered":"<p>A Campanha Nacional pelo Direito \u00e0 Educa\u00e7\u00e3o e a Fineduca (Associa\u00e7\u00e3o Nacional de Pesquisa em Financiamento da Educa\u00e7\u00e3o) afirmaram, por meio de nota, que o projeto que regulamenta o novo Fundeb (Fundo de Manuten\u00e7\u00e3o e Desenvolvimento da Educa\u00e7\u00e3o B\u00e1sica e de Valoriza\u00e7\u00e3o dos Profissionais da Educa\u00e7\u00e3o) \u00e9 um `retrocesso` e poder\u00e1 tirar dinheiro da educa\u00e7\u00e3o p\u00fablica caso seja aprovado pelo Senado. A not\u00edcia foi publicada pelo UOL com informa\u00e7\u00f5es da Ag\u00eancia Brasil e O Estado de S. Paulo.<!--more--><\/p>\n<p>`Caso o texto da C\u00e2mara seja aprovado no Senado , ser\u00e3o R$ 15,9 bilh\u00f5es a menos [para a educa\u00e7\u00e3o p\u00fablica]. [Isto] representa 9,5% do total do fundo em 2019`, disseram as organiza\u00e7\u00f5es.<\/p>\n<p>Ainda de acordo com a nota, os quase R$ 16 bilh\u00f5es que poder\u00e3o ser perdidos para a educa\u00e7\u00e3o p\u00fablica com o novo Fundeb s\u00e3o devido ao fato dos deputados terem inclu\u00eddo na C\u00e2mara a possibilidade de destina\u00e7\u00e3o de 10% das verbas do fundo para institui\u00e7\u00f5es filantr\u00f3picas comunit\u00e1rias, confessionais e para educa\u00e7\u00e3o profissionalizante, inclusive promovida pelo Senai e Senac.<\/p>\n<p>A emenda relativa ao Sistema S ( Senai e Senac ) e entidades filantr\u00f3picas foi aprovada na C\u00e2mara por 258 votos a 180. J\u00e1 a que inclu\u00eda escolas religiosas e filantr\u00f3picas foi aprovada por 311 votos a 131. Ambas foram votadas na \u00faltima quinta-feira (10), logo ap\u00f3s a aprova\u00e7\u00e3o do texto-base.<\/p>\n<p>`Boa parte dos benef\u00edcios decorrentes da amplia\u00e7\u00e3o da complementa\u00e7\u00e3o da Uni\u00e3o deixar\u00e3o de ir para o setor p\u00fablico e poder\u00e3o ir para o setor privado, que n\u00e3o possui estrutura e nem capilaridade para atender os desafios postos no PNE (Plano Nacional de Educa\u00e7\u00e3o) 2014-2024`, destacam as organiza\u00e7\u00f5es.<\/p>\n<p>`A proposta de reservar 10% da presta\u00e7\u00e3o do ensino fundamental e m\u00e9dio \u00e0 iniciativa privada indica desmobiliza\u00e7\u00e3o das redes p\u00fablicas e incentivo ao setor privado, com s\u00e9rias responsabilidades para os gestores p\u00fablicos perante o sistema de controle`, continuam.<\/p>\n<p>Segundo o UOL, a previs\u00e3o \u00e9 de que o texto do novo Fundeb seja votado pelo Senado ainda esta semana. O presidente da Casa, Davi Alcolumbre (DEM-AP), pautar\u00e1 o projeto para a pr\u00f3xima sess\u00e3o da Casa, que est\u00e1 prevista para esta ter\u00e7a (15).<\/p>\n","protected":false},"excerpt":{"rendered":"<p>A Campanha Nacional pelo Direito \u00e0 Educa\u00e7\u00e3o e a Fineduca (Associa\u00e7\u00e3o Nacional de Pesquisa em Financiamento da Educa\u00e7\u00e3o) afirmaram, por meio de nota, que o projeto que regulamenta o novo Fundeb (Fundo de Manuten\u00e7\u00e3o e Desenvolvimento da Educa\u00e7\u00e3o B\u00e1sica e de Valoriza\u00e7\u00e3o dos Profissionais da Educa\u00e7\u00e3o) \u00e9 um `retrocesso` e poder\u00e1 tirar dinheiro da educa\u00e7\u00e3o [&hellip;]<\/p>\n","protected":false},"author":4,"featured_media":0,"comment_status":"closed","ping_status":"closed","sticky":false,"template":"","format":"standard","meta":{"footnotes":"","_links_to":"","_links_to_target":""},"categories":[9],"tags":[],"class_list":["post-12799","post","type-post","status-publish","format-standard","hentry","category-noticias-da-imprensa"],"yoast_head":"<!-- This site is optimized with the Yoast SEO plugin v15.1 - https:\/\/yoast.com\/wordpress\/plugins\/seo\/ -->\n<title>Novo Fundeb pode tirar quase R$ 16 bi da educa\u00e7\u00e3o p\u00fablica, afirmam organiza\u00e7\u00f5es &raquo; Abrelivros<\/title>\n<meta name=\"robots\" content=\"index, follow, max-snippet:-1, max-image-preview:large, max-video-preview:-1\" \/>\n<link rel=\"canonical\" href=\"https:\/\/abrelivros.org.br\/site\/novo-fundeb-pode-tirar-quase-r-16-bi-da-educacao-publica-afirmam-organizacoes\/\" \/>\n<meta property=\"og:locale\" content=\"pt_BR\" \/>\n<meta property=\"og:type\" content=\"article\" \/>\n<meta property=\"og:title\" content=\"Novo Fundeb pode tirar quase R$ 16 bi da educa\u00e7\u00e3o p\u00fablica, afirmam organiza\u00e7\u00f5es &raquo; Abrelivros\" \/>\n<meta property=\"og:description\" content=\"A Campanha Nacional pelo Direito \u00e0 Educa\u00e7\u00e3o e a Fineduca (Associa\u00e7\u00e3o Nacional de Pesquisa em Financiamento da Educa\u00e7\u00e3o) afirmaram, por meio de nota, que o projeto que regulamenta o novo Fundeb (Fundo de Manuten\u00e7\u00e3o e Desenvolvimento da Educa\u00e7\u00e3o B\u00e1sica e de Valoriza\u00e7\u00e3o dos Profissionais da Educa\u00e7\u00e3o) \u00e9 um `retrocesso` e poder\u00e1 tirar dinheiro da educa\u00e7\u00e3o [&hellip;]\" \/>\n<meta property=\"og:url\" content=\"https:\/\/abrelivros.org.br\/site\/novo-fundeb-pode-tirar-quase-r-16-bi-da-educacao-publica-afirmam-organizacoes\/\" \/>\n<meta property=\"og:site_name\" content=\"Abrelivros\" \/>\n<meta property=\"article:published_time\" content=\"2020-12-15T17:53:49+00:00\" \/>\n<meta name=\"twitter:card\" content=\"summary_large_image\" \/>\n<script type=\"application\/ld+json\" class=\"yoast-schema-graph\">{\"@context\":\"https:\/\/schema.org\",\"@graph\":[{\"@type\":\"WebSite\",\"@id\":\"https:\/\/abrelivros.org.br\/site\/#website\",\"url\":\"https:\/\/abrelivros.org.br\/site\/\",\"name\":\"Abrelivros\",\"description\":\"\",\"potentialAction\":[{\"@type\":\"SearchAction\",\"target\":\"https:\/\/abrelivros.org.br\/site\/?s={search_term_string}\",\"query-input\":\"required name=search_term_string\"}],\"inLanguage\":\"pt-BR\"},{\"@type\":\"WebPage\",\"@id\":\"https:\/\/abrelivros.org.br\/site\/novo-fundeb-pode-tirar-quase-r-16-bi-da-educacao-publica-afirmam-organizacoes\/#webpage\",\"url\":\"https:\/\/abrelivros.org.br\/site\/novo-fundeb-pode-tirar-quase-r-16-bi-da-educacao-publica-afirmam-organizacoes\/\",\"name\":\"Novo Fundeb pode tirar quase R$ 16 bi da educa\\u00e7\\u00e3o p\\u00fablica, afirmam organiza\\u00e7\\u00f5es &raquo; Abrelivros\",\"isPartOf\":{\"@id\":\"https:\/\/abrelivros.org.br\/site\/#website\"},\"datePublished\":\"2020-12-15T17:53:49+00:00\",\"dateModified\":\"2020-12-15T17:53:49+00:00\",\"author\":{\"@id\":\"https:\/\/abrelivros.org.br\/site\/#\/schema\/person\/65db80e26409802ce15ac5feec6a15fd\"},\"breadcrumb\":{\"@id\":\"https:\/\/abrelivros.org.br\/site\/novo-fundeb-pode-tirar-quase-r-16-bi-da-educacao-publica-afirmam-organizacoes\/#breadcrumb\"},\"inLanguage\":\"pt-BR\",\"potentialAction\":[{\"@type\":\"ReadAction\",\"target\":[\"https:\/\/abrelivros.org.br\/site\/novo-fundeb-pode-tirar-quase-r-16-bi-da-educacao-publica-afirmam-organizacoes\/\"]}]},{\"@type\":\"BreadcrumbList\",\"@id\":\"https:\/\/abrelivros.org.br\/site\/novo-fundeb-pode-tirar-quase-r-16-bi-da-educacao-publica-afirmam-organizacoes\/#breadcrumb\",\"itemListElement\":[{\"@type\":\"ListItem\",\"position\":1,\"item\":{\"@type\":\"WebPage\",\"@id\":\"https:\/\/abrelivros.org.br\/site\/\",\"url\":\"https:\/\/abrelivros.org.br\/site\/\",\"name\":\"In\\u00edcio\"}},{\"@type\":\"ListItem\",\"position\":2,\"item\":{\"@type\":\"WebPage\",\"@id\":\"https:\/\/abrelivros.org.br\/site\/category\/noticias\/\",\"url\":\"https:\/\/abrelivros.org.br\/site\/category\/noticias\/\",\"name\":\"Not\\u00edcias\"}},{\"@type\":\"ListItem\",\"position\":3,\"item\":{\"@type\":\"WebPage\",\"@id\":\"https:\/\/abrelivros.org.br\/site\/category\/noticias\/noticias-da-imprensa\/\",\"url\":\"https:\/\/abrelivros.org.br\/site\/category\/noticias\/noticias-da-imprensa\/\",\"name\":\"Not\\u00edcias da imprensa\"}},{\"@type\":\"ListItem\",\"position\":4,\"item\":{\"@type\":\"WebPage\",\"@id\":\"https:\/\/abrelivros.org.br\/site\/novo-fundeb-pode-tirar-quase-r-16-bi-da-educacao-publica-afirmam-organizacoes\/\",\"url\":\"https:\/\/abrelivros.org.br\/site\/novo-fundeb-pode-tirar-quase-r-16-bi-da-educacao-publica-afirmam-organizacoes\/\",\"name\":\"Novo Fundeb pode tirar quase R$ 16 bi da educa\\u00e7\\u00e3o p\\u00fablica, afirmam organiza\\u00e7\\u00f5es\"}}]},{\"@type\":\"Person\",\"@id\":\"https:\/\/abrelivros.org.br\/site\/#\/schema\/person\/65db80e26409802ce15ac5feec6a15fd\",\"name\":\"Reda\\u00e7\\u00e3o Abrelivros\",\"image\":{\"@type\":\"ImageObject\",\"@id\":\"https:\/\/abrelivros.org.br\/site\/#personlogo\",\"inLanguage\":\"pt-BR\",\"url\":\"https:\/\/secure.gravatar.com\/avatar\/c4e57f9c7e3482965bd428192061218520756c39080b1d1820b679fa5e9af192?s=96&d=mm&r=g\",\"caption\":\"Reda\\u00e7\\u00e3o Abrelivros\"}}]}<\/script>\n<!-- \/ Yoast SEO plugin. -->","_links":{"self":[{"href":"https:\/\/abrelivros.org.br\/site\/wp-json\/wp\/v2\/posts\/12799","targetHints":{"allow":["GET"]}}],"collection":[{"href":"https:\/\/abrelivros.org.br\/site\/wp-json\/wp\/v2\/posts"}],"about":[{"href":"https:\/\/abrelivros.org.br\/site\/wp-json\/wp\/v2\/types\/post"}],"author":[{"embeddable":true,"href":"https:\/\/abrelivros.org.br\/site\/wp-json\/wp\/v2\/users\/4"}],"replies":[{"embeddable":true,"href":"https:\/\/abrelivros.org.br\/site\/wp-json\/wp\/v2\/comments?post=12799"}],"version-history":[{"count":1,"href":"https:\/\/abrelivros.org.br\/site\/wp-json\/wp\/v2\/posts\/12799\/revisions"}],"predecessor-version":[{"id":12800,"href":"https:\/\/abrelivros.org.br\/site\/wp-json\/wp\/v2\/posts\/12799\/revisions\/12800"}],"wp:attachment":[{"href":"https:\/\/abrelivros.org.br\/site\/wp-json\/wp\/v2\/media?parent=12799"}],"wp:term":[{"taxonomy":"category","embeddable":true,"href":"https:\/\/abrelivros.org.br\/site\/wp-json\/wp\/v2\/categories?post=12799"},{"taxonomy":"post_tag","embeddable":true,"href":"https:\/\/abrelivros.org.br\/site\/wp-json\/wp\/v2\/tags?post=12799"}],"curies":[{"name":"wp","href":"https:\/\/api.w.org\/{rel}","templated":true}]}}