{"id":12795,"date":"2020-12-14T15:47:44","date_gmt":"2020-12-14T18:47:44","guid":{"rendered":"https:\/\/abrelivros.org.br\/site\/?p=12795"},"modified":"2020-12-14T15:47:44","modified_gmt":"2020-12-14T18:47:44","slug":"crise-educacional-eleva-pressao-para-professor-ter-prioridade-na-fila-da-vacina-da-covid-19","status":"publish","type":"post","link":"https:\/\/abrelivros.org.br\/site\/crise-educacional-eleva-pressao-para-professor-ter-prioridade-na-fila-da-vacina-da-covid-19\/","title":{"rendered":"Crise educacional eleva press\u00e3o para professor ter prioridade na fila da vacina da covid-19"},"content":{"rendered":"<p>A proximidade da vacina e a limita\u00e7\u00e3o de doses trazem ao Brasil o debate mundial sobre quem deve ser o primeiro a receber a imuniza\u00e7\u00e3o contra<a href=\"https:\/\/tudo-sobre.estadao.com.br\/coronavirus\" target=\"_blank\" rel=\"noopener noreferrer\"> covid-19<\/a>: os que t\u00eam mais risco de morte ou os trabalhadores considerados essenciais, com mais chance de contrair e transmitir o coronav\u00edrus? H\u00e1 certo consenso de que idosos e profissionais de sa\u00fade sejam priorit\u00e1rios. Mas a crise educacional causada pela pandemia tem feito com que os professores sejam apontados como os pr\u00f3ximos na lista.<!--more--><\/p>\n<p>Disputas pol\u00edticas e a falta de um real plano nacional para a vacina, no entanto, devem fazer com que os profissionais da educa\u00e7\u00e3o \u2013 e todos os outros que n\u00e3o podem fazer home office e s\u00e3o fundamentais para a sociedade funcionar \u2013 n\u00e3o sejam vacinados t\u00e3o cedo.<\/p>\n<p>Na programa\u00e7\u00e3o do <a href=\"https:\/\/tudo-sobre.estadao.com.br\/ministerio-da-saude\" target=\"_blank\" rel=\"noopener noreferrer\">Minist\u00e9rio da Sa\u00fade<\/a>, que foi entregue sexta-feira ao <a href=\"https:\/\/tudo-sobre.estadao.com.br\/stf-supremo-tribunal-federal\" target=\"_blank\" rel=\"noopener noreferrer\">Supremo Tribunal Federal (STF)<\/a>, os professores de ensino b\u00e1sico e superior entrariam na quarta fase da campanha. S\u00e3o 2,3 milh\u00f5es, o maior grupo entre os 3,2 milh\u00f5es de profissionais essenciais. Incluem ainda policiais, bombeiros e funcion\u00e1rios do sistema carcer\u00e1rio. N\u00e3o h\u00e1 data para receberem a vacina.<\/p>\n<p>No plano do Estado de S\u00e3o Paulo, n\u00e3o existe men\u00e7\u00e3o aos professores, mas o<strong> Estad\u00e3o<\/strong> apurou que integrantes do pr\u00f3prio governo t\u00eam pedido a prioriza\u00e7\u00e3o. A vacina permitiria uma volta \u00e0s aulas presenciais mais segura e efetiva. Segundo a Secretaria Estadual de Sa\u00fade, eles podem ser vacinados ainda no primeiro semestre.<\/p>\n<p>Entre os principais objetivos da imuniza\u00e7\u00e3o para covid, de acordo com a <a href=\"https:\/\/tudo-sobre.estadao.com.br\/oms-organizacao-mundial-de-saude\" target=\"_blank\" rel=\"noopener noreferrer\">Organiza\u00e7\u00e3o Mundial de Sa\u00fade (OMS)<\/a>, est\u00e3o a redu\u00e7\u00e3o de mortes e a continuidade dos servi\u00e7os essenciais em um pa\u00eds. A OMS n\u00e3o fez um ranking sobre quais grupos devem ser vacinados antes. S\u00f3 listou prioridades: idosos, pessoas com comorbidade, as que vivem em resid\u00eancia de longa dura\u00e7\u00e3o, trabalhadores da sa\u00fade e da ind\u00fastria aliment\u00edcia, professores, policiais, motoristas de transporte p\u00fablico, l\u00edderes governamentais.<\/p>\n<p>Ficou para os pa\u00edses a tarefa de escolher os primeiros da fila. A maioria colocou idosos e profissionais de sa\u00fade na frente. A primeira pessoa vacinada no Reino Unido foi Margaret Keenan, de 90 anos. Professores e outros trabalhadores est\u00e3o na segunda fase brit\u00e2nica. A R\u00fassia foi a \u00fanica, por enquanto, a incluir os docentes na primeira etapa. Nos Estados Unidos, com a aprova\u00e7\u00e3o da vacina da Pfizer na sexta-feira, s\u00e3o esperadas as novas recomenda\u00e7\u00f5es sobre prioridades. Profissionais de sa\u00fade e moradores de institui\u00e7\u00f5es para idosos devem vir primeiro. Educadores pressionam para serem os pr\u00f3ximos.<\/p>\n<p>\u201cA prioridade do Pa\u00eds nesse momento tem de ser gravidade, hospitaliza\u00e7\u00e3o e \u00f3bito, quem est\u00e1 lotando as UTIs. E os trabalhadores de sa\u00fade\u201d, diz a epidemiologista Carla Domingues, que foi coordenadora do Programa Nacional de Imuniza\u00e7\u00f5es do Minist\u00e9rio da Sa\u00fade, entre 2011 e 2019. Carla defende que a Coronavac, desenvolvida pela chinesa Sinovac em parceria com o Instituto Butant\u00e3 \u2013 que hoje faz parte apenas do plano paulista \u2013 seja comprada pelo minist\u00e9rio. S\u00f3 assim, segundo Carla, seria poss\u00edvel atender a mais grupos priorit\u00e1rios. Na opini\u00e3o dela, os professores deveriam vir ap\u00f3s os profissionais de sa\u00fade. \u201cN\u00e3o teremos uma vacina\u00e7\u00e3o equitativa sem um plano nacional de imuniza\u00e7\u00e3o.\u201d<\/p>\n<p>Com a rixa entre <a href=\"https:\/\/tudo-sobre.estadao.com.br\/jair-bolsonaro\" target=\"_blank\" rel=\"noopener noreferrer\">Jair Bolsonaro<\/a> e <a href=\"https:\/\/tudo-sobre.estadao.com.br\/joao-doria\" target=\"_blank\" rel=\"noopener noreferrer\">Jo\u00e3o Doria<\/a> (PSDB), \u00e9 poss\u00edvel que ao menos 40 milh\u00f5es de doses produzidas pelo Butant\u00e3 fiquem s\u00f3 em S\u00e3o Paulo. Nesse cen\u00e1rio, parte da popula\u00e7\u00e3o paulista poderia ser vacinada, ainda que fora da lista de prioridades, antes de outros grupos considerados preferenciais que estejam fora do Estado e dependam da campanha nacional de imuniza\u00e7\u00e3o. O ministro da Sa\u00fade, Eduardo Pazuello, chegou a anunciar acordo para ter a Coronavac, mas depois foi desautorizado por Bolsonaro. \u201cO minist\u00e9rio sempre foi o grande cliente do Butant\u00e3, 50% das vacinas s\u00e3o produzidas l\u00e1\u201d, diz Carla. Nos \u00faltimos dias, a pasta tem dito que comprar\u00e1 todos os imunizantes com registro na Anvisa.<\/p>\n<p>Ser\u00e3o necess\u00e1rias, afirma o documento do governo federal, 108 milh\u00f5es de doses para as fases iniciais, que imunizariam 51 milh\u00f5es prioritariamente. O texto diz que o Brasil \u201cj\u00e1 garantiu\u201d 300 milh\u00f5es de doses por meio de acordos\u201d. Mas 100 milh\u00f5es seriam da vacina da AstraZeneca, cuja efic\u00e1cia ainda n\u00e3o est\u00e1 certa. Outros 70 milh\u00f5es, da Pfizer, ainda est\u00e3o em negocia\u00e7\u00e3o. A Coronavac n\u00e3o foi mencionada.<\/p>\n<p>\u201cEst\u00e1 sob risco quem est\u00e1 tendo exposi\u00e7\u00e3o\u201d, diz o epidemiologista Paulo Lotufo, professor de Medicina da Universidade de S\u00e3o Paulo (USP). Para ele, os trabalhadores de escolas e em outras \u00e1reas essenciais deveriam estar na frente dos mais velhos. \u201cIdoso pode se isolar mais, quem tem 75 anos est\u00e1 aposentado. Mas o neto dele, de 30 anos, \u00e9 caminhoneiro e n\u00e3o pode parar.\u201d Para Lotufo, \u00e9 uma \u201cquest\u00e3o econ\u00f4mica e humanit\u00e1ria\u201d, j\u00e1 que muitos trabalhadores essenciais s\u00e3o negros e\/ou de classes mais baixas.<\/p>\n<p>\u201cA desigualdade est\u00e1 se aprofundando porque jovens pobres n\u00e3o t\u00eam como estudar\u201d, diz a deputada federal T\u00e1bata Amaral (PDT-SP), que apresentou projeto de lei para que trabalhadores da educa\u00e7\u00e3o sejam vacinados com os de sa\u00fade. Segundo ela, h\u00e1 muitos profissionais de grupos de risco que tamb\u00e9m precisam voltar para que as escolas funcionem plenamente. \u201cSe a gente entende que educa\u00e7\u00e3o \u00e9 essencial, que o direito \u00e0 educa\u00e7\u00e3o \u00e9 inegoci\u00e1vel, temos de mostrar isso com a prioriza\u00e7\u00e3o da vacina.\u201d<\/p>\n<p><strong>Minoria das escolas p\u00fablicas voltou a funcionar<\/strong><\/p>\n<p>Pesquisas mostram que uma minoria de escolas p\u00fablicas voltou a funcionar. Educadores t\u00eam resistido \u00e0 retomada, alegando falta de estrutura para protocolos. O sindicato dos professores estaduais (Apeoesp) pediu tamb\u00e9m a Doria a prioridade. \u201cAp\u00f3s os idosos e os trabalhadores de sa\u00fade, tem de vir os professores\u201d, diz a presidente do Conselho Nacional de Educa\u00e7\u00e3o (CNE), Maria Helena Guimar\u00e3es de Castro. A pandemia deve levar ao abandono de alunos, d\u00e9ficit de aprendizagem e problemas emocionais. Apesar da defesa, os especialistas n\u00e3o condicionam a volta da escola \u00e0 vacina.<\/p>\n<p>Vice-presidente da Sociedade Brasileira de Imuniza\u00e7\u00f5es, Isabella Ballalai diz que, com a quantidade de doses previstas, \u00e9 correto priorizar idosos e trabalhadores de sa\u00fade. \u201cAs escolas que voltaram mostram que n\u00e3o h\u00e1 surtos, a maioria \u00e9 contaminada fora. Os professores n\u00e3o s\u00e3o o grupo de maior risco.\u201d<\/p>\n<p><strong>SP prev\u00ea imunizar at\u00e9 julho trabalhadores da educa\u00e7\u00e3o<\/strong><\/p>\n<p>Ao divulgar seu plano de vacina\u00e7\u00e3o, a gest\u00e3o Jo\u00e3o Doria (PSDB) n\u00e3o incluiu trabalhadores considerados essenciais, fora os da sa\u00fade. Isso fez com que na semana passada diversos grupos passassem a pedir prioridade na imuniza\u00e7\u00e3o em S\u00e3o Paulo. Al\u00e9m dos professores, policiais civis, motoristas de \u00f4nibus e promotores solicitaram a inclus\u00e3o na primeira fila da vacina.<\/p>\n<p>Questionada pelo Estad\u00e3o, Regiane de Paula, coordenadora de Controle de Doen\u00e7as da Secretaria Estadual de Sa\u00fade, disse que os trabalhadores da educa\u00e7\u00e3o e de outros setores essenciais devem ser vacinados ainda no primeiro semestre de 2021. Ela diz que foi priorizado o grupo com maior n\u00famero de \u00f3bitos, idosos com 60 anos ou mais, trabalhadores de sa\u00fade, ind\u00edgenas e quilombolas, em um total de 9 milh\u00f5es. \u201cMas em momento algum deixamos de olhar para os demais grupos que estar\u00e3o nas pr\u00f3ximas fases.\u201d<\/p>\n<p>A associa\u00e7\u00e3o de policiais afirmou em nota que \u201caqui n\u00e3o teve home office\u201d. Representantes dos motoristas disseram que eles est\u00e3o \u201cna linha de frente junto \u00e0 popula\u00e7\u00e3o\u201d. Maria Izabel Noronha, presidente do sindicato dos professores (Apeoesp) e deputada estadual pelo PT, afirma que os docentes n\u00e3o voltar\u00e3o \u00e0s escolas estaduais enquanto n\u00e3o tomarem a vacina. \u201cPor que temos que ir com cara e coragem?\u201d<\/p>\n<p>Segundo Regiane, todos os profissionais de sa\u00fade ser\u00e3o vacinados e n\u00e3o apenas os que est\u00e3o na linha de frente. Os que est\u00e3o em hospitais e unidades b\u00e1sicas ser\u00e3o imunizados em seus ambientes de trabalho. O restante, em postos de vacina\u00e7\u00e3o.<\/p>\n<p>O uso da Coronavac, desenvolvida pela chinesa Sinovac e que ser\u00e1 produzida pelo Instituto Butant\u00e3, est\u00e1 condicionado \u00e0 apresenta\u00e7\u00e3o dos resultados de efic\u00e1cia, que devem ser divulgados at\u00e9 esta ter\u00e7a-feira, 15, segundo promessa do Butant\u00e3. Falta tamb\u00e9m o registro na Ag\u00eancia Nacional de Vigil\u00e2ncia Sanit\u00e1ria (Anvisa).<\/p>\n","protected":false},"excerpt":{"rendered":"<p>A proximidade da vacina e a limita\u00e7\u00e3o de doses trazem ao Brasil o debate mundial sobre quem deve ser o primeiro a receber a imuniza\u00e7\u00e3o contra covid-19: os que t\u00eam mais risco de morte ou os trabalhadores considerados essenciais, com mais chance de contrair e transmitir o coronav\u00edrus? H\u00e1 certo consenso de que idosos e [&hellip;]<\/p>\n","protected":false},"author":4,"featured_media":0,"comment_status":"closed","ping_status":"closed","sticky":false,"template":"","format":"standard","meta":{"footnotes":"","_links_to":"","_links_to_target":""},"categories":[9],"tags":[],"class_list":["post-12795","post","type-post","status-publish","format-standard","hentry","category-noticias-da-imprensa"],"yoast_head":"<!-- This site is optimized with the Yoast SEO plugin v15.1 - https:\/\/yoast.com\/wordpress\/plugins\/seo\/ -->\n<title>Crise educacional eleva press\u00e3o para professor ter prioridade na fila da vacina da covid-19 &raquo; Abrelivros<\/title>\n<meta name=\"robots\" content=\"index, follow, max-snippet:-1, max-image-preview:large, max-video-preview:-1\" \/>\n<link rel=\"canonical\" href=\"https:\/\/abrelivros.org.br\/site\/crise-educacional-eleva-pressao-para-professor-ter-prioridade-na-fila-da-vacina-da-covid-19\/\" \/>\n<meta property=\"og:locale\" content=\"pt_BR\" \/>\n<meta property=\"og:type\" content=\"article\" \/>\n<meta property=\"og:title\" content=\"Crise educacional eleva press\u00e3o para professor ter prioridade na fila da vacina da covid-19 &raquo; Abrelivros\" \/>\n<meta property=\"og:description\" content=\"A proximidade da vacina e a limita\u00e7\u00e3o de doses trazem ao Brasil o debate mundial sobre quem deve ser o primeiro a receber a imuniza\u00e7\u00e3o contra covid-19: os que t\u00eam mais risco de morte ou os trabalhadores considerados essenciais, com mais chance de contrair e transmitir o coronav\u00edrus? H\u00e1 certo consenso de que idosos e [&hellip;]\" \/>\n<meta property=\"og:url\" content=\"https:\/\/abrelivros.org.br\/site\/crise-educacional-eleva-pressao-para-professor-ter-prioridade-na-fila-da-vacina-da-covid-19\/\" \/>\n<meta property=\"og:site_name\" content=\"Abrelivros\" \/>\n<meta property=\"article:published_time\" content=\"2020-12-14T18:47:44+00:00\" \/>\n<meta name=\"twitter:card\" content=\"summary_large_image\" \/>\n<script type=\"application\/ld+json\" class=\"yoast-schema-graph\">{\"@context\":\"https:\/\/schema.org\",\"@graph\":[{\"@type\":\"WebSite\",\"@id\":\"https:\/\/abrelivros.org.br\/site\/#website\",\"url\":\"https:\/\/abrelivros.org.br\/site\/\",\"name\":\"Abrelivros\",\"description\":\"\",\"potentialAction\":[{\"@type\":\"SearchAction\",\"target\":\"https:\/\/abrelivros.org.br\/site\/?s={search_term_string}\",\"query-input\":\"required name=search_term_string\"}],\"inLanguage\":\"pt-BR\"},{\"@type\":\"WebPage\",\"@id\":\"https:\/\/abrelivros.org.br\/site\/crise-educacional-eleva-pressao-para-professor-ter-prioridade-na-fila-da-vacina-da-covid-19\/#webpage\",\"url\":\"https:\/\/abrelivros.org.br\/site\/crise-educacional-eleva-pressao-para-professor-ter-prioridade-na-fila-da-vacina-da-covid-19\/\",\"name\":\"Crise educacional eleva press\\u00e3o para professor ter prioridade na fila da vacina da covid-19 &raquo; Abrelivros\",\"isPartOf\":{\"@id\":\"https:\/\/abrelivros.org.br\/site\/#website\"},\"datePublished\":\"2020-12-14T18:47:44+00:00\",\"dateModified\":\"2020-12-14T18:47:44+00:00\",\"author\":{\"@id\":\"https:\/\/abrelivros.org.br\/site\/#\/schema\/person\/65db80e26409802ce15ac5feec6a15fd\"},\"breadcrumb\":{\"@id\":\"https:\/\/abrelivros.org.br\/site\/crise-educacional-eleva-pressao-para-professor-ter-prioridade-na-fila-da-vacina-da-covid-19\/#breadcrumb\"},\"inLanguage\":\"pt-BR\",\"potentialAction\":[{\"@type\":\"ReadAction\",\"target\":[\"https:\/\/abrelivros.org.br\/site\/crise-educacional-eleva-pressao-para-professor-ter-prioridade-na-fila-da-vacina-da-covid-19\/\"]}]},{\"@type\":\"BreadcrumbList\",\"@id\":\"https:\/\/abrelivros.org.br\/site\/crise-educacional-eleva-pressao-para-professor-ter-prioridade-na-fila-da-vacina-da-covid-19\/#breadcrumb\",\"itemListElement\":[{\"@type\":\"ListItem\",\"position\":1,\"item\":{\"@type\":\"WebPage\",\"@id\":\"https:\/\/abrelivros.org.br\/site\/\",\"url\":\"https:\/\/abrelivros.org.br\/site\/\",\"name\":\"In\\u00edcio\"}},{\"@type\":\"ListItem\",\"position\":2,\"item\":{\"@type\":\"WebPage\",\"@id\":\"https:\/\/abrelivros.org.br\/site\/category\/noticias\/\",\"url\":\"https:\/\/abrelivros.org.br\/site\/category\/noticias\/\",\"name\":\"Not\\u00edcias\"}},{\"@type\":\"ListItem\",\"position\":3,\"item\":{\"@type\":\"WebPage\",\"@id\":\"https:\/\/abrelivros.org.br\/site\/category\/noticias\/noticias-da-imprensa\/\",\"url\":\"https:\/\/abrelivros.org.br\/site\/category\/noticias\/noticias-da-imprensa\/\",\"name\":\"Not\\u00edcias da imprensa\"}},{\"@type\":\"ListItem\",\"position\":4,\"item\":{\"@type\":\"WebPage\",\"@id\":\"https:\/\/abrelivros.org.br\/site\/crise-educacional-eleva-pressao-para-professor-ter-prioridade-na-fila-da-vacina-da-covid-19\/\",\"url\":\"https:\/\/abrelivros.org.br\/site\/crise-educacional-eleva-pressao-para-professor-ter-prioridade-na-fila-da-vacina-da-covid-19\/\",\"name\":\"Crise educacional eleva press\\u00e3o para professor ter prioridade na fila da vacina da covid-19\"}}]},{\"@type\":\"Person\",\"@id\":\"https:\/\/abrelivros.org.br\/site\/#\/schema\/person\/65db80e26409802ce15ac5feec6a15fd\",\"name\":\"Reda\\u00e7\\u00e3o Abrelivros\",\"image\":{\"@type\":\"ImageObject\",\"@id\":\"https:\/\/abrelivros.org.br\/site\/#personlogo\",\"inLanguage\":\"pt-BR\",\"url\":\"https:\/\/secure.gravatar.com\/avatar\/c4e57f9c7e3482965bd428192061218520756c39080b1d1820b679fa5e9af192?s=96&d=mm&r=g\",\"caption\":\"Reda\\u00e7\\u00e3o Abrelivros\"}}]}<\/script>\n<!-- \/ Yoast SEO plugin. -->","_links":{"self":[{"href":"https:\/\/abrelivros.org.br\/site\/wp-json\/wp\/v2\/posts\/12795","targetHints":{"allow":["GET"]}}],"collection":[{"href":"https:\/\/abrelivros.org.br\/site\/wp-json\/wp\/v2\/posts"}],"about":[{"href":"https:\/\/abrelivros.org.br\/site\/wp-json\/wp\/v2\/types\/post"}],"author":[{"embeddable":true,"href":"https:\/\/abrelivros.org.br\/site\/wp-json\/wp\/v2\/users\/4"}],"replies":[{"embeddable":true,"href":"https:\/\/abrelivros.org.br\/site\/wp-json\/wp\/v2\/comments?post=12795"}],"version-history":[{"count":1,"href":"https:\/\/abrelivros.org.br\/site\/wp-json\/wp\/v2\/posts\/12795\/revisions"}],"predecessor-version":[{"id":12796,"href":"https:\/\/abrelivros.org.br\/site\/wp-json\/wp\/v2\/posts\/12795\/revisions\/12796"}],"wp:attachment":[{"href":"https:\/\/abrelivros.org.br\/site\/wp-json\/wp\/v2\/media?parent=12795"}],"wp:term":[{"taxonomy":"category","embeddable":true,"href":"https:\/\/abrelivros.org.br\/site\/wp-json\/wp\/v2\/categories?post=12795"},{"taxonomy":"post_tag","embeddable":true,"href":"https:\/\/abrelivros.org.br\/site\/wp-json\/wp\/v2\/tags?post=12795"}],"curies":[{"name":"wp","href":"https:\/\/api.w.org\/{rel}","templated":true}]}}