{"id":12793,"date":"2020-12-14T15:41:41","date_gmt":"2020-12-14T18:41:41","guid":{"rendered":"https:\/\/abrelivros.org.br\/site\/?p=12793"},"modified":"2020-12-15T15:43:38","modified_gmt":"2020-12-15T18:43:38","slug":"senado-deve-votar-regulamentacao-do-novo-fundeb-nesta-semana","status":"publish","type":"post","link":"https:\/\/abrelivros.org.br\/site\/senado-deve-votar-regulamentacao-do-novo-fundeb-nesta-semana\/","title":{"rendered":"Senado deve votar regulamenta\u00e7\u00e3o do novo Fundeb nesta semana"},"content":{"rendered":"<p>O Senado deve votar nesta semana o Projeto de Lei (PL) 4.372\/2020, que regulamenta o novo Fundo de Manuten\u00e7\u00e3o e Desenvolvimento da Educa\u00e7\u00e3o B\u00e1sica e de Valoriza\u00e7\u00e3o dos Profissionais da Educa\u00e7\u00e3o (Fundeb). O Projeto de Emenda \u00e0 Constitui\u00e7\u00e3o (PEC) que torna o fundo permanente foi aprovado pelo Congresso em agosto e <a href=\"https:\/\/agenciabrasil.ebc.com.br\/educacao\/noticia\/2020-08\/senado-aprova-pec-do-fundeb-que-segue-para-promulgacao\" target=\"_blank\" rel=\"noopener noreferrer\">promulgado<\/a>.<!--more--><\/p>\n<p>A regulamenta\u00e7\u00e3o de que trata o PL 4.372 \u00e9 necess\u00e1ria para que os recursos do fundo possam ser utilizados em 2021. Por isso, ele precisa ser aprovado ainda este ano. De acordo com o senador Izalci Lucas (PSDB-DF), o presidente da Casa, Davi Alcolumbre, pautar\u00e1 o projeto para a pr\u00f3xima sess\u00e3o, na ter\u00e7a-feira (15). O PL foi aprovado pela C\u00e2mara na \u00faltima quinta-feira (10).<\/p>\n<p>O texto define detalhes do repasse de recursos do fundo \u00e0s escolas. Na aprova\u00e7\u00e3o, os deputados inclu\u00edram a possibilidade de destina\u00e7\u00e3o de 10% dos recursos do Fundeb para institui\u00e7\u00f5es filantr\u00f3picas comunit\u00e1rias, confessionais e para educa\u00e7\u00e3o profissionalizante, inclusive promovida por entidades do Sistema S (Senai e Senac) &#8211; j\u00e1 financiadas pela taxa\u00e7\u00e3o de 2,5% sobre a folha de pagamento das empresas brasileiras. Esses valores s\u00e3o recolhidos com os tributos do Instituto Nacional do Seguro Social (INSS).<\/p>\n<p>O Fundeb atende todas as etapas anteriores ao ensino superior e representa 63% do investimento p\u00fablico em educa\u00e7\u00e3o b\u00e1sica. Os recursos do fundo s\u00e3o destinados \u00e0s redes estaduais e municipais de educa\u00e7\u00e3o, conforme o n\u00famero de alunos matriculados na educa\u00e7\u00e3o b\u00e1sica. O fundo foi criado em 2007, substituindo o Fundo de Manuten\u00e7\u00e3o e Desenvolvimento do Ensino Fundamental e de Valoriza\u00e7\u00e3o do Magist\u00e9rio (Fundef), e perderia a validade no final de 2020.<\/p>\n<p>O investimento do pa\u00eds em educa\u00e7\u00e3o \u00e9, atualmente, de R$ 3,6 mil por aluno. Na estimativa do senador Fl\u00e1vio Arns (Podemos-PR), relator da PEC do Fundeb no Senado, o investimento chegar\u00e1 a R$ 5,5 mil por aluno em 2026. Ainda em agosto do ano passado, na \u00e9poca da vota\u00e7\u00e3o da PEC na Casa, ele afirmou que se o Fundeb n\u00e3o existisse, o investimento seria em torno de R$ 500 por aluno.<\/p>\n<p>&nbsp;<\/p>\n","protected":false},"excerpt":{"rendered":"<p>O Senado deve votar nesta semana o Projeto de Lei (PL) 4.372\/2020, que regulamenta o novo Fundo de Manuten\u00e7\u00e3o e Desenvolvimento da Educa\u00e7\u00e3o B\u00e1sica e de Valoriza\u00e7\u00e3o dos Profissionais da Educa\u00e7\u00e3o (Fundeb). O Projeto de Emenda \u00e0 Constitui\u00e7\u00e3o (PEC) que torna o fundo permanente foi aprovado pelo Congresso em agosto e promulgado.<\/p>\n","protected":false},"author":4,"featured_media":0,"comment_status":"closed","ping_status":"closed","sticky":false,"template":"","format":"standard","meta":{"footnotes":"","_links_to":"","_links_to_target":""},"categories":[9],"tags":[],"class_list":["post-12793","post","type-post","status-publish","format-standard","hentry","category-noticias-da-imprensa"],"yoast_head":"<!-- This site is optimized with the Yoast SEO plugin v15.1 - https:\/\/yoast.com\/wordpress\/plugins\/seo\/ -->\n<title>Senado deve votar regulamenta\u00e7\u00e3o do novo Fundeb nesta semana &raquo; Abrelivros<\/title>\n<meta name=\"robots\" content=\"index, follow, max-snippet:-1, max-image-preview:large, max-video-preview:-1\" \/>\n<link rel=\"canonical\" href=\"https:\/\/abrelivros.org.br\/site\/senado-deve-votar-regulamentacao-do-novo-fundeb-nesta-semana\/\" \/>\n<meta property=\"og:locale\" content=\"pt_BR\" \/>\n<meta property=\"og:type\" content=\"article\" \/>\n<meta property=\"og:title\" content=\"Senado deve votar regulamenta\u00e7\u00e3o do novo Fundeb nesta semana &raquo; Abrelivros\" \/>\n<meta property=\"og:description\" content=\"O Senado deve votar nesta semana o Projeto de Lei (PL) 4.372\/2020, que regulamenta o novo Fundo de Manuten\u00e7\u00e3o e Desenvolvimento da Educa\u00e7\u00e3o B\u00e1sica e de Valoriza\u00e7\u00e3o dos Profissionais da Educa\u00e7\u00e3o (Fundeb). O Projeto de Emenda \u00e0 Constitui\u00e7\u00e3o (PEC) que torna o fundo permanente foi aprovado pelo Congresso em agosto e promulgado.\" \/>\n<meta property=\"og:url\" content=\"https:\/\/abrelivros.org.br\/site\/senado-deve-votar-regulamentacao-do-novo-fundeb-nesta-semana\/\" \/>\n<meta property=\"og:site_name\" content=\"Abrelivros\" \/>\n<meta property=\"article:published_time\" content=\"2020-12-14T18:41:41+00:00\" \/>\n<meta property=\"article:modified_time\" content=\"2020-12-15T18:43:38+00:00\" \/>\n<meta name=\"twitter:card\" content=\"summary_large_image\" \/>\n<script type=\"application\/ld+json\" class=\"yoast-schema-graph\">{\"@context\":\"https:\/\/schema.org\",\"@graph\":[{\"@type\":\"WebSite\",\"@id\":\"https:\/\/abrelivros.org.br\/site\/#website\",\"url\":\"https:\/\/abrelivros.org.br\/site\/\",\"name\":\"Abrelivros\",\"description\":\"\",\"potentialAction\":[{\"@type\":\"SearchAction\",\"target\":\"https:\/\/abrelivros.org.br\/site\/?s={search_term_string}\",\"query-input\":\"required name=search_term_string\"}],\"inLanguage\":\"pt-BR\"},{\"@type\":\"WebPage\",\"@id\":\"https:\/\/abrelivros.org.br\/site\/senado-deve-votar-regulamentacao-do-novo-fundeb-nesta-semana\/#webpage\",\"url\":\"https:\/\/abrelivros.org.br\/site\/senado-deve-votar-regulamentacao-do-novo-fundeb-nesta-semana\/\",\"name\":\"Senado deve votar regulamenta\\u00e7\\u00e3o do novo Fundeb nesta semana &raquo; Abrelivros\",\"isPartOf\":{\"@id\":\"https:\/\/abrelivros.org.br\/site\/#website\"},\"datePublished\":\"2020-12-14T18:41:41+00:00\",\"dateModified\":\"2020-12-15T18:43:38+00:00\",\"author\":{\"@id\":\"https:\/\/abrelivros.org.br\/site\/#\/schema\/person\/65db80e26409802ce15ac5feec6a15fd\"},\"breadcrumb\":{\"@id\":\"https:\/\/abrelivros.org.br\/site\/senado-deve-votar-regulamentacao-do-novo-fundeb-nesta-semana\/#breadcrumb\"},\"inLanguage\":\"pt-BR\",\"potentialAction\":[{\"@type\":\"ReadAction\",\"target\":[\"https:\/\/abrelivros.org.br\/site\/senado-deve-votar-regulamentacao-do-novo-fundeb-nesta-semana\/\"]}]},{\"@type\":\"BreadcrumbList\",\"@id\":\"https:\/\/abrelivros.org.br\/site\/senado-deve-votar-regulamentacao-do-novo-fundeb-nesta-semana\/#breadcrumb\",\"itemListElement\":[{\"@type\":\"ListItem\",\"position\":1,\"item\":{\"@type\":\"WebPage\",\"@id\":\"https:\/\/abrelivros.org.br\/site\/\",\"url\":\"https:\/\/abrelivros.org.br\/site\/\",\"name\":\"In\\u00edcio\"}},{\"@type\":\"ListItem\",\"position\":2,\"item\":{\"@type\":\"WebPage\",\"@id\":\"https:\/\/abrelivros.org.br\/site\/category\/noticias\/\",\"url\":\"https:\/\/abrelivros.org.br\/site\/category\/noticias\/\",\"name\":\"Not\\u00edcias\"}},{\"@type\":\"ListItem\",\"position\":3,\"item\":{\"@type\":\"WebPage\",\"@id\":\"https:\/\/abrelivros.org.br\/site\/category\/noticias\/noticias-da-imprensa\/\",\"url\":\"https:\/\/abrelivros.org.br\/site\/category\/noticias\/noticias-da-imprensa\/\",\"name\":\"Not\\u00edcias da imprensa\"}},{\"@type\":\"ListItem\",\"position\":4,\"item\":{\"@type\":\"WebPage\",\"@id\":\"https:\/\/abrelivros.org.br\/site\/senado-deve-votar-regulamentacao-do-novo-fundeb-nesta-semana\/\",\"url\":\"https:\/\/abrelivros.org.br\/site\/senado-deve-votar-regulamentacao-do-novo-fundeb-nesta-semana\/\",\"name\":\"Senado deve votar regulamenta\\u00e7\\u00e3o do novo Fundeb nesta semana\"}}]},{\"@type\":\"Person\",\"@id\":\"https:\/\/abrelivros.org.br\/site\/#\/schema\/person\/65db80e26409802ce15ac5feec6a15fd\",\"name\":\"Reda\\u00e7\\u00e3o Abrelivros\",\"image\":{\"@type\":\"ImageObject\",\"@id\":\"https:\/\/abrelivros.org.br\/site\/#personlogo\",\"inLanguage\":\"pt-BR\",\"url\":\"https:\/\/secure.gravatar.com\/avatar\/c4e57f9c7e3482965bd428192061218520756c39080b1d1820b679fa5e9af192?s=96&d=mm&r=g\",\"caption\":\"Reda\\u00e7\\u00e3o Abrelivros\"}}]}<\/script>\n<!-- \/ Yoast SEO plugin. -->","_links":{"self":[{"href":"https:\/\/abrelivros.org.br\/site\/wp-json\/wp\/v2\/posts\/12793","targetHints":{"allow":["GET"]}}],"collection":[{"href":"https:\/\/abrelivros.org.br\/site\/wp-json\/wp\/v2\/posts"}],"about":[{"href":"https:\/\/abrelivros.org.br\/site\/wp-json\/wp\/v2\/types\/post"}],"author":[{"embeddable":true,"href":"https:\/\/abrelivros.org.br\/site\/wp-json\/wp\/v2\/users\/4"}],"replies":[{"embeddable":true,"href":"https:\/\/abrelivros.org.br\/site\/wp-json\/wp\/v2\/comments?post=12793"}],"version-history":[{"count":1,"href":"https:\/\/abrelivros.org.br\/site\/wp-json\/wp\/v2\/posts\/12793\/revisions"}],"predecessor-version":[{"id":12794,"href":"https:\/\/abrelivros.org.br\/site\/wp-json\/wp\/v2\/posts\/12793\/revisions\/12794"}],"wp:attachment":[{"href":"https:\/\/abrelivros.org.br\/site\/wp-json\/wp\/v2\/media?parent=12793"}],"wp:term":[{"taxonomy":"category","embeddable":true,"href":"https:\/\/abrelivros.org.br\/site\/wp-json\/wp\/v2\/categories?post=12793"},{"taxonomy":"post_tag","embeddable":true,"href":"https:\/\/abrelivros.org.br\/site\/wp-json\/wp\/v2\/tags?post=12793"}],"curies":[{"name":"wp","href":"https:\/\/api.w.org\/{rel}","templated":true}]}}