{"id":12787,"date":"2020-12-14T15:22:10","date_gmt":"2020-12-14T18:22:10","guid":{"rendered":"https:\/\/abrelivros.org.br\/site\/?p=12787"},"modified":"2020-12-14T15:22:10","modified_gmt":"2020-12-14T18:22:10","slug":"so-3-dos-alunos-de-4-a-17-anos-do-pais-voltaram-a-ter-aulas-presenciais-neste-ano","status":"publish","type":"post","link":"https:\/\/abrelivros.org.br\/site\/so-3-dos-alunos-de-4-a-17-anos-do-pais-voltaram-a-ter-aulas-presenciais-neste-ano\/","title":{"rendered":"S\u00f3 3% dos alunos de 4 a 17 anos do pa\u00eds voltaram a ter aulas presenciais neste ano"},"content":{"rendered":"<p>Apesar da<a href=\"https:\/\/www1.folha.uol.com.br\/educacao\/2020\/09\/covas-autoriza-atividades-extracurriculares-nas-escolas-e-aulas-regulares-nas-universidades.shtml\" target=\"_blank\" rel=\"noopener noreferrer\"> reabertura gradual e parcial de escolas<\/a> pelo pa\u00eds, apenas 3% das fam\u00edlias brasileiras disseram que seus filhos participaram de <a href=\"https:\/\/www1.folha.uol.com.br\/equilibrioesaude\/2020\/12\/maioria-dos-paises-mantem-escolas-abertas-mesmo-com-nova-alta-de-casos.shtml\" target=\"_blank\" rel=\"noopener noreferrer\">atividades presenciais<\/a> em novembro. Em 97% dos lares brasileiros, as crian\u00e7as est\u00e3o h\u00e1 mais de <a href=\"https:\/\/www1.folha.uol.com.br\/equilibrioesaude\/2020\/12\/maioria-dos-paises-mantem-escolas-abertas-mesmo-com-nova-alta-de-casos.shtmlhttps:\/\/www1.folha.uol.com.br\/equilibrioesaude\/2020\/12\/maioria-dos-paises-mantem-escolas-abertas-mesmo-com-nova-alta-de-casos.shtml\" target=\"_blank\" rel=\"noopener noreferrer\">nove meses sem ir \u00e0 escola<\/a>.<!--more--><\/p>\n<p>Os dados s\u00e3o da pesquisa Impactos Prim\u00e1rios e Secund\u00e1rios da Covid-19 em Crian\u00e7as e Adolescentes, feita pelo <a href=\"https:\/\/www1.folha.uol.com.br\/educacao\/2020\/09\/priorizar-escolas-nao-e-abrir-ja-mas-nao-da-para-esperar-controle-total-da-pandemia-diz-representante-do-unicef.shtml\" target=\"_blank\" rel=\"noopener noreferrer\">Unicef<\/a> (bra\u00e7o das Na\u00e7\u00f5es Unidas para direitos das crian\u00e7as e dos adolescentes) e divulgada nesta sexta (11).<\/p>\n<p>Entre 29 de outubro e 13 de novembro, foram entrevistadas 1.516 pessoas que moram com menores de 18 anos em todas as regi\u00f5es do pa\u00eds. A margem de erro \u00e9 de 3 pontos percentuais para mais ou para menos.<\/p>\n<p>A pesquisa identificou que 9% das fam\u00edlias disseram que as escolas onde os filhos, de 4 a 17 anos, est\u00e3o matriculados <a href=\"https:\/\/www1.folha.uol.com.br\/educacao\/2020\/11\/estados-querem-escolas-abertas-mesmo-em-fases-mais-restritivas-da-pandemia.shtml\" target=\"_blank\" rel=\"noopener noreferrer\">reabriram<\/a>. No entanto, apenas 3% diz que as crian\u00e7as e adolescentes participaram de atividades presenciais.<\/p>\n<p>A reabertura das escolas ocorreu de forma mais intensa entre as fam\u00edlias de maior renda. Entre os que t\u00eam renda familiar superior a 5 sal\u00e1rios m\u00ednimos, 22% disseram que os col\u00e9gios retomaram as atividades presenciais.<\/p>\n<p>\u201cA desigualdade educacional no pa\u00eds j\u00e1 era muito grande e foi evidenciada e ampliada com a pandemia. \u00c9 preciso tomar cuidado para que o retorno das aulas presenciais n\u00e3o seja mais um fator de amplia\u00e7\u00e3o dessas desigualdades\u201d, dissse Florence Bauer, representante do Unicef no Brasil.<\/p>\n<p>Os dados ainda mostram que houve <a href=\"https:\/\/www1.folha.uol.com.br\/educacao\/2020\/11\/4-em-cada-5-pais-em-sp-e-rj-dizem-que-aproveitamento-escolar-dos-filhos-piorou-na-pandemia.shtml\" target=\"_blank\" rel=\"noopener noreferrer\">queda do acompanhamento dos estudantes<\/a> nas atividades remotas nos \u00faltimos meses. Em outubro, 63% responderam que os filhos faziam aulas e li\u00e7\u00f5es a dist\u00e2ncia cinco vezes na semana. Em novembro, o n\u00famero caiu para 52%<\/p>\n<p>Em 50% das fam\u00edlias, os alunos levam menos de duas horas para fazer as atividades remotas. Apenas 11% diz que as crian\u00e7as passam cinco horas estudando em casa, o equivalente \u00e0 jornada regular das escolas.<\/p>\n<p>O Unicef tamb\u00e9m destaca que a renda das fam\u00edlias com crian\u00e7as e adolescentes caiu e que aumentou o n\u00famero de pessoas que n\u00e3o conseguiram se alimentar adequadamente. Em 8% das casas com menores de idade, os respons\u00e1veis responderam que deixaram de comer por falta de dinheiro, o que atinge 5,5 milh\u00f5es de brasileiros. Nas fam\u00edlias das classes D e E, esse \u00edndice chega a 19%.<\/p>\n<p>A pesquisa tamb\u00e9m mostra que a pandemia agravou a situa\u00e7\u00e3o das fam\u00edlias de baixa renda. Nas casas que viviam com at\u00e9 um sal\u00e1rio m\u00ednimo, 69% dizem ter tido redu\u00e7\u00e3o no or\u00e7amento domiciliar.<\/p>\n<p>&#8220;As disparidades aumentaram em todas as \u00e1reas, todos os indicadores da pesquisa apontam para o aumento das desigualdades. \u00c9 preciso urgentemente que se fortale\u00e7a pol\u00edticas de prote\u00e7\u00e3o social&#8221;, disse Bauer.<\/p>\n","protected":false},"excerpt":{"rendered":"<p>Apesar da reabertura gradual e parcial de escolas pelo pa\u00eds, apenas 3% das fam\u00edlias brasileiras disseram que seus filhos participaram de atividades presenciais em novembro. Em 97% dos lares brasileiros, as crian\u00e7as est\u00e3o h\u00e1 mais de nove meses sem ir \u00e0 escola.<\/p>\n","protected":false},"author":4,"featured_media":0,"comment_status":"closed","ping_status":"closed","sticky":false,"template":"","format":"standard","meta":{"footnotes":"","_links_to":"","_links_to_target":""},"categories":[9],"tags":[],"class_list":["post-12787","post","type-post","status-publish","format-standard","hentry","category-noticias-da-imprensa"],"yoast_head":"<!-- This site is optimized with the Yoast SEO plugin v15.1 - https:\/\/yoast.com\/wordpress\/plugins\/seo\/ -->\n<title>S\u00f3 3% dos alunos de 4 a 17 anos do pa\u00eds voltaram a ter aulas presenciais neste ano &raquo; Abrelivros<\/title>\n<meta name=\"robots\" content=\"index, follow, max-snippet:-1, max-image-preview:large, max-video-preview:-1\" \/>\n<link rel=\"canonical\" href=\"https:\/\/abrelivros.org.br\/site\/so-3-dos-alunos-de-4-a-17-anos-do-pais-voltaram-a-ter-aulas-presenciais-neste-ano\/\" \/>\n<meta property=\"og:locale\" content=\"pt_BR\" \/>\n<meta property=\"og:type\" content=\"article\" \/>\n<meta property=\"og:title\" content=\"S\u00f3 3% dos alunos de 4 a 17 anos do pa\u00eds voltaram a ter aulas presenciais neste ano &raquo; Abrelivros\" \/>\n<meta property=\"og:description\" content=\"Apesar da reabertura gradual e parcial de escolas pelo pa\u00eds, apenas 3% das fam\u00edlias brasileiras disseram que seus filhos participaram de atividades presenciais em novembro. Em 97% dos lares brasileiros, as crian\u00e7as est\u00e3o h\u00e1 mais de nove meses sem ir \u00e0 escola.\" \/>\n<meta property=\"og:url\" content=\"https:\/\/abrelivros.org.br\/site\/so-3-dos-alunos-de-4-a-17-anos-do-pais-voltaram-a-ter-aulas-presenciais-neste-ano\/\" \/>\n<meta property=\"og:site_name\" content=\"Abrelivros\" \/>\n<meta property=\"article:published_time\" content=\"2020-12-14T18:22:10+00:00\" \/>\n<meta name=\"twitter:card\" content=\"summary_large_image\" \/>\n<script type=\"application\/ld+json\" class=\"yoast-schema-graph\">{\"@context\":\"https:\/\/schema.org\",\"@graph\":[{\"@type\":\"WebSite\",\"@id\":\"https:\/\/abrelivros.org.br\/site\/#website\",\"url\":\"https:\/\/abrelivros.org.br\/site\/\",\"name\":\"Abrelivros\",\"description\":\"\",\"potentialAction\":[{\"@type\":\"SearchAction\",\"target\":\"https:\/\/abrelivros.org.br\/site\/?s={search_term_string}\",\"query-input\":\"required name=search_term_string\"}],\"inLanguage\":\"pt-BR\"},{\"@type\":\"WebPage\",\"@id\":\"https:\/\/abrelivros.org.br\/site\/so-3-dos-alunos-de-4-a-17-anos-do-pais-voltaram-a-ter-aulas-presenciais-neste-ano\/#webpage\",\"url\":\"https:\/\/abrelivros.org.br\/site\/so-3-dos-alunos-de-4-a-17-anos-do-pais-voltaram-a-ter-aulas-presenciais-neste-ano\/\",\"name\":\"S\\u00f3 3% dos alunos de 4 a 17 anos do pa\\u00eds voltaram a ter aulas presenciais neste ano &raquo; Abrelivros\",\"isPartOf\":{\"@id\":\"https:\/\/abrelivros.org.br\/site\/#website\"},\"datePublished\":\"2020-12-14T18:22:10+00:00\",\"dateModified\":\"2020-12-14T18:22:10+00:00\",\"author\":{\"@id\":\"https:\/\/abrelivros.org.br\/site\/#\/schema\/person\/65db80e26409802ce15ac5feec6a15fd\"},\"breadcrumb\":{\"@id\":\"https:\/\/abrelivros.org.br\/site\/so-3-dos-alunos-de-4-a-17-anos-do-pais-voltaram-a-ter-aulas-presenciais-neste-ano\/#breadcrumb\"},\"inLanguage\":\"pt-BR\",\"potentialAction\":[{\"@type\":\"ReadAction\",\"target\":[\"https:\/\/abrelivros.org.br\/site\/so-3-dos-alunos-de-4-a-17-anos-do-pais-voltaram-a-ter-aulas-presenciais-neste-ano\/\"]}]},{\"@type\":\"BreadcrumbList\",\"@id\":\"https:\/\/abrelivros.org.br\/site\/so-3-dos-alunos-de-4-a-17-anos-do-pais-voltaram-a-ter-aulas-presenciais-neste-ano\/#breadcrumb\",\"itemListElement\":[{\"@type\":\"ListItem\",\"position\":1,\"item\":{\"@type\":\"WebPage\",\"@id\":\"https:\/\/abrelivros.org.br\/site\/\",\"url\":\"https:\/\/abrelivros.org.br\/site\/\",\"name\":\"In\\u00edcio\"}},{\"@type\":\"ListItem\",\"position\":2,\"item\":{\"@type\":\"WebPage\",\"@id\":\"https:\/\/abrelivros.org.br\/site\/category\/noticias\/\",\"url\":\"https:\/\/abrelivros.org.br\/site\/category\/noticias\/\",\"name\":\"Not\\u00edcias\"}},{\"@type\":\"ListItem\",\"position\":3,\"item\":{\"@type\":\"WebPage\",\"@id\":\"https:\/\/abrelivros.org.br\/site\/category\/noticias\/noticias-da-imprensa\/\",\"url\":\"https:\/\/abrelivros.org.br\/site\/category\/noticias\/noticias-da-imprensa\/\",\"name\":\"Not\\u00edcias da imprensa\"}},{\"@type\":\"ListItem\",\"position\":4,\"item\":{\"@type\":\"WebPage\",\"@id\":\"https:\/\/abrelivros.org.br\/site\/so-3-dos-alunos-de-4-a-17-anos-do-pais-voltaram-a-ter-aulas-presenciais-neste-ano\/\",\"url\":\"https:\/\/abrelivros.org.br\/site\/so-3-dos-alunos-de-4-a-17-anos-do-pais-voltaram-a-ter-aulas-presenciais-neste-ano\/\",\"name\":\"S\\u00f3 3% dos alunos de 4 a 17 anos do pa\\u00eds voltaram a ter aulas presenciais neste ano\"}}]},{\"@type\":\"Person\",\"@id\":\"https:\/\/abrelivros.org.br\/site\/#\/schema\/person\/65db80e26409802ce15ac5feec6a15fd\",\"name\":\"Reda\\u00e7\\u00e3o Abrelivros\",\"image\":{\"@type\":\"ImageObject\",\"@id\":\"https:\/\/abrelivros.org.br\/site\/#personlogo\",\"inLanguage\":\"pt-BR\",\"url\":\"https:\/\/secure.gravatar.com\/avatar\/c4e57f9c7e3482965bd428192061218520756c39080b1d1820b679fa5e9af192?s=96&d=mm&r=g\",\"caption\":\"Reda\\u00e7\\u00e3o Abrelivros\"}}]}<\/script>\n<!-- \/ Yoast SEO plugin. -->","_links":{"self":[{"href":"https:\/\/abrelivros.org.br\/site\/wp-json\/wp\/v2\/posts\/12787","targetHints":{"allow":["GET"]}}],"collection":[{"href":"https:\/\/abrelivros.org.br\/site\/wp-json\/wp\/v2\/posts"}],"about":[{"href":"https:\/\/abrelivros.org.br\/site\/wp-json\/wp\/v2\/types\/post"}],"author":[{"embeddable":true,"href":"https:\/\/abrelivros.org.br\/site\/wp-json\/wp\/v2\/users\/4"}],"replies":[{"embeddable":true,"href":"https:\/\/abrelivros.org.br\/site\/wp-json\/wp\/v2\/comments?post=12787"}],"version-history":[{"count":1,"href":"https:\/\/abrelivros.org.br\/site\/wp-json\/wp\/v2\/posts\/12787\/revisions"}],"predecessor-version":[{"id":12788,"href":"https:\/\/abrelivros.org.br\/site\/wp-json\/wp\/v2\/posts\/12787\/revisions\/12788"}],"wp:attachment":[{"href":"https:\/\/abrelivros.org.br\/site\/wp-json\/wp\/v2\/media?parent=12787"}],"wp:term":[{"taxonomy":"category","embeddable":true,"href":"https:\/\/abrelivros.org.br\/site\/wp-json\/wp\/v2\/categories?post=12787"},{"taxonomy":"post_tag","embeddable":true,"href":"https:\/\/abrelivros.org.br\/site\/wp-json\/wp\/v2\/tags?post=12787"}],"curies":[{"name":"wp","href":"https:\/\/api.w.org\/{rel}","templated":true}]}}