{"id":12785,"date":"2020-12-14T15:16:31","date_gmt":"2020-12-14T18:16:31","guid":{"rendered":"https:\/\/abrelivros.org.br\/site\/?p=12785"},"modified":"2020-12-14T15:16:31","modified_gmt":"2020-12-14T18:16:31","slug":"inep-monitora-evolucao-do-plano-nacional-de-educacao","status":"publish","type":"post","link":"https:\/\/abrelivros.org.br\/site\/inep-monitora-evolucao-do-plano-nacional-de-educacao\/","title":{"rendered":"Inep monitora evolu\u00e7\u00e3o do Plano Nacional de Educa\u00e7\u00e3o"},"content":{"rendered":"<p>No dia 12 de dezembro, os brasileiros celebram o Dia do Plano Nacional de Educa\u00e7\u00e3o (PNE). A data comemorativa oficial tem o objetivo de chamar a aten\u00e7\u00e3o para as metas e diretrizes elencadas no documento. O Instituto Nacional de Estudos e Pesquisas Educacionais An\u00edsio Teixeira (Inep) \u00e9 respons\u00e1vel pelos estudos que subsidiam o cumprimento dos objetivos estabelecidos. A autarquia \u00e9 encarregada da publica\u00e7\u00e3o de relat\u00f3rios bienais, al\u00e9m de dar transpar\u00eancia ao processo de evolu\u00e7\u00e3o do plano, por meio do Painel de Monitoramento do PNE.<!--more--><\/p>\n<p>A plataforma re\u00fane gr\u00e1ficos e tabelas \u2014 com desagrega\u00e7\u00f5es por regi\u00f5es, unidades da Federa\u00e7\u00e3o e perfis socioecon\u00f4micos, entre outros recortes \u2014 das 20 metas do PNE, em uma interface amig\u00e1vel para navega\u00e7\u00e3o dos interessados. Os dados s\u00e3o atualizados a cada dois anos, de acordo com a conclus\u00e3o dos relat\u00f3rios dos ciclos de monitoramento, conforme a Lei do PNE (n.\u00ba 13.005\/2014). Os resultados s\u00e3o apresentados em indicadores calculados pelo Inep. Tamb\u00e9m \u00e9 disponibilizada a base de dados usada no c\u00e1lculo e nas fichas t\u00e9cnicas de cada meta. O monitoramento \u00e9 realizado pela Diretoria de Estudos Educacionais (Dired) da autarquia.<\/p>\n<p>Lan\u00e7ado em 2016, o painel do PNE integra o InepData, um conjunto de pain\u00e9is de BI (Business Intelligence) que facilita o acesso da sociedade \u00e0s informa\u00e7\u00f5es produzidas pelo instituto. O objetivo \u00e9 que os dados disponibilizados sirvam como base de informa\u00e7\u00f5es para gestores educacionais das redes p\u00fablica e privada, organiza\u00e7\u00f5es da sociedade civil, pesquisadores e imprensa. O Inep disponibiliza tamb\u00e9m produtos, como a S\u00e9rie PNE em Movimento e os Cadernos de Estudos e Pesquisas em Pol\u00edticas Educacionais, todos voltados ao acompanhamento das metas do plano.<\/p>\n<p>Relat\u00f3rio de monitoramento \u2013 Em julho de 2020, o Inep lan\u00e7ou o Relat\u00f3rio do 3\u00ba Ciclo de Monitoramento das Metas do PNE. Entre outras informa\u00e7\u00f5es, o documento revela que 6 dos 52 indicadores com metas definidas, calculadas pelo instituto, j\u00e1 chegaram ao que estabelece o plano. De acordo com o documento, 42 indicadores t\u00eam n\u00edvel de alcance maior que 50% e 28 indicadores t\u00eam n\u00edvel maior que 80%. O n\u00edvel m\u00e9dio de alcance est\u00e1 em 75%. A evolu\u00e7\u00e3o das 20 metas do PNE s\u00e3o monitoradas, atualmente, por um total de 57 indicadores.<\/p>\n<p><strong>PNE<\/strong> \u2013 O Plano Nacional de Educa\u00e7\u00e3o estabelece 20 metas a serem atingidas em dez anos, a partir da sua institui\u00e7\u00e3o, em 2014. Os objetivos s\u00e3o direcionados \u00e0 garantia do direito \u00e0 educa\u00e7\u00e3o com qualidade, assegurando o acesso, a universalidade do ensino obrigat\u00f3rio e a amplia\u00e7\u00e3o das oportunidades educacionais. O documento tamb\u00e9m elenca metas voltadas \u00e0 redu\u00e7\u00e3o das desigualdades, \u00e0 promo\u00e7\u00e3o da diversidade, \u00e0 valoriza\u00e7\u00e3o dos profissionais da educa\u00e7\u00e3o e \u00e0 amplia\u00e7\u00e3o do investimento em educa\u00e7\u00e3o. Entre outras finalidades est\u00e3o a amplia\u00e7\u00e3o do acesso \u00e0s creches para as crian\u00e7as de 0 a 3 anos, a promo\u00e7\u00e3o da universaliza\u00e7\u00e3o da educa\u00e7\u00e3o infantil e do ensino fundamental e m\u00e9dio para a faixa et\u00e1ria de 4 a 17 anos, com a inclus\u00e3o dos jovens com defici\u00eancia. O plano tamb\u00e9m enfatiza a import\u00e2ncia da promo\u00e7\u00e3o da educa\u00e7\u00e3o de jovens e adultos, da educa\u00e7\u00e3o profissional t\u00e9cnica de n\u00edvel m\u00e9dio, assim como a educa\u00e7\u00e3o em tempo integral e a amplia\u00e7\u00e3o do acesso \u00e0 educa\u00e7\u00e3o superior. O PNE contempla, ainda, a forma\u00e7\u00e3o espec\u00edfica dos professores. Vale destacar que todos os estados e munic\u00edpios devem elaborar planejamentos espec\u00edficos para fundamentar o alcance dos objetivos previstos, considerando a situa\u00e7\u00e3o, as demandas e as necessidades locais.<\/p>\n<p><a href=\"https:\/\/inepdata.inep.gov.br\/analytics\/saw.dll?dashboard\" target=\"_blank\" rel=\"noopener noreferrer\">Painel de Monitoramento do PNE<\/a><\/p>\n<p><a href=\"https:\/\/www.gov.br\/inep\/pt-br\/areas-de-atuacao\/gestao-do-conhecimento-e-estudos-educacionais\/monitoramento-do-pne\/relatorios-de-monitoramento-do-pne\" target=\"_blank\" rel=\"noopener noreferrer\">Acesse os Relat\u00f3rios de Monitoramento do PNE<\/a><\/p>\n<p><a href=\"https:\/\/www.gov.br\/inep\/pt-br\/areas-de-atuacao\/gestao-do-conhecimento-e-estudos-educacionais\/monitoramento-do-pne\" target=\"_blank\" rel=\"noopener noreferrer\">Saiba mais sobre o monitoramento do PNE<\/a><\/p>\n","protected":false},"excerpt":{"rendered":"<p>No dia 12 de dezembro, os brasileiros celebram o Dia do Plano Nacional de Educa\u00e7\u00e3o (PNE). A data comemorativa oficial tem o objetivo de chamar a aten\u00e7\u00e3o para as metas e diretrizes elencadas no documento. O Instituto Nacional de Estudos e Pesquisas Educacionais An\u00edsio Teixeira (Inep) \u00e9 respons\u00e1vel pelos estudos que subsidiam o cumprimento dos [&hellip;]<\/p>\n","protected":false},"author":4,"featured_media":0,"comment_status":"closed","ping_status":"closed","sticky":false,"template":"","format":"standard","meta":{"footnotes":"","_links_to":"","_links_to_target":""},"categories":[9],"tags":[],"class_list":["post-12785","post","type-post","status-publish","format-standard","hentry","category-noticias-da-imprensa"],"yoast_head":"<!-- This site is optimized with the Yoast SEO plugin v15.1 - https:\/\/yoast.com\/wordpress\/plugins\/seo\/ -->\n<title>Inep monitora evolu\u00e7\u00e3o do Plano Nacional de Educa\u00e7\u00e3o &raquo; Abrelivros<\/title>\n<meta name=\"robots\" content=\"index, follow, max-snippet:-1, max-image-preview:large, max-video-preview:-1\" \/>\n<link rel=\"canonical\" href=\"https:\/\/abrelivros.org.br\/site\/inep-monitora-evolucao-do-plano-nacional-de-educacao\/\" \/>\n<meta property=\"og:locale\" content=\"pt_BR\" \/>\n<meta property=\"og:type\" content=\"article\" \/>\n<meta property=\"og:title\" content=\"Inep monitora evolu\u00e7\u00e3o do Plano Nacional de Educa\u00e7\u00e3o &raquo; Abrelivros\" \/>\n<meta property=\"og:description\" content=\"No dia 12 de dezembro, os brasileiros celebram o Dia do Plano Nacional de Educa\u00e7\u00e3o (PNE). A data comemorativa oficial tem o objetivo de chamar a aten\u00e7\u00e3o para as metas e diretrizes elencadas no documento. O Instituto Nacional de Estudos e Pesquisas Educacionais An\u00edsio Teixeira (Inep) \u00e9 respons\u00e1vel pelos estudos que subsidiam o cumprimento dos [&hellip;]\" \/>\n<meta property=\"og:url\" content=\"https:\/\/abrelivros.org.br\/site\/inep-monitora-evolucao-do-plano-nacional-de-educacao\/\" \/>\n<meta property=\"og:site_name\" content=\"Abrelivros\" \/>\n<meta property=\"article:published_time\" content=\"2020-12-14T18:16:31+00:00\" \/>\n<meta name=\"twitter:card\" content=\"summary_large_image\" \/>\n<script type=\"application\/ld+json\" class=\"yoast-schema-graph\">{\"@context\":\"https:\/\/schema.org\",\"@graph\":[{\"@type\":\"WebSite\",\"@id\":\"https:\/\/abrelivros.org.br\/site\/#website\",\"url\":\"https:\/\/abrelivros.org.br\/site\/\",\"name\":\"Abrelivros\",\"description\":\"\",\"potentialAction\":[{\"@type\":\"SearchAction\",\"target\":\"https:\/\/abrelivros.org.br\/site\/?s={search_term_string}\",\"query-input\":\"required name=search_term_string\"}],\"inLanguage\":\"pt-BR\"},{\"@type\":\"WebPage\",\"@id\":\"https:\/\/abrelivros.org.br\/site\/inep-monitora-evolucao-do-plano-nacional-de-educacao\/#webpage\",\"url\":\"https:\/\/abrelivros.org.br\/site\/inep-monitora-evolucao-do-plano-nacional-de-educacao\/\",\"name\":\"Inep monitora evolu\\u00e7\\u00e3o do Plano Nacional de Educa\\u00e7\\u00e3o &raquo; Abrelivros\",\"isPartOf\":{\"@id\":\"https:\/\/abrelivros.org.br\/site\/#website\"},\"datePublished\":\"2020-12-14T18:16:31+00:00\",\"dateModified\":\"2020-12-14T18:16:31+00:00\",\"author\":{\"@id\":\"https:\/\/abrelivros.org.br\/site\/#\/schema\/person\/65db80e26409802ce15ac5feec6a15fd\"},\"breadcrumb\":{\"@id\":\"https:\/\/abrelivros.org.br\/site\/inep-monitora-evolucao-do-plano-nacional-de-educacao\/#breadcrumb\"},\"inLanguage\":\"pt-BR\",\"potentialAction\":[{\"@type\":\"ReadAction\",\"target\":[\"https:\/\/abrelivros.org.br\/site\/inep-monitora-evolucao-do-plano-nacional-de-educacao\/\"]}]},{\"@type\":\"BreadcrumbList\",\"@id\":\"https:\/\/abrelivros.org.br\/site\/inep-monitora-evolucao-do-plano-nacional-de-educacao\/#breadcrumb\",\"itemListElement\":[{\"@type\":\"ListItem\",\"position\":1,\"item\":{\"@type\":\"WebPage\",\"@id\":\"https:\/\/abrelivros.org.br\/site\/\",\"url\":\"https:\/\/abrelivros.org.br\/site\/\",\"name\":\"In\\u00edcio\"}},{\"@type\":\"ListItem\",\"position\":2,\"item\":{\"@type\":\"WebPage\",\"@id\":\"https:\/\/abrelivros.org.br\/site\/category\/noticias\/\",\"url\":\"https:\/\/abrelivros.org.br\/site\/category\/noticias\/\",\"name\":\"Not\\u00edcias\"}},{\"@type\":\"ListItem\",\"position\":3,\"item\":{\"@type\":\"WebPage\",\"@id\":\"https:\/\/abrelivros.org.br\/site\/category\/noticias\/noticias-da-imprensa\/\",\"url\":\"https:\/\/abrelivros.org.br\/site\/category\/noticias\/noticias-da-imprensa\/\",\"name\":\"Not\\u00edcias da imprensa\"}},{\"@type\":\"ListItem\",\"position\":4,\"item\":{\"@type\":\"WebPage\",\"@id\":\"https:\/\/abrelivros.org.br\/site\/inep-monitora-evolucao-do-plano-nacional-de-educacao\/\",\"url\":\"https:\/\/abrelivros.org.br\/site\/inep-monitora-evolucao-do-plano-nacional-de-educacao\/\",\"name\":\"Inep monitora evolu\\u00e7\\u00e3o do Plano Nacional de Educa\\u00e7\\u00e3o\"}}]},{\"@type\":\"Person\",\"@id\":\"https:\/\/abrelivros.org.br\/site\/#\/schema\/person\/65db80e26409802ce15ac5feec6a15fd\",\"name\":\"Reda\\u00e7\\u00e3o Abrelivros\",\"image\":{\"@type\":\"ImageObject\",\"@id\":\"https:\/\/abrelivros.org.br\/site\/#personlogo\",\"inLanguage\":\"pt-BR\",\"url\":\"https:\/\/secure.gravatar.com\/avatar\/c4e57f9c7e3482965bd428192061218520756c39080b1d1820b679fa5e9af192?s=96&d=mm&r=g\",\"caption\":\"Reda\\u00e7\\u00e3o Abrelivros\"}}]}<\/script>\n<!-- \/ Yoast SEO plugin. -->","_links":{"self":[{"href":"https:\/\/abrelivros.org.br\/site\/wp-json\/wp\/v2\/posts\/12785","targetHints":{"allow":["GET"]}}],"collection":[{"href":"https:\/\/abrelivros.org.br\/site\/wp-json\/wp\/v2\/posts"}],"about":[{"href":"https:\/\/abrelivros.org.br\/site\/wp-json\/wp\/v2\/types\/post"}],"author":[{"embeddable":true,"href":"https:\/\/abrelivros.org.br\/site\/wp-json\/wp\/v2\/users\/4"}],"replies":[{"embeddable":true,"href":"https:\/\/abrelivros.org.br\/site\/wp-json\/wp\/v2\/comments?post=12785"}],"version-history":[{"count":1,"href":"https:\/\/abrelivros.org.br\/site\/wp-json\/wp\/v2\/posts\/12785\/revisions"}],"predecessor-version":[{"id":12786,"href":"https:\/\/abrelivros.org.br\/site\/wp-json\/wp\/v2\/posts\/12785\/revisions\/12786"}],"wp:attachment":[{"href":"https:\/\/abrelivros.org.br\/site\/wp-json\/wp\/v2\/media?parent=12785"}],"wp:term":[{"taxonomy":"category","embeddable":true,"href":"https:\/\/abrelivros.org.br\/site\/wp-json\/wp\/v2\/categories?post=12785"},{"taxonomy":"post_tag","embeddable":true,"href":"https:\/\/abrelivros.org.br\/site\/wp-json\/wp\/v2\/tags?post=12785"}],"curies":[{"name":"wp","href":"https:\/\/api.w.org\/{rel}","templated":true}]}}