{"id":12779,"date":"2020-12-11T15:04:06","date_gmt":"2020-12-11T18:04:06","guid":{"rendered":"https:\/\/abrelivros.org.br\/site\/?p=12779"},"modified":"2020-12-11T15:04:06","modified_gmt":"2020-12-11T18:04:06","slug":"duas-grandes-editoras-lancam-selos-para-publicar-exclusivamente-livros-digitais","status":"publish","type":"post","link":"https:\/\/abrelivros.org.br\/site\/duas-grandes-editoras-lancam-selos-para-publicar-exclusivamente-livros-digitais\/","title":{"rendered":"Duas grandes editoras lan\u00e7am selos para publicar exclusivamente livros digitais"},"content":{"rendered":"<p>No m\u00eas passado, a Bookwire Brasil analisou cerca de 1,6 milh\u00e3o de registros para compor um <a href=\"https:\/\/www.publishnews.com.br\/materias\/2020\/11\/11\/o-mercado-editorial-digital-no-brasil-foi-impactado-de-forma-relevante-pela-pandemia-da-covid-19\" target=\"_blank\" rel=\"noopener noreferrer\">relat\u00f3rio que mostra a din\u00e2mica do mercado de e-books durante o per\u00edodo de pandemia.<\/a> O consultor austr\u00edaco R\u00fcdiger Wischenbart, respons\u00e1vel pelo estudo, concluiu: &#8220;Vimos que no Brasil a crise serviu de catalisador na acelera\u00e7\u00e3o de uma tend\u00eancia j\u00e1 existente em dire\u00e7\u00e3o \u00e0 transforma\u00e7\u00e3o digital. O mercado editorial digital no Brasil foi impactado de forma relevante pela pandemia da Covid-19\u201d.<!--more--><\/p>\n<p>O relat\u00f3rio mostra que h\u00e1 crescimento relevante nas vendas entre o pr\u00e9-isolamento e o isolamento, com um pico entre abril e maio. Mas mais importante do que isso: o crescimento se sustenta nos per\u00edodos seguintes, criando um patamar de vendas superior quando comparado a 2019.<\/p>\n<p>Duas grandes editoras entenderam o recado e anunciam, nessa semana, o lan\u00e7amento de selos voltados para publicar t\u00edtulos in\u00e9ditos exclusivamente no formato digital. A Record lan\u00e7a, nesta sexta-feira (11), o selo E-stante e a Saraiva Educa\u00e7\u00e3o acaba de colocar no mercado o Expressa.<\/p>\n<p>O E-stante Record seguir\u00e1 a pluralidade tem\u00e1tica dos v\u00e1rios selos do Grupo, publicando desde cl\u00e1ssicos da literatura at\u00e9 livros de autoajuda. \u201cVerificamos um aumento expressivo na venda de e-books durante a pandemia. Muito pr\u00e1tico para quem est\u00e1 buscando op\u00e7\u00e3o de leitura sem sair de casa. Assim, tivemos a ideia de ampliar o nosso cat\u00e1logo de e-books com novos t\u00edtulos e criamos o selo E-stante\u201d, explicou S\u00f4nia Machado, presidente do Grupo Editorial Record.<\/p>\n<p>O lan\u00e7amento do selo ser\u00e1 com cinco t\u00edtulos, que d\u00e3o uma amostra da diversidade dessa estante eletr\u00f4nica: O guia da donzela para an\u00e1guas e pirataria, livro de Mackenzi Lee com tem\u00e1tica LGBTQ+; Flipnose, uma n\u00e3o fic\u00e7\u00e3o de Kevin Dutton; Lobas, romance de Claire Irvin que mostra que os 40 s\u00e3o os novos 30; Morrer a s\u00f3s em Berlim, cl\u00e1ssico da literatura alem\u00e3 escrito por Hans Fallada, que sai com tradu\u00e7\u00e3o in\u00e9dita de Frederico F\u00fcllgraf, e Intui\u00e7\u00e3o, livro de autoajuda de Char Margolis.<\/p>\n<p>Nas capas dos livros, est\u00e3o \u201cimpressas\u201d as marcas do selo E-stante e de um dos selos do Grupo Editorial Record, por onde o t\u00edtulo sairia se fosse em papel.<\/p>\n<p>E por falar em papel, o Grupo Editorial Record quer que o E-stante seja como um tubo de ensaio. A depender da demanda, os t\u00edtulos podem ganhar impress\u00e3o por encomenda, via sistema de impress\u00e3o por demanda.<\/p>\n<p>Para fevereiro de 2021, o selo prepara uma edi\u00e7\u00e3o de Cartas aos filhos, livro organizado pelo pesquisador alem\u00e3o Michael Schr\u00f6ter que reuniu cartas que Sigmund Freud escreveu para cinco de seus seis filhos e a genros e noras. O volume \u00e9 in\u00e9dito no Brasil.<\/p>\n<p>Os livros estar\u00e3o \u00e0 venda em todas as varejistas de e-books em opera\u00e7\u00e3o no Brasil.<\/p>\n<p>J\u00e1 pelo Expressa, a Saraiva publicar\u00e1 livros t\u00e9cnicos nas \u00e1reas de Administra\u00e7\u00e3o e Direito no formato exclusivamente digitais e em textos curtos pensados em estudantes e profissionais que buscam novas tend\u00eancias e expans\u00e3o dos seus conhecimentos. O mote do selo \u00e9 poupar o tempo dos leitores \u2013 da\u00ed o nome Expressa. De cara, o selo sai com 10 t\u00edtulos. Com\u00e9rcio eletr\u00f4nico e legisla\u00e7\u00e3o aplic\u00e1vel, de Tarc\u00edsio Teixeira; T\u00e9cnicas de vendas e e-commerce, de Alexandre de Campos e Verci Douglas Garcia Goulart, e Direito eleitoral &#8211; crimes eleitorais, de Carlos M\u00e1rio da Silva Veloso e Walter de Moura Agra, s\u00e3o alguns dos t\u00edtulos j\u00e1 dispon\u00edveis.<\/p>\n<p>Os livros est\u00e3o dispon\u00edveis na Kobo e na Amazon e os clientes do Kindle Unlimited, o servi\u00e7o de assinaturas de e-books da Amazon, t\u00eam acesso liberado aos t\u00edtulos.<\/p>\n<p>Para Fl\u00e1via Bravin, diretora da Saraiva Educa\u00e7\u00e3o, o novo selo quer dar uma resposta r\u00e1pida ao que chamou de \u201cinfla\u00e7\u00e3o legislativa\u201d, t\u00edtulos que perecem muito r\u00e1pido dadas as din\u00e2micas do setor jur\u00eddico, por exemplo. \u201cCom o Expressa quisemos oferecer agilidade para conte\u00fados quentes, que est\u00e3o sendo debatidos ou foram aprovados e o mercado quer entender mais a respeito. Assim, Expressa proporciona atualiza\u00e7\u00e3o, tend\u00eancias, cortes cir\u00fargicos de temas importantes e frescos\u201d, explicou.<\/p>\n<p>Ela ressaltou que o cat\u00e1logo est\u00e1 sendo constru\u00eddo em permanente di\u00e1logo com os outros selos da Saraiva Educa\u00e7\u00e3o: \u201cO Expressa tem identidade pr\u00f3pria, mas conversa com todo nosso cat\u00e1logo e selos existentes: Ci\u00eancias Sociais Aplicadas (Expressa by Saraiva Uni), T\u00e9cnicos (Expressa by Erica), Neg\u00f3cios (Expressa by Benvir\u00e1)\u201d.<\/p>\n<p>Fl\u00e1via aponta que t\u00edtulos que tiverem um desempenho relevante no formato digital poder\u00e3o ser vendidos tamb\u00e9m em papel. \u201cQueremos que alguns livros existam apenas no selo\u201d, disse, fazendo a ressalva de que outros t\u00edtulos poder\u00e3o ser impressos, respeitando \u201ca demanda, com novos conte\u00fados que o autor produza, com feedback dos nossos leitores, com a maturidade e timing pro impresso\u201d.<\/p>\n","protected":false},"excerpt":{"rendered":"<p>No m\u00eas passado, a Bookwire Brasil analisou cerca de 1,6 milh\u00e3o de registros para compor um relat\u00f3rio que mostra a din\u00e2mica do mercado de e-books durante o per\u00edodo de pandemia. O consultor austr\u00edaco R\u00fcdiger Wischenbart, respons\u00e1vel pelo estudo, concluiu: &#8220;Vimos que no Brasil a crise serviu de catalisador na acelera\u00e7\u00e3o de uma tend\u00eancia j\u00e1 existente [&hellip;]<\/p>\n","protected":false},"author":4,"featured_media":0,"comment_status":"closed","ping_status":"closed","sticky":false,"template":"","format":"standard","meta":{"footnotes":"","_links_to":"","_links_to_target":""},"categories":[9],"tags":[],"class_list":["post-12779","post","type-post","status-publish","format-standard","hentry","category-noticias-da-imprensa"],"yoast_head":"<!-- This site is optimized with the Yoast SEO plugin v15.1 - https:\/\/yoast.com\/wordpress\/plugins\/seo\/ -->\n<title>Duas grandes editoras lan\u00e7am selos para publicar exclusivamente livros digitais &raquo; Abrelivros<\/title>\n<meta name=\"robots\" content=\"index, follow, max-snippet:-1, max-image-preview:large, max-video-preview:-1\" \/>\n<link rel=\"canonical\" href=\"https:\/\/abrelivros.org.br\/site\/duas-grandes-editoras-lancam-selos-para-publicar-exclusivamente-livros-digitais\/\" \/>\n<meta property=\"og:locale\" content=\"pt_BR\" \/>\n<meta property=\"og:type\" content=\"article\" \/>\n<meta property=\"og:title\" content=\"Duas grandes editoras lan\u00e7am selos para publicar exclusivamente livros digitais &raquo; Abrelivros\" \/>\n<meta property=\"og:description\" content=\"No m\u00eas passado, a Bookwire Brasil analisou cerca de 1,6 milh\u00e3o de registros para compor um relat\u00f3rio que mostra a din\u00e2mica do mercado de e-books durante o per\u00edodo de pandemia. O consultor austr\u00edaco R\u00fcdiger Wischenbart, respons\u00e1vel pelo estudo, concluiu: &#8220;Vimos que no Brasil a crise serviu de catalisador na acelera\u00e7\u00e3o de uma tend\u00eancia j\u00e1 existente [&hellip;]\" \/>\n<meta property=\"og:url\" content=\"https:\/\/abrelivros.org.br\/site\/duas-grandes-editoras-lancam-selos-para-publicar-exclusivamente-livros-digitais\/\" \/>\n<meta property=\"og:site_name\" content=\"Abrelivros\" \/>\n<meta property=\"article:published_time\" content=\"2020-12-11T18:04:06+00:00\" \/>\n<meta name=\"twitter:card\" content=\"summary_large_image\" \/>\n<script type=\"application\/ld+json\" class=\"yoast-schema-graph\">{\"@context\":\"https:\/\/schema.org\",\"@graph\":[{\"@type\":\"WebSite\",\"@id\":\"https:\/\/abrelivros.org.br\/site\/#website\",\"url\":\"https:\/\/abrelivros.org.br\/site\/\",\"name\":\"Abrelivros\",\"description\":\"\",\"potentialAction\":[{\"@type\":\"SearchAction\",\"target\":\"https:\/\/abrelivros.org.br\/site\/?s={search_term_string}\",\"query-input\":\"required name=search_term_string\"}],\"inLanguage\":\"pt-BR\"},{\"@type\":\"WebPage\",\"@id\":\"https:\/\/abrelivros.org.br\/site\/duas-grandes-editoras-lancam-selos-para-publicar-exclusivamente-livros-digitais\/#webpage\",\"url\":\"https:\/\/abrelivros.org.br\/site\/duas-grandes-editoras-lancam-selos-para-publicar-exclusivamente-livros-digitais\/\",\"name\":\"Duas grandes editoras lan\\u00e7am selos para publicar exclusivamente livros digitais &raquo; Abrelivros\",\"isPartOf\":{\"@id\":\"https:\/\/abrelivros.org.br\/site\/#website\"},\"datePublished\":\"2020-12-11T18:04:06+00:00\",\"dateModified\":\"2020-12-11T18:04:06+00:00\",\"author\":{\"@id\":\"https:\/\/abrelivros.org.br\/site\/#\/schema\/person\/65db80e26409802ce15ac5feec6a15fd\"},\"breadcrumb\":{\"@id\":\"https:\/\/abrelivros.org.br\/site\/duas-grandes-editoras-lancam-selos-para-publicar-exclusivamente-livros-digitais\/#breadcrumb\"},\"inLanguage\":\"pt-BR\",\"potentialAction\":[{\"@type\":\"ReadAction\",\"target\":[\"https:\/\/abrelivros.org.br\/site\/duas-grandes-editoras-lancam-selos-para-publicar-exclusivamente-livros-digitais\/\"]}]},{\"@type\":\"BreadcrumbList\",\"@id\":\"https:\/\/abrelivros.org.br\/site\/duas-grandes-editoras-lancam-selos-para-publicar-exclusivamente-livros-digitais\/#breadcrumb\",\"itemListElement\":[{\"@type\":\"ListItem\",\"position\":1,\"item\":{\"@type\":\"WebPage\",\"@id\":\"https:\/\/abrelivros.org.br\/site\/\",\"url\":\"https:\/\/abrelivros.org.br\/site\/\",\"name\":\"In\\u00edcio\"}},{\"@type\":\"ListItem\",\"position\":2,\"item\":{\"@type\":\"WebPage\",\"@id\":\"https:\/\/abrelivros.org.br\/site\/category\/noticias\/\",\"url\":\"https:\/\/abrelivros.org.br\/site\/category\/noticias\/\",\"name\":\"Not\\u00edcias\"}},{\"@type\":\"ListItem\",\"position\":3,\"item\":{\"@type\":\"WebPage\",\"@id\":\"https:\/\/abrelivros.org.br\/site\/category\/noticias\/noticias-da-imprensa\/\",\"url\":\"https:\/\/abrelivros.org.br\/site\/category\/noticias\/noticias-da-imprensa\/\",\"name\":\"Not\\u00edcias da imprensa\"}},{\"@type\":\"ListItem\",\"position\":4,\"item\":{\"@type\":\"WebPage\",\"@id\":\"https:\/\/abrelivros.org.br\/site\/duas-grandes-editoras-lancam-selos-para-publicar-exclusivamente-livros-digitais\/\",\"url\":\"https:\/\/abrelivros.org.br\/site\/duas-grandes-editoras-lancam-selos-para-publicar-exclusivamente-livros-digitais\/\",\"name\":\"Duas grandes editoras lan\\u00e7am selos para publicar exclusivamente livros digitais\"}}]},{\"@type\":\"Person\",\"@id\":\"https:\/\/abrelivros.org.br\/site\/#\/schema\/person\/65db80e26409802ce15ac5feec6a15fd\",\"name\":\"Reda\\u00e7\\u00e3o Abrelivros\",\"image\":{\"@type\":\"ImageObject\",\"@id\":\"https:\/\/abrelivros.org.br\/site\/#personlogo\",\"inLanguage\":\"pt-BR\",\"url\":\"https:\/\/secure.gravatar.com\/avatar\/c4e57f9c7e3482965bd428192061218520756c39080b1d1820b679fa5e9af192?s=96&d=mm&r=g\",\"caption\":\"Reda\\u00e7\\u00e3o Abrelivros\"}}]}<\/script>\n<!-- \/ Yoast SEO plugin. -->","_links":{"self":[{"href":"https:\/\/abrelivros.org.br\/site\/wp-json\/wp\/v2\/posts\/12779","targetHints":{"allow":["GET"]}}],"collection":[{"href":"https:\/\/abrelivros.org.br\/site\/wp-json\/wp\/v2\/posts"}],"about":[{"href":"https:\/\/abrelivros.org.br\/site\/wp-json\/wp\/v2\/types\/post"}],"author":[{"embeddable":true,"href":"https:\/\/abrelivros.org.br\/site\/wp-json\/wp\/v2\/users\/4"}],"replies":[{"embeddable":true,"href":"https:\/\/abrelivros.org.br\/site\/wp-json\/wp\/v2\/comments?post=12779"}],"version-history":[{"count":1,"href":"https:\/\/abrelivros.org.br\/site\/wp-json\/wp\/v2\/posts\/12779\/revisions"}],"predecessor-version":[{"id":12780,"href":"https:\/\/abrelivros.org.br\/site\/wp-json\/wp\/v2\/posts\/12779\/revisions\/12780"}],"wp:attachment":[{"href":"https:\/\/abrelivros.org.br\/site\/wp-json\/wp\/v2\/media?parent=12779"}],"wp:term":[{"taxonomy":"category","embeddable":true,"href":"https:\/\/abrelivros.org.br\/site\/wp-json\/wp\/v2\/categories?post=12779"},{"taxonomy":"post_tag","embeddable":true,"href":"https:\/\/abrelivros.org.br\/site\/wp-json\/wp\/v2\/tags?post=12779"}],"curies":[{"name":"wp","href":"https:\/\/api.w.org\/{rel}","templated":true}]}}