{"id":12776,"date":"2020-12-11T14:59:36","date_gmt":"2020-12-11T17:59:36","guid":{"rendered":"https:\/\/abrelivros.org.br\/site\/?p=12776"},"modified":"2020-12-11T14:59:36","modified_gmt":"2020-12-11T17:59:36","slug":"prossegue-ate-domingo-a-semana-nacional-de-ciencia-e-tecnologia","status":"publish","type":"post","link":"https:\/\/abrelivros.org.br\/site\/prossegue-ate-domingo-a-semana-nacional-de-ciencia-e-tecnologia\/","title":{"rendered":"Prossegue at\u00e9 domingo a Semana Nacional de Ci\u00eancia e Tecnologia"},"content":{"rendered":"<p>Termina neste domingo (13) a edi\u00e7\u00e3o presencial da Semana Nacional de Ci\u00eancia e Tecnologia 2020 (SNCT), no Pavilh\u00e3o de Exposi\u00e7\u00f5es do Parque da Cidade, em Bras\u00edlia, que tem como tema Intelig\u00eancia Artificial, a nova fronteira da ci\u00eancia brasileira.<!--more--><\/p>\n<p>Organizada pelo Minist\u00e9rio da Ci\u00eancia, Tecnologia e Inova\u00e7\u00f5es (MCTI), a SNCT conta com estandes das secretarias do minist\u00e9rio, unidades vinculadas e parceiros. Est\u00e3o sendo realizadas palestras sobre a Intelig\u00eancia Artificial (IA) em diferentes setores do pa\u00eds.<\/p>\n<p>\u201cO objetivo da SNCT \u00e9 mobilizar crian\u00e7as, jovens e fam\u00edlias em torno da ci\u00eancia e tecnologia. Em outubro, grande parte da programa\u00e7\u00e3o da semana foi realizada de maneira virtual, por meio do <a href=\"https:\/\/www.youtube.com\/mctic\">canal do minist\u00e9rio no YouTube<\/a>, dentro da programa\u00e7\u00e3o do M\u00eas Nacional de Ci\u00eancia, Tecnologia e Inova\u00e7\u00f5es (MNCTI), criado este ano\u201d, informou o minist\u00e9rio.<\/p>\n<p>No espa\u00e7o do MCTI no pavilh\u00e3o, os visitantes poder\u00e3o acompanhar, por exemplo, o trabalho de pesquisadores e institui\u00e7\u00f5es que comp\u00f5em a <a href=\"http:\/\/covid19.mctic.gov.br\/\" target=\"_blank\" rel=\"noopener noreferrer\">RedeV\u00edrus MCTI<\/a> e atuam no combate ao novo coronav\u00edrus (covid-19). A rede re\u00fane especialistas, representantes de governo, ag\u00eancias de fomento do minist\u00e9rio, centros de pesquisa e universidades.<\/p>\n<p>Entre os trabalhos em exposi\u00e7\u00e3o, est\u00e3o os voltados para o sequenciamento do v\u00edrus, produ\u00e7\u00e3o de testes diagn\u00f3sticos com tecnologia nacional, reposicionamento de f\u00e1rmacos e produ\u00e7\u00e3o de soros e vacinas contra a doen\u00e7a.<\/p>\n<p>Com o intuito de promover maior seguran\u00e7a em raz\u00e3o da pandemia do novo coronav\u00edrus, os visitantes passar\u00e3o por medi\u00e7\u00e3o de temperatura na entrada, e o uso de m\u00e1scara \u00e9 obrigat\u00f3rio. Tamb\u00e9m h\u00e1 \u00e1lcool em gel nas \u00e1reas de circula\u00e7\u00e3o, higieniza\u00e7\u00e3o de equipamentos e afastamento de cadeiras no setor destinado a palestras.<\/p>\n<p>O evento est\u00e1 aberto todos os dias das 10h \u00e0s 20h e a entrada \u00e9 gratuita.<\/p>\n","protected":false},"excerpt":{"rendered":"<p>Termina neste domingo (13) a edi\u00e7\u00e3o presencial da Semana Nacional de Ci\u00eancia e Tecnologia 2020 (SNCT), no Pavilh\u00e3o de Exposi\u00e7\u00f5es do Parque da Cidade, em Bras\u00edlia, que tem como tema Intelig\u00eancia Artificial, a nova fronteira da ci\u00eancia brasileira.<\/p>\n","protected":false},"author":4,"featured_media":0,"comment_status":"closed","ping_status":"closed","sticky":false,"template":"","format":"standard","meta":{"footnotes":"","_links_to":"","_links_to_target":""},"categories":[9],"tags":[],"class_list":["post-12776","post","type-post","status-publish","format-standard","hentry","category-noticias-da-imprensa"],"yoast_head":"<!-- This site is optimized with the Yoast SEO plugin v15.1 - https:\/\/yoast.com\/wordpress\/plugins\/seo\/ -->\n<title>Prossegue at\u00e9 domingo a Semana Nacional de Ci\u00eancia e Tecnologia &raquo; Abrelivros<\/title>\n<meta name=\"robots\" content=\"index, follow, max-snippet:-1, max-image-preview:large, max-video-preview:-1\" \/>\n<link rel=\"canonical\" href=\"https:\/\/abrelivros.org.br\/site\/prossegue-ate-domingo-a-semana-nacional-de-ciencia-e-tecnologia\/\" \/>\n<meta property=\"og:locale\" content=\"pt_BR\" \/>\n<meta property=\"og:type\" content=\"article\" \/>\n<meta property=\"og:title\" content=\"Prossegue at\u00e9 domingo a Semana Nacional de Ci\u00eancia e Tecnologia &raquo; Abrelivros\" \/>\n<meta property=\"og:description\" content=\"Termina neste domingo (13) a edi\u00e7\u00e3o presencial da Semana Nacional de Ci\u00eancia e Tecnologia 2020 (SNCT), no Pavilh\u00e3o de Exposi\u00e7\u00f5es do Parque da Cidade, em Bras\u00edlia, que tem como tema Intelig\u00eancia Artificial, a nova fronteira da ci\u00eancia brasileira.\" \/>\n<meta property=\"og:url\" content=\"https:\/\/abrelivros.org.br\/site\/prossegue-ate-domingo-a-semana-nacional-de-ciencia-e-tecnologia\/\" \/>\n<meta property=\"og:site_name\" content=\"Abrelivros\" \/>\n<meta property=\"article:published_time\" content=\"2020-12-11T17:59:36+00:00\" \/>\n<meta name=\"twitter:card\" content=\"summary_large_image\" \/>\n<script type=\"application\/ld+json\" class=\"yoast-schema-graph\">{\"@context\":\"https:\/\/schema.org\",\"@graph\":[{\"@type\":\"WebSite\",\"@id\":\"https:\/\/abrelivros.org.br\/site\/#website\",\"url\":\"https:\/\/abrelivros.org.br\/site\/\",\"name\":\"Abrelivros\",\"description\":\"\",\"potentialAction\":[{\"@type\":\"SearchAction\",\"target\":\"https:\/\/abrelivros.org.br\/site\/?s={search_term_string}\",\"query-input\":\"required name=search_term_string\"}],\"inLanguage\":\"pt-BR\"},{\"@type\":\"WebPage\",\"@id\":\"https:\/\/abrelivros.org.br\/site\/prossegue-ate-domingo-a-semana-nacional-de-ciencia-e-tecnologia\/#webpage\",\"url\":\"https:\/\/abrelivros.org.br\/site\/prossegue-ate-domingo-a-semana-nacional-de-ciencia-e-tecnologia\/\",\"name\":\"Prossegue at\\u00e9 domingo a Semana Nacional de Ci\\u00eancia e Tecnologia &raquo; Abrelivros\",\"isPartOf\":{\"@id\":\"https:\/\/abrelivros.org.br\/site\/#website\"},\"datePublished\":\"2020-12-11T17:59:36+00:00\",\"dateModified\":\"2020-12-11T17:59:36+00:00\",\"author\":{\"@id\":\"https:\/\/abrelivros.org.br\/site\/#\/schema\/person\/65db80e26409802ce15ac5feec6a15fd\"},\"breadcrumb\":{\"@id\":\"https:\/\/abrelivros.org.br\/site\/prossegue-ate-domingo-a-semana-nacional-de-ciencia-e-tecnologia\/#breadcrumb\"},\"inLanguage\":\"pt-BR\",\"potentialAction\":[{\"@type\":\"ReadAction\",\"target\":[\"https:\/\/abrelivros.org.br\/site\/prossegue-ate-domingo-a-semana-nacional-de-ciencia-e-tecnologia\/\"]}]},{\"@type\":\"BreadcrumbList\",\"@id\":\"https:\/\/abrelivros.org.br\/site\/prossegue-ate-domingo-a-semana-nacional-de-ciencia-e-tecnologia\/#breadcrumb\",\"itemListElement\":[{\"@type\":\"ListItem\",\"position\":1,\"item\":{\"@type\":\"WebPage\",\"@id\":\"https:\/\/abrelivros.org.br\/site\/\",\"url\":\"https:\/\/abrelivros.org.br\/site\/\",\"name\":\"In\\u00edcio\"}},{\"@type\":\"ListItem\",\"position\":2,\"item\":{\"@type\":\"WebPage\",\"@id\":\"https:\/\/abrelivros.org.br\/site\/category\/noticias\/\",\"url\":\"https:\/\/abrelivros.org.br\/site\/category\/noticias\/\",\"name\":\"Not\\u00edcias\"}},{\"@type\":\"ListItem\",\"position\":3,\"item\":{\"@type\":\"WebPage\",\"@id\":\"https:\/\/abrelivros.org.br\/site\/category\/noticias\/noticias-da-imprensa\/\",\"url\":\"https:\/\/abrelivros.org.br\/site\/category\/noticias\/noticias-da-imprensa\/\",\"name\":\"Not\\u00edcias da imprensa\"}},{\"@type\":\"ListItem\",\"position\":4,\"item\":{\"@type\":\"WebPage\",\"@id\":\"https:\/\/abrelivros.org.br\/site\/prossegue-ate-domingo-a-semana-nacional-de-ciencia-e-tecnologia\/\",\"url\":\"https:\/\/abrelivros.org.br\/site\/prossegue-ate-domingo-a-semana-nacional-de-ciencia-e-tecnologia\/\",\"name\":\"Prossegue at\\u00e9 domingo a Semana Nacional de Ci\\u00eancia e Tecnologia\"}}]},{\"@type\":\"Person\",\"@id\":\"https:\/\/abrelivros.org.br\/site\/#\/schema\/person\/65db80e26409802ce15ac5feec6a15fd\",\"name\":\"Reda\\u00e7\\u00e3o Abrelivros\",\"image\":{\"@type\":\"ImageObject\",\"@id\":\"https:\/\/abrelivros.org.br\/site\/#personlogo\",\"inLanguage\":\"pt-BR\",\"url\":\"https:\/\/secure.gravatar.com\/avatar\/c4e57f9c7e3482965bd428192061218520756c39080b1d1820b679fa5e9af192?s=96&d=mm&r=g\",\"caption\":\"Reda\\u00e7\\u00e3o Abrelivros\"}}]}<\/script>\n<!-- \/ Yoast SEO plugin. -->","_links":{"self":[{"href":"https:\/\/abrelivros.org.br\/site\/wp-json\/wp\/v2\/posts\/12776","targetHints":{"allow":["GET"]}}],"collection":[{"href":"https:\/\/abrelivros.org.br\/site\/wp-json\/wp\/v2\/posts"}],"about":[{"href":"https:\/\/abrelivros.org.br\/site\/wp-json\/wp\/v2\/types\/post"}],"author":[{"embeddable":true,"href":"https:\/\/abrelivros.org.br\/site\/wp-json\/wp\/v2\/users\/4"}],"replies":[{"embeddable":true,"href":"https:\/\/abrelivros.org.br\/site\/wp-json\/wp\/v2\/comments?post=12776"}],"version-history":[{"count":1,"href":"https:\/\/abrelivros.org.br\/site\/wp-json\/wp\/v2\/posts\/12776\/revisions"}],"predecessor-version":[{"id":12777,"href":"https:\/\/abrelivros.org.br\/site\/wp-json\/wp\/v2\/posts\/12776\/revisions\/12777"}],"wp:attachment":[{"href":"https:\/\/abrelivros.org.br\/site\/wp-json\/wp\/v2\/media?parent=12776"}],"wp:term":[{"taxonomy":"category","embeddable":true,"href":"https:\/\/abrelivros.org.br\/site\/wp-json\/wp\/v2\/categories?post=12776"},{"taxonomy":"post_tag","embeddable":true,"href":"https:\/\/abrelivros.org.br\/site\/wp-json\/wp\/v2\/tags?post=12776"}],"curies":[{"name":"wp","href":"https:\/\/api.w.org\/{rel}","templated":true}]}}