{"id":12774,"date":"2020-12-11T14:55:37","date_gmt":"2020-12-11T17:55:37","guid":{"rendered":"https:\/\/abrelivros.org.br\/site\/?p=12774"},"modified":"2020-12-11T14:55:37","modified_gmt":"2020-12-11T17:55:37","slug":"oposicao-diz-que-vai-a-justica-contra-destinacao-de-recursos-do-fundeb-ao-setor-privado","status":"publish","type":"post","link":"https:\/\/abrelivros.org.br\/site\/oposicao-diz-que-vai-a-justica-contra-destinacao-de-recursos-do-fundeb-ao-setor-privado\/","title":{"rendered":"Oposi\u00e7\u00e3o diz que vai \u00e0 Justi\u00e7a contra destina\u00e7\u00e3o de recursos do Fundeb ao setor privado"},"content":{"rendered":"<p>Partidos de oposi\u00e7\u00e3o criticaram a destina\u00e7\u00e3o de recursos do Fundo de Manuten\u00e7\u00e3o e Desenvolvimento da Educa\u00e7\u00e3o B\u00e1sica (Fundeb) para o Sistema S e para entidades filantr\u00f3picas. A medida foi inclu\u00edda por meio de destaques ao projeto que regulamenta o Fundeb (PL 4372\/20).<!--more--><\/p>\n<p>Esse ponto gerou troca de acusa\u00e7\u00f5es em Plen\u00e1rio e amea\u00e7as de judicializa\u00e7\u00e3o contra o texto. A oposi\u00e7\u00e3o afirmou que o relator, deputado <a href=\"https:\/\/www.camara.leg.br\/deputados\/204371\" target=\"_blank\" rel=\"noopener noreferrer\">Felipe Rigoni<\/a> (PSB-ES), violou o acordo que possibilitou a vota\u00e7\u00e3o do texto-base do projeto; e que as mudan\u00e7as desidrataram a emenda constitucional que ampliou, de 10% para 23%, a participa\u00e7\u00e3o da Uni\u00e3o no financiamento da educa\u00e7\u00e3o b\u00e1sica.<\/p>\n<p>O deputado <a href=\"https:\/\/www.camara.leg.br\/deputados\/160569\" target=\"_blank\" rel=\"noopener noreferrer\">Waldenor Pereira<\/a> (PT-BA) disse que as emendas aprovadas \u201cdestru\u00edram\u201d o novo Fundeb e n\u00e3o faziam parte do acordo que fez a oposi\u00e7\u00e3o apoiar o texto do relator. \u201cViemos para a sess\u00e3o retirando nossa obstru\u00e7\u00e3o, retirando todos os destaques na expectativa, de fato, de que votar\u00edamos favoravelmente e comemorar\u00edamos uma grande vit\u00f3ria da educa\u00e7\u00e3o brasileira, aprovando a regulamenta\u00e7\u00e3o do Fundeb nas bases acordadas\u201d, afirmou.<\/p>\n<p>Rigoni respondeu que manteve a sua palavra e votou contra as propostas de destinar recursos do Fundeb para filantr\u00f3picas e para o Sistema S. Ele disse, no entanto, que avisou aos partidos de oposi\u00e7\u00e3o que o governo n\u00e3o se comprometeu a evitar destaques. \u201cEu n\u00e3o gerei uma expectativa de acordo, eu cumpri o acordo, que era mudar o relat\u00f3rio, e n\u00e3o \u00e9 \u00e0 toa que estou votando aqui contra todos os destaques, em defesa do meu relat\u00f3rio\u201d, declarou.<\/p>\n<p><strong>Mudan\u00e7a de rumos<\/strong><\/p>\n<p>Partidos de oposi\u00e7\u00e3o passaram \u00e0 obstru\u00e7\u00e3o, e a deputada <a href=\"https:\/\/www.camara.leg.br\/deputados\/74057\" target=\"_blank\" rel=\"noopener noreferrer\">Alice Portugal<\/a> (PCdoB-BA) disse que os parlamentares avaliam ir \u00e0 Justi\u00e7a por acreditar que a regulamenta\u00e7\u00e3o n\u00e3o pode \u201cdesconstruir\u201d o esp\u00edrito da emenda constitucional aprovada neste ano pelo Congresso. \u201cIsso ser\u00e1 judicializado, porque n\u00e3o pode uma regulamenta\u00e7\u00e3o ir contra o texto da Constitui\u00e7\u00e3o\u201d, reclamou.<\/p>\n<p>O deputado <a href=\"https:\/\/www.camara.leg.br\/deputados\/73486\" target=\"_blank\" rel=\"noopener noreferrer\">Pompeo de Mattos<\/a> (PDT-RS) afirmou que os conv\u00eanios com o terceiro setor para melhorar a educa\u00e7\u00e3o deveriam ser feitos pelos gestores com recursos de outras origens, sem retirar dinheiro do Fundeb. \u201cEst\u00e3o desmontando o Fundeb, ali\u00e1s, esquartejando o Fundeb, e cada um est\u00e1 levando um peda\u00e7o para casa \u2013 filantr\u00f3pica, sistema S \u2013 todos setores empresariais. O dinheiro do Fundeb \u00e9 dinheiro p\u00fablico, dinheiro federal\u201d, ressaltou.<\/p>\n<p>A proposta chegou a ser obstru\u00edda at\u00e9 mesmo pelo partido do relator, o PSB. \u201cN\u00e3o podemos aceitar esse desfecho. Est\u00e3o transformando essa limonada em um lim\u00e3o\u201d, lamentou o deputado <a href=\"https:\/\/www.camara.leg.br\/deputados\/204561\" target=\"_blank\" rel=\"noopener noreferrer\">Bira do Pindar\u00e9<\/a> (PSB-MA).<\/p>\n<p>Para o deputado <a href=\"https:\/\/www.camara.leg.br\/deputados\/204533\" target=\"_blank\" rel=\"noopener noreferrer\">Idilvan Alencar<\/a> (PDT-CE), as mudan\u00e7as s\u00e3o uma derrota simb\u00f3lica para o modelo de educa\u00e7\u00e3o p\u00fablica previsto na Constitui\u00e7\u00e3o. \u201cHoje \u00e9 um dia triste para a escola p\u00fablica brasileira. Perdemos recursos e perdemos tamb\u00e9m uma quest\u00e3o conceitual. Essa abertura que foi feita [para as filantr\u00f3picas] indica que a escola p\u00fablica brasileira n\u00e3o pode ofertar servi\u00e7os de qualidade? Agora s\u00e3o 10%, amanh\u00e3 n\u00e3o se sabe.\u201d<\/p>\n<p><strong>Processo democr\u00e1tico<\/strong><\/p>\n<p>Autora da emenda que destinou recursos para entidades filantr\u00f3picas, a deputada <a href=\"https:\/\/www.camara.leg.br\/deputados\/178946\" target=\"_blank\" rel=\"noopener noreferrer\">Soraya Santos<\/a> (PL-RJ) afirmou que n\u00e3o \u00e9 poss\u00edvel impedir os deputados de tentar mudar o projeto. \u201c\u00c9 um dever de of\u00edcio nosso emendarmos o projeto tantas vezes quantas necess\u00e1rias, para que a gente n\u00e3o deixe ningu\u00e9m para tr\u00e1s\u201d, disse.<\/p>\n<p>A deputada destacou que a emenda imp\u00f5e limite de 10% para os recursos destinados a essas entidades. \u201cS\u00e3o institui\u00e7\u00f5es de fundamental import\u00e2ncia ao funcionamento do sistema educacional brasileiro, prestando um grande servi\u00e7o \u00e0 popula\u00e7\u00e3o\u201d, disse.<\/p>\n<p>Soraya Santos afirmou que as filantr\u00f3picas s\u00e3o respons\u00e1veis pela interioriza\u00e7\u00e3o do ensino m\u00e9dio e exercem um papel importante na educa\u00e7\u00e3o especial, como as Apaes.<\/p>\n<p>Para o deputado <a href=\"https:\/\/www.camara.leg.br\/deputados\/204484\" target=\"_blank\" rel=\"noopener noreferrer\">General Peternelli<\/a> (PSL-SP), todas as entidades que oferecem educa\u00e7\u00e3o precisam trabalhar em harmonia. \u201cToda a educa\u00e7\u00e3o b\u00e1sica, ofertada por institui\u00e7\u00f5es comunit\u00e1rias confessionais ou filantr\u00f3picas, sem fins lucrativos e \u2013 um detalhe \u2013 conveniadas com o poder p\u00fablico, ser\u00e3o consideradas para efeito da distribui\u00e7\u00e3o de recursos do Fundeb\u201d, disse.<\/p>\n<p>O deputado <a href=\"https:\/\/www.camara.leg.br\/deputados\/204572\" target=\"_blank\" rel=\"noopener noreferrer\">Capit\u00e3o Alberto Neto<\/a> (Republicanos-AM) afirmou que os recursos ser\u00e3o aplicados para o bem comum dos brasileiros. \u201cN\u00e3o estamos aqui tirando dinheiro do menos favorecido para o mais favorecido. N\u00f3s estamos dando a oportunidade para o estado e para o munic\u00edpio que queira utilizar o terceiro setor para complementar a educa\u00e7\u00e3o\u201d, declarou.<\/p>\n<p>J\u00e1 o l\u00edder do Novo, deputado<a href=\"https:\/\/www.camara.leg.br\/deputados\/204461\" target=\"_blank\" rel=\"noopener noreferrer\"> Paulo Ganime<\/a> (Novo-RJ), disse que os recursos do Fundeb s\u00e3o p\u00fablicos, mas a oferta da educa\u00e7\u00e3o b\u00e1sica n\u00e3o. \u201cVotamos a garantia dos recursos p\u00fablicos, n\u00e3o necessariamente a obriga\u00e7\u00e3o de ser p\u00fablico, n\u00e3o necessariamente \u00e9 do servi\u00e7o p\u00fablico\u201d, explicou.<\/p>\n","protected":false},"excerpt":{"rendered":"<p>Partidos de oposi\u00e7\u00e3o criticaram a destina\u00e7\u00e3o de recursos do Fundo de Manuten\u00e7\u00e3o e Desenvolvimento da Educa\u00e7\u00e3o B\u00e1sica (Fundeb) para o Sistema S e para entidades filantr\u00f3picas. A medida foi inclu\u00edda por meio de destaques ao projeto que regulamenta o Fundeb (PL 4372\/20).<\/p>\n","protected":false},"author":4,"featured_media":0,"comment_status":"closed","ping_status":"closed","sticky":false,"template":"","format":"standard","meta":{"footnotes":"","_links_to":"","_links_to_target":""},"categories":[9],"tags":[],"class_list":["post-12774","post","type-post","status-publish","format-standard","hentry","category-noticias-da-imprensa"],"yoast_head":"<!-- This site is optimized with the Yoast SEO plugin v15.1 - https:\/\/yoast.com\/wordpress\/plugins\/seo\/ -->\n<title>Oposi\u00e7\u00e3o diz que vai \u00e0 Justi\u00e7a contra destina\u00e7\u00e3o de recursos do Fundeb ao setor privado &raquo; Abrelivros<\/title>\n<meta name=\"robots\" content=\"index, follow, max-snippet:-1, max-image-preview:large, max-video-preview:-1\" \/>\n<link rel=\"canonical\" href=\"https:\/\/abrelivros.org.br\/site\/oposicao-diz-que-vai-a-justica-contra-destinacao-de-recursos-do-fundeb-ao-setor-privado\/\" \/>\n<meta property=\"og:locale\" content=\"pt_BR\" \/>\n<meta property=\"og:type\" content=\"article\" \/>\n<meta property=\"og:title\" content=\"Oposi\u00e7\u00e3o diz que vai \u00e0 Justi\u00e7a contra destina\u00e7\u00e3o de recursos do Fundeb ao setor privado &raquo; Abrelivros\" \/>\n<meta property=\"og:description\" content=\"Partidos de oposi\u00e7\u00e3o criticaram a destina\u00e7\u00e3o de recursos do Fundo de Manuten\u00e7\u00e3o e Desenvolvimento da Educa\u00e7\u00e3o B\u00e1sica (Fundeb) para o Sistema S e para entidades filantr\u00f3picas. A medida foi inclu\u00edda por meio de destaques ao projeto que regulamenta o Fundeb (PL 4372\/20).\" \/>\n<meta property=\"og:url\" content=\"https:\/\/abrelivros.org.br\/site\/oposicao-diz-que-vai-a-justica-contra-destinacao-de-recursos-do-fundeb-ao-setor-privado\/\" \/>\n<meta property=\"og:site_name\" content=\"Abrelivros\" \/>\n<meta property=\"article:published_time\" content=\"2020-12-11T17:55:37+00:00\" \/>\n<meta name=\"twitter:card\" content=\"summary_large_image\" \/>\n<script type=\"application\/ld+json\" class=\"yoast-schema-graph\">{\"@context\":\"https:\/\/schema.org\",\"@graph\":[{\"@type\":\"WebSite\",\"@id\":\"https:\/\/abrelivros.org.br\/site\/#website\",\"url\":\"https:\/\/abrelivros.org.br\/site\/\",\"name\":\"Abrelivros\",\"description\":\"\",\"potentialAction\":[{\"@type\":\"SearchAction\",\"target\":\"https:\/\/abrelivros.org.br\/site\/?s={search_term_string}\",\"query-input\":\"required name=search_term_string\"}],\"inLanguage\":\"pt-BR\"},{\"@type\":\"WebPage\",\"@id\":\"https:\/\/abrelivros.org.br\/site\/oposicao-diz-que-vai-a-justica-contra-destinacao-de-recursos-do-fundeb-ao-setor-privado\/#webpage\",\"url\":\"https:\/\/abrelivros.org.br\/site\/oposicao-diz-que-vai-a-justica-contra-destinacao-de-recursos-do-fundeb-ao-setor-privado\/\",\"name\":\"Oposi\\u00e7\\u00e3o diz que vai \\u00e0 Justi\\u00e7a contra destina\\u00e7\\u00e3o de recursos do Fundeb ao setor privado &raquo; Abrelivros\",\"isPartOf\":{\"@id\":\"https:\/\/abrelivros.org.br\/site\/#website\"},\"datePublished\":\"2020-12-11T17:55:37+00:00\",\"dateModified\":\"2020-12-11T17:55:37+00:00\",\"author\":{\"@id\":\"https:\/\/abrelivros.org.br\/site\/#\/schema\/person\/65db80e26409802ce15ac5feec6a15fd\"},\"breadcrumb\":{\"@id\":\"https:\/\/abrelivros.org.br\/site\/oposicao-diz-que-vai-a-justica-contra-destinacao-de-recursos-do-fundeb-ao-setor-privado\/#breadcrumb\"},\"inLanguage\":\"pt-BR\",\"potentialAction\":[{\"@type\":\"ReadAction\",\"target\":[\"https:\/\/abrelivros.org.br\/site\/oposicao-diz-que-vai-a-justica-contra-destinacao-de-recursos-do-fundeb-ao-setor-privado\/\"]}]},{\"@type\":\"BreadcrumbList\",\"@id\":\"https:\/\/abrelivros.org.br\/site\/oposicao-diz-que-vai-a-justica-contra-destinacao-de-recursos-do-fundeb-ao-setor-privado\/#breadcrumb\",\"itemListElement\":[{\"@type\":\"ListItem\",\"position\":1,\"item\":{\"@type\":\"WebPage\",\"@id\":\"https:\/\/abrelivros.org.br\/site\/\",\"url\":\"https:\/\/abrelivros.org.br\/site\/\",\"name\":\"In\\u00edcio\"}},{\"@type\":\"ListItem\",\"position\":2,\"item\":{\"@type\":\"WebPage\",\"@id\":\"https:\/\/abrelivros.org.br\/site\/category\/noticias\/\",\"url\":\"https:\/\/abrelivros.org.br\/site\/category\/noticias\/\",\"name\":\"Not\\u00edcias\"}},{\"@type\":\"ListItem\",\"position\":3,\"item\":{\"@type\":\"WebPage\",\"@id\":\"https:\/\/abrelivros.org.br\/site\/category\/noticias\/noticias-da-imprensa\/\",\"url\":\"https:\/\/abrelivros.org.br\/site\/category\/noticias\/noticias-da-imprensa\/\",\"name\":\"Not\\u00edcias da imprensa\"}},{\"@type\":\"ListItem\",\"position\":4,\"item\":{\"@type\":\"WebPage\",\"@id\":\"https:\/\/abrelivros.org.br\/site\/oposicao-diz-que-vai-a-justica-contra-destinacao-de-recursos-do-fundeb-ao-setor-privado\/\",\"url\":\"https:\/\/abrelivros.org.br\/site\/oposicao-diz-que-vai-a-justica-contra-destinacao-de-recursos-do-fundeb-ao-setor-privado\/\",\"name\":\"Oposi\\u00e7\\u00e3o diz que vai \\u00e0 Justi\\u00e7a contra destina\\u00e7\\u00e3o de recursos do Fundeb ao setor privado\"}}]},{\"@type\":\"Person\",\"@id\":\"https:\/\/abrelivros.org.br\/site\/#\/schema\/person\/65db80e26409802ce15ac5feec6a15fd\",\"name\":\"Reda\\u00e7\\u00e3o Abrelivros\",\"image\":{\"@type\":\"ImageObject\",\"@id\":\"https:\/\/abrelivros.org.br\/site\/#personlogo\",\"inLanguage\":\"pt-BR\",\"url\":\"https:\/\/secure.gravatar.com\/avatar\/c4e57f9c7e3482965bd428192061218520756c39080b1d1820b679fa5e9af192?s=96&d=mm&r=g\",\"caption\":\"Reda\\u00e7\\u00e3o Abrelivros\"}}]}<\/script>\n<!-- \/ Yoast SEO plugin. -->","_links":{"self":[{"href":"https:\/\/abrelivros.org.br\/site\/wp-json\/wp\/v2\/posts\/12774","targetHints":{"allow":["GET"]}}],"collection":[{"href":"https:\/\/abrelivros.org.br\/site\/wp-json\/wp\/v2\/posts"}],"about":[{"href":"https:\/\/abrelivros.org.br\/site\/wp-json\/wp\/v2\/types\/post"}],"author":[{"embeddable":true,"href":"https:\/\/abrelivros.org.br\/site\/wp-json\/wp\/v2\/users\/4"}],"replies":[{"embeddable":true,"href":"https:\/\/abrelivros.org.br\/site\/wp-json\/wp\/v2\/comments?post=12774"}],"version-history":[{"count":1,"href":"https:\/\/abrelivros.org.br\/site\/wp-json\/wp\/v2\/posts\/12774\/revisions"}],"predecessor-version":[{"id":12775,"href":"https:\/\/abrelivros.org.br\/site\/wp-json\/wp\/v2\/posts\/12774\/revisions\/12775"}],"wp:attachment":[{"href":"https:\/\/abrelivros.org.br\/site\/wp-json\/wp\/v2\/media?parent=12774"}],"wp:term":[{"taxonomy":"category","embeddable":true,"href":"https:\/\/abrelivros.org.br\/site\/wp-json\/wp\/v2\/categories?post=12774"},{"taxonomy":"post_tag","embeddable":true,"href":"https:\/\/abrelivros.org.br\/site\/wp-json\/wp\/v2\/tags?post=12774"}],"curies":[{"name":"wp","href":"https:\/\/api.w.org\/{rel}","templated":true}]}}