{"id":12772,"date":"2020-12-11T14:44:01","date_gmt":"2020-12-11T17:44:01","guid":{"rendered":"https:\/\/abrelivros.org.br\/site\/?p=12772"},"modified":"2020-12-11T14:44:01","modified_gmt":"2020-12-11T17:44:01","slug":"camara-aprova-projeto-que-regulamenta-o-fundeb","status":"publish","type":"post","link":"https:\/\/abrelivros.org.br\/site\/camara-aprova-projeto-que-regulamenta-o-fundeb\/","title":{"rendered":"C\u00e2mara aprova projeto que regulamenta o Fundeb"},"content":{"rendered":"<p>A C\u00e2mara dos Deputados aprovou nesta quinta-feira (10) o projeto de lei (PL 4372\/20) que regulamenta o repasse de recursos do Fundo de Manuten\u00e7\u00e3o e Desenvolvimento da Educa\u00e7\u00e3o B\u00e1sica e de Valoriza\u00e7\u00e3o dos Profissionais da Educa\u00e7\u00e3o (Fundeb) a partir do pr\u00f3ximo ano. A proposta ser\u00e1 enviada ao Senado.<!--more--><\/p>\n<p>O projeto foi apresentado pela deputada <a href=\"https:\/\/www.camara.leg.br\/deputados\/160639\" target=\"_blank\" rel=\"noopener noreferrer\">Professora Dorinha Seabra Rezende<\/a> (DEM-TO) e por outros <a href=\"https:\/\/www.camara.leg.br\/proposicoesWeb\/prop_autores;jsessionid=E776F27FA25D29FD1D6AD0636893B21B.proposicoesWeb2?idProposicao=2261121\" target=\"_blank\" rel=\"noopener noreferrer\">nove deputados<\/a>, sendo aprovado na forma do parecer do relator, deputado <a href=\"https:\/\/www.camara.leg.br\/deputados\/204371\" target=\"_blank\" rel=\"noopener noreferrer\">Felipe Rigoni<\/a> (PSB-ES), e alterado por emendas. O texto define detalhes do repasse da participa\u00e7\u00e3o progressivamente maior da Uni\u00e3o ao longo de seis anos, conforme prev\u00ea a <a href=\"https:\/\/www2.camara.leg.br\/legin\/fed\/emecon\/2020\/emendaconstitucional-108-26-agosto-2020-790577-norma-pl.html\" target=\"_blank\" rel=\"noopener noreferrer\">Emenda Constitucional 108<\/a>.<\/p>\n<p>Negocia\u00e7\u00f5es iniciais entre o relator e a oposi\u00e7\u00e3o levaram \u00e0 retirada da obstru\u00e7\u00e3o dos partidos da Minoria, mas emendas aprovadas pelo Plen\u00e1rio retomaram pontos que haviam sido retirados, como a possibilidade de repasse de recursos do Fundeb para escolas filantr\u00f3picas e para o Sistema S.<\/p>\n<p>O Fundeb financia a educa\u00e7\u00e3o b\u00e1sica p\u00fablica e \u00e9 composto de 20% da receita de oito impostos estaduais e municipais e valores transferidos de impostos federais. At\u00e9 2026, o governo federal aumentar\u00e1 a complementa\u00e7\u00e3o para esses fundos a cada ano, come\u00e7ando com 12% do montante at\u00e9 atingir 23%.<\/p>\n<p>O texto do relator estabelece novos crit\u00e9rios para distribuir o dinheiro a regi\u00f5es e a etapas do ensino que necessitam de mais apoio para superar desigualdades.<\/p>\n<p>No primeiro trimestre de 2021, os recursos ainda ser\u00e3o rateados pelos crit\u00e9rios do atual Fundeb (<a href=\"https:\/\/www2.camara.leg.br\/legin\/fed\/lei\/2007\/lei-11494-20-junho-2007-555612-norma-pl.html\" target=\"_blank\" rel=\"noopener noreferrer\">Lei 11.494\/07<\/a>). As novas regras ser\u00e3o aplicadas a partir de abril e, em maio, ser\u00e3o feitos os ajustes das diferen\u00e7as do primeiro trimestre.<\/p>\n<p>No caso de uma reforma tribut\u00e1ria e tamb\u00e9m quanto a isen\u00e7\u00f5es tribut\u00e1rias, o texto prev\u00ea que devem ser avaliados os impactos nas receitas dos fundos, garantindo-se, no m\u00ednimo, a m\u00e9dia aritm\u00e9tica dos tr\u00eas \u00faltimos exerc\u00edcios.<\/p>\n<p><strong>Indicadores de melhoria<\/strong><\/p>\n<p>A partir de 2023, uma parte do dinheiro federal ser\u00e1 destinada \u00e0s redes p\u00fablicas de ensino que cumprirem algumas condi\u00e7\u00f5es e melhorarem indicadores, a serem definidos, de atendimento e aprendizagem com redu\u00e7\u00e3o de desigualdades.<\/p>\n<p>\u201cNa busca da equidade na aprendizagem, haver\u00e1 um peso maior para alunos de baixa renda ou quando s\u00e3o negros ou com defici\u00eancia, evoluindo muito na melhoria do aprendizado, mas com um foco espec\u00edfico na redu\u00e7\u00e3o das desigualdades\u201d, afirmou Rigoni.<\/p>\n<p>O relator aceitou ainda manter nas condi\u00e7\u00f5es a possibilidade de elei\u00e7\u00e3o para os diretores de escolas entre candidatos aprovados previamente em avalia\u00e7\u00e3o de m\u00e9rito e desempenho.<\/p>\n<p>S\u00e3o cinco as condi\u00e7\u00f5es a cumprir que o texto imp\u00f5e:<\/p>\n<p>&#8211; ocupa\u00e7\u00e3o de cargo de gestor escolar com crit\u00e9rios t\u00e9cnicos de m\u00e9rito e desempenho ou por escolha pela comunidade escolar;<\/p>\n<p>&#8211; participa\u00e7\u00e3o de um m\u00ednimo de 80% dos alunos de cada rede de ensino nos exames nacionais de avalia\u00e7\u00e3o;<\/p>\n<p>&#8211; repasse de 10% do ICMS que cabe a cada munic\u00edpio com base em indicadores de melhoria nos resultados de aprendizagem e de aumento da equidade segundo o n\u00edvel socioecon\u00f4mico dos estudantes;<\/p>\n<p>&#8211; referenciais curriculares alinhados \u00e0 Base Nacional Comum Curricular; e<\/p>\n<p>&#8211; redu\u00e7\u00e3o das desigualdades educacionais socioecon\u00f4micas e raciais medidas nos exames nacionais do sistema nacional de avalia\u00e7\u00e3o da educa\u00e7\u00e3o b\u00e1sica, respeitando a especificidade da educa\u00e7\u00e3o escolar ind\u00edgena e suas realidades.<\/p>\n<p>Quanto aos indicadores, o texto aprovado especifica que a metodologia dever\u00e1 considerar o avan\u00e7o dos resultados m\u00e9dios dos alunos nos exames nacionais de avalia\u00e7\u00e3o; as taxas de aprova\u00e7\u00e3o no ensino fundamental e m\u00e9dio; e as taxas de atendimento escolar das crian\u00e7as e jovens com \u00eanfase em evitar a evas\u00e3o.<\/p>\n<p><strong>Escolas filantr\u00f3picas<\/strong><\/p>\n<p>Um dos crit\u00e9rios para calcular os valores a repassar \u00e9 o n\u00famero de matr\u00edculas. Em rela\u00e7\u00e3o \u00e0 regra atual, o texto permite a inclus\u00e3o dos estudantes matriculados em cursos t\u00e9cnicos de institui\u00e7\u00f5es p\u00fablicas de ensino, seja por meio da op\u00e7\u00e3o de escolha por itiner\u00e1rio de forma\u00e7\u00e3o permitida pela reforma do ensino m\u00e9dio, seja por curso profissionalizante espec\u00edfico.<\/p>\n<p>Quanto \u00e0s escolas filantr\u00f3picas, confessionais ou comunit\u00e1rias, emenda da deputada <a href=\"https:\/\/www.camara.leg.br\/deputados\/178946\" target=\"_blank\" rel=\"noopener noreferrer\">Soraya Santos<\/a> (PL-RJ) aprovada pelo Plen\u00e1rio (311 votos a 131) permite a contagem de suas matr\u00edculas no ensino fundamental e no ensino m\u00e9dio regulares em n\u00famero equivalente a 10% das vagas oferecidas pelo ente federado em cada uma dessas etapas de ensino.<\/p>\n<p>Os recursos repassados por aluno a essas institui\u00e7\u00f5es, inclu\u00eddos os correspondentes a eventuais profissionais e bens materiais cedidos, n\u00e3o poder\u00e3o ser maiores que os gastos por aluno nas institui\u00e7\u00f5es de ensino p\u00fablicas nessas etapas de ensino.<\/p>\n<p>Outra emenda aprovada pelo Plen\u00e1rio (258 votos a 180), da deputada <a href=\"https:\/\/www.camara.leg.br\/deputados\/204410\" target=\"_blank\" rel=\"noopener noreferrer\">Lu\u00edsa Canziani<\/a> (PTB-PR), reincluiu no texto a contagem de matr\u00edculas no ensino m\u00e9dio profissionalizante do [[g Sistema S]] no c\u00e1lculo de repasses do Fundeb. Tamb\u00e9m foram reinclu\u00eddas as matr\u00edculas das escolas confessionais e filantr\u00f3picas do ensino t\u00e9cnico de n\u00edvel m\u00e9dio.<\/p>\n<p>O relator tinha retirado o tema ap\u00f3s negocia\u00e7\u00f5es com a oposi\u00e7\u00e3o.<\/p>\n<p><strong>Contraturno<\/strong><\/p>\n<p>Emenda do deputado <a href=\"https:\/\/www.camara.leg.br\/deputados\/74655\" target=\"_blank\" rel=\"noopener noreferrer\">Eduardo Barbosa<\/a> (PSDB-MG) e outros, aprovada por 272 votos a 167, incluiu ainda entre as matr\u00edculas das filantr\u00f3picas aceitas para receber dinheiro do Fundeb aquelas que oferecem estudo no contraturno como complementa\u00e7\u00e3o da jornada na rede p\u00fablica.<\/p>\n<p><strong>Plano de carreira<\/strong><\/p>\n<p>Para os profissionais da educa\u00e7\u00e3o b\u00e1sica, o projeto determina a estados e munic\u00edpios a implanta\u00e7\u00e3o de planos de carreira e remunera\u00e7\u00e3o com medidas de incentivo para que aqueles bem avaliados exer\u00e7am suas fun\u00e7\u00f5es em escolas de localidades com piores indicadores socioecon\u00f4micos.<\/p>\n<p><strong>Terceirizados<\/strong><\/p>\n<p>A emenda constitucional do Fundeb (EC 108) permite que at\u00e9 70% dos recursos repassados financiem a remunera\u00e7\u00e3o de profissionais de educa\u00e7\u00e3o. Nas negocia\u00e7\u00f5es feitas antes da vota\u00e7\u00e3o desta quinta-feira, o relator aceitou retirar a possibilidade de serem pagos com esse dinheiro aqueles das \u00e1reas pedag\u00f3gica, t\u00e9cnica e administrativa sem os crit\u00e9rios da <a href=\"https:\/\/www2.camara.leg.br\/legin\/fed\/lei\/1996\/lei-9394-20-dezembro-1996-362578-norma-pl.html\" target=\"_blank\" rel=\"noopener noreferrer\">Lei 9.394\/96<\/a>. Ele incluiu, por\u00e9m, psic\u00f3logos e assistentes sociais que atuam na rede.<\/p>\n<p>Entretanto, na vota\u00e7\u00e3o dos destaques, emenda do deputado <a href=\"https:\/\/www.camara.leg.br\/deputados\/204519\" target=\"_blank\" rel=\"noopener noreferrer\">Tiago Mitraud<\/a> (Novo-MG), aprovada por 212 votos a 205, incluiu novamente os profissionais das \u00e1reas t\u00e9cnica e administrativa e acrescentou os terceirizados e os profissionais das institui\u00e7\u00f5es comunit\u00e1rias, confessionais ou filantr\u00f3picas.<\/p>\n<p><strong>Piso salarial<\/strong><\/p>\n<p>O Plen\u00e1rio aprovou ainda, por 205 votos a 198, emenda da deputada <a href=\"https:\/\/www.camara.leg.br\/deputados\/73943\" target=\"_blank\" rel=\"noopener noreferrer\">Perp\u00e9tua Almeida<\/a> (PCdoB-AC) que determina a fixa\u00e7\u00e3o, em lei espec\u00edfica, at\u00e9 31 de dezembro de 2021, do piso salarial profissional nacional para os professores da educa\u00e7\u00e3o b\u00e1sica p\u00fablica.<\/p>\n<p><strong>Matr\u00edculas atuais<\/strong><\/p>\n<p>Matr\u00edculas das institui\u00e7\u00f5es conveniadas j\u00e1 contabilizadas atualmente continuam valendo para o c\u00e1lculo, como em creche para crian\u00e7as at\u00e9 3 anos; na pr\u00e9-escola at\u00e9 a crian\u00e7a completar 6 anos; na educa\u00e7\u00e3o no campo em centros familiares de forma\u00e7\u00e3o; e na educa\u00e7\u00e3o especial para institui\u00e7\u00f5es que atuem exclusivamente nessa modalidade de forma complementar ao ensino regular p\u00fablico ou para estudante com defici\u00eancia grave em tempo integral.<\/p>\n<p>As institui\u00e7\u00f5es filantr\u00f3picas e confessionais dever\u00e3o oferecer igualdade de condi\u00e7\u00f5es e atendimento educacional gratuito a todos os seus alunos; comprovar finalidade n\u00e3o lucrativa e ter Certifica\u00e7\u00e3o de Entidades Beneficentes de Assist\u00eancia Social; e atender a padr\u00f5es m\u00ednimos de qualidade.<\/p>\n<p>Anualmente, estados e munic\u00edpios dever\u00e3o informar o Minist\u00e9rio da Educa\u00e7\u00e3o sobre n\u00fameros de alunos, valores repassados e profissionais e bens eventualmente cedidos \u00e0s escolas conveniadas.<\/p>\n<p><strong>Valores m\u00ednimos<\/strong><\/p>\n<p>O projeto segue par\u00e2metros definidos na emenda constitucional para distribuir os recursos complementares da Uni\u00e3o a fim de que sejam alcan\u00e7ados os valores anuais por aluno m\u00ednimo (VAAF) e total (VAAT) que devem ser aplicados em educa\u00e7\u00e3o pelos estados e munic\u00edpios.<\/p>\n<p>Assim, do total que a Uni\u00e3o repassar\u00e1 a cada ano, 10 pontos percentuais continuam, como j\u00e1 ocorre atualmente, a ajudar no alcance do valor m\u00ednimo nacional (VAAF).<\/p>\n<p>Do dinheiro a mais que o governo federal ter\u00e1 de destinar aos fundos estaduais, nos dois primeiros anos tudo ir\u00e1 para ajudar os estados e munic\u00edpios a melhorarem o gasto total m\u00ednimo por aluno (VAAT).<\/p>\n<p>\u201cMetade dos recursos do VAAT dever\u00e1 ser aplicado na educa\u00e7\u00e3o infantil\u201d, afirmou o relator, destacando a participa\u00e7\u00e3o dos gestores locais para definir as car\u00eancias dessa etapa de ensino.<\/p>\n<p>Nesse ponto, o relat\u00f3rio de Rigoni muda o \u00edndice de corre\u00e7\u00e3o dos valores tomados para o c\u00e1lculo do VAAT. Em vez do IPCA acumulado de dois anos antes daquele em que ocorrer\u00e1 a transfer\u00eancia da Uni\u00e3o, valer\u00e1 a varia\u00e7\u00e3o das receitas totais integrantes dos fundos no per\u00edodo de 24 meses encerrado em junho do ano anterior ao do repasse. Na pr\u00e1tica, se houver queda de arrecada\u00e7\u00e3o, a complementa\u00e7\u00e3o ser\u00e1 menor.<\/p>\n<p><strong>Revis\u00e3o antecipada<\/strong><\/p>\n<p>Conforme consta da Emenda Constitucional 108, 50% dos recursos para a complementa\u00e7\u00e3o do valor total por aluno dever\u00e1 ser destinada \u00e0 educa\u00e7\u00e3o infantil.<\/p>\n<p>Esses recursos dever\u00e3o ser aplicados pelos munic\u00edpios segundo indicador que contemplar\u00e1 o d\u00e9ficit de cobertura, levando-se em conta a oferta e demanda anual pelo ensino e a vulnerabilidade socioecon\u00f4mica da popula\u00e7\u00e3o a ser atendida.<\/p>\n<p>A vers\u00e3o original do projeto previa revis\u00e3o dos pesos aplic\u00e1veis no c\u00e1lculo do rateio para valerem em 2023, mas o texto aprovado determina essa revis\u00e3o j\u00e1 em 2021 para valer em 2022.<\/p>\n<p>At\u00e9 a revis\u00e3o, poder\u00e1 ser adotada metodologia provis\u00f3ria de c\u00e1lculo desse indicador, a ser definida pelo Instituto Nacional de Estudos e Pesquisas Educacionais An\u00edsio Teixeira (Inep) ou, na sua aus\u00eancia, adotado o n\u00famero de matr\u00edculas em educa\u00e7\u00e3o infantil de cada rede municipal benefici\u00e1ria da complementa\u00e7\u00e3o VAAT.<\/p>\n","protected":false},"excerpt":{"rendered":"<p>A C\u00e2mara dos Deputados aprovou nesta quinta-feira (10) o projeto de lei (PL 4372\/20) que regulamenta o repasse de recursos do Fundo de Manuten\u00e7\u00e3o e Desenvolvimento da Educa\u00e7\u00e3o B\u00e1sica e de Valoriza\u00e7\u00e3o dos Profissionais da Educa\u00e7\u00e3o (Fundeb) a partir do pr\u00f3ximo ano. A proposta ser\u00e1 enviada ao Senado.<\/p>\n","protected":false},"author":4,"featured_media":0,"comment_status":"closed","ping_status":"closed","sticky":false,"template":"","format":"standard","meta":{"footnotes":"","_links_to":"","_links_to_target":""},"categories":[9],"tags":[],"class_list":["post-12772","post","type-post","status-publish","format-standard","hentry","category-noticias-da-imprensa"],"yoast_head":"<!-- This site is optimized with the Yoast SEO plugin v15.1 - https:\/\/yoast.com\/wordpress\/plugins\/seo\/ -->\n<title>C\u00e2mara aprova projeto que regulamenta o Fundeb &raquo; Abrelivros<\/title>\n<meta name=\"robots\" content=\"index, follow, max-snippet:-1, max-image-preview:large, max-video-preview:-1\" \/>\n<link rel=\"canonical\" href=\"https:\/\/abrelivros.org.br\/site\/camara-aprova-projeto-que-regulamenta-o-fundeb\/\" \/>\n<meta property=\"og:locale\" content=\"pt_BR\" \/>\n<meta property=\"og:type\" content=\"article\" \/>\n<meta property=\"og:title\" content=\"C\u00e2mara aprova projeto que regulamenta o Fundeb &raquo; Abrelivros\" \/>\n<meta property=\"og:description\" content=\"A C\u00e2mara dos Deputados aprovou nesta quinta-feira (10) o projeto de lei (PL 4372\/20) que regulamenta o repasse de recursos do Fundo de Manuten\u00e7\u00e3o e Desenvolvimento da Educa\u00e7\u00e3o B\u00e1sica e de Valoriza\u00e7\u00e3o dos Profissionais da Educa\u00e7\u00e3o (Fundeb) a partir do pr\u00f3ximo ano. A proposta ser\u00e1 enviada ao Senado.\" \/>\n<meta property=\"og:url\" content=\"https:\/\/abrelivros.org.br\/site\/camara-aprova-projeto-que-regulamenta-o-fundeb\/\" \/>\n<meta property=\"og:site_name\" content=\"Abrelivros\" \/>\n<meta property=\"article:published_time\" content=\"2020-12-11T17:44:01+00:00\" \/>\n<meta name=\"twitter:card\" content=\"summary_large_image\" \/>\n<script type=\"application\/ld+json\" class=\"yoast-schema-graph\">{\"@context\":\"https:\/\/schema.org\",\"@graph\":[{\"@type\":\"WebSite\",\"@id\":\"https:\/\/abrelivros.org.br\/site\/#website\",\"url\":\"https:\/\/abrelivros.org.br\/site\/\",\"name\":\"Abrelivros\",\"description\":\"\",\"potentialAction\":[{\"@type\":\"SearchAction\",\"target\":\"https:\/\/abrelivros.org.br\/site\/?s={search_term_string}\",\"query-input\":\"required name=search_term_string\"}],\"inLanguage\":\"pt-BR\"},{\"@type\":\"WebPage\",\"@id\":\"https:\/\/abrelivros.org.br\/site\/camara-aprova-projeto-que-regulamenta-o-fundeb\/#webpage\",\"url\":\"https:\/\/abrelivros.org.br\/site\/camara-aprova-projeto-que-regulamenta-o-fundeb\/\",\"name\":\"C\\u00e2mara aprova projeto que regulamenta o Fundeb &raquo; Abrelivros\",\"isPartOf\":{\"@id\":\"https:\/\/abrelivros.org.br\/site\/#website\"},\"datePublished\":\"2020-12-11T17:44:01+00:00\",\"dateModified\":\"2020-12-11T17:44:01+00:00\",\"author\":{\"@id\":\"https:\/\/abrelivros.org.br\/site\/#\/schema\/person\/65db80e26409802ce15ac5feec6a15fd\"},\"breadcrumb\":{\"@id\":\"https:\/\/abrelivros.org.br\/site\/camara-aprova-projeto-que-regulamenta-o-fundeb\/#breadcrumb\"},\"inLanguage\":\"pt-BR\",\"potentialAction\":[{\"@type\":\"ReadAction\",\"target\":[\"https:\/\/abrelivros.org.br\/site\/camara-aprova-projeto-que-regulamenta-o-fundeb\/\"]}]},{\"@type\":\"BreadcrumbList\",\"@id\":\"https:\/\/abrelivros.org.br\/site\/camara-aprova-projeto-que-regulamenta-o-fundeb\/#breadcrumb\",\"itemListElement\":[{\"@type\":\"ListItem\",\"position\":1,\"item\":{\"@type\":\"WebPage\",\"@id\":\"https:\/\/abrelivros.org.br\/site\/\",\"url\":\"https:\/\/abrelivros.org.br\/site\/\",\"name\":\"In\\u00edcio\"}},{\"@type\":\"ListItem\",\"position\":2,\"item\":{\"@type\":\"WebPage\",\"@id\":\"https:\/\/abrelivros.org.br\/site\/category\/noticias\/\",\"url\":\"https:\/\/abrelivros.org.br\/site\/category\/noticias\/\",\"name\":\"Not\\u00edcias\"}},{\"@type\":\"ListItem\",\"position\":3,\"item\":{\"@type\":\"WebPage\",\"@id\":\"https:\/\/abrelivros.org.br\/site\/category\/noticias\/noticias-da-imprensa\/\",\"url\":\"https:\/\/abrelivros.org.br\/site\/category\/noticias\/noticias-da-imprensa\/\",\"name\":\"Not\\u00edcias da imprensa\"}},{\"@type\":\"ListItem\",\"position\":4,\"item\":{\"@type\":\"WebPage\",\"@id\":\"https:\/\/abrelivros.org.br\/site\/camara-aprova-projeto-que-regulamenta-o-fundeb\/\",\"url\":\"https:\/\/abrelivros.org.br\/site\/camara-aprova-projeto-que-regulamenta-o-fundeb\/\",\"name\":\"C\\u00e2mara aprova projeto que regulamenta o Fundeb\"}}]},{\"@type\":\"Person\",\"@id\":\"https:\/\/abrelivros.org.br\/site\/#\/schema\/person\/65db80e26409802ce15ac5feec6a15fd\",\"name\":\"Reda\\u00e7\\u00e3o Abrelivros\",\"image\":{\"@type\":\"ImageObject\",\"@id\":\"https:\/\/abrelivros.org.br\/site\/#personlogo\",\"inLanguage\":\"pt-BR\",\"url\":\"https:\/\/secure.gravatar.com\/avatar\/c4e57f9c7e3482965bd428192061218520756c39080b1d1820b679fa5e9af192?s=96&d=mm&r=g\",\"caption\":\"Reda\\u00e7\\u00e3o Abrelivros\"}}]}<\/script>\n<!-- \/ Yoast SEO plugin. -->","_links":{"self":[{"href":"https:\/\/abrelivros.org.br\/site\/wp-json\/wp\/v2\/posts\/12772","targetHints":{"allow":["GET"]}}],"collection":[{"href":"https:\/\/abrelivros.org.br\/site\/wp-json\/wp\/v2\/posts"}],"about":[{"href":"https:\/\/abrelivros.org.br\/site\/wp-json\/wp\/v2\/types\/post"}],"author":[{"embeddable":true,"href":"https:\/\/abrelivros.org.br\/site\/wp-json\/wp\/v2\/users\/4"}],"replies":[{"embeddable":true,"href":"https:\/\/abrelivros.org.br\/site\/wp-json\/wp\/v2\/comments?post=12772"}],"version-history":[{"count":1,"href":"https:\/\/abrelivros.org.br\/site\/wp-json\/wp\/v2\/posts\/12772\/revisions"}],"predecessor-version":[{"id":12773,"href":"https:\/\/abrelivros.org.br\/site\/wp-json\/wp\/v2\/posts\/12772\/revisions\/12773"}],"wp:attachment":[{"href":"https:\/\/abrelivros.org.br\/site\/wp-json\/wp\/v2\/media?parent=12772"}],"wp:term":[{"taxonomy":"category","embeddable":true,"href":"https:\/\/abrelivros.org.br\/site\/wp-json\/wp\/v2\/categories?post=12772"},{"taxonomy":"post_tag","embeddable":true,"href":"https:\/\/abrelivros.org.br\/site\/wp-json\/wp\/v2\/tags?post=12772"}],"curies":[{"name":"wp","href":"https:\/\/api.w.org\/{rel}","templated":true}]}}