{"id":12770,"date":"2020-12-11T14:15:19","date_gmt":"2020-12-11T17:15:19","guid":{"rendered":"https:\/\/abrelivros.org.br\/site\/?p=12770"},"modified":"2020-12-11T14:15:19","modified_gmt":"2020-12-11T17:15:19","slug":"inep-debate-reformulacao-do-enem-com-entidades-da-educacao","status":"publish","type":"post","link":"https:\/\/abrelivros.org.br\/site\/inep-debate-reformulacao-do-enem-com-entidades-da-educacao\/","title":{"rendered":"Inep debate reformula\u00e7\u00e3o do Enem com entidades da educa\u00e7\u00e3o"},"content":{"rendered":"<p>O Instituto Nacional de Estudos e Pesquisas Educacionais An\u00edsio Teixeira (Inep) participou, nesta quarta-feira, 9 de dezembro, de reuni\u00e3o da C\u00e2mara de Educa\u00e7\u00e3o B\u00e1sica do Conselho Nacional de Educa\u00e7\u00e3o (CNE) para alinhamentos a respeito do processo de reformula\u00e7\u00e3o do Exame Nacional do Ensino M\u00e9dio (Enem). Durante a videoconfer\u00eancia, foram discutidas quest\u00f5es como a elabora\u00e7\u00e3o e aplica\u00e7\u00e3o de uma nova matriz de refer\u00eancia do exame, considerando a Base Nacional Comum Curricular (BNCC) do Novo Ensino M\u00e9dio, al\u00e9m de possibilidades de avalia\u00e7\u00e3o dos itiner\u00e1rios formativos.<!--more--><\/p>\n<p>Para o presidente do Inep, Alexandre Lopes, os alinhamentos entre as entidades educacionais s\u00e3o fundamentais na busca pelo aprimoramento do exame. &#8220;\u00c9 importante que a gente siga conversando para construir o melhor Enem poss\u00edvel&#8221;, pontuou. Lopes refor\u00e7ou que o Inep tem condi\u00e7\u00f5es de elaborar e aplicar uma nova matriz do Enem a partir de 2024, caso seja o entendimento do CNE, do Conselho Nacional de Secret\u00e1rios de Educa\u00e7\u00e3o (Consed) e das demais entidades que participam do processo de reformula\u00e7\u00e3o do exame. &#8220;Acreditamos que precisamos de uma data de consenso, fruto do debate de todos esses atores&#8221;, ponderou o presidente do Inep.<\/p>\n<p>O coordenador-geral de Exames para Certifica\u00e7\u00e3o do Inep, Eduardo Carvalho Sousa, destacou os avan\u00e7os na adequa\u00e7\u00e3o do Enem \u00e0 BNCC e ao conte\u00fado que deve ser contemplado na matriz de refer\u00eancia. &#8220;Estamos tendo uma conversa muito pr\u00f3xima com o Consed, justamente para entender como os estados est\u00e3o implementando os curr\u00edculos e como podemos absorver essas informa\u00e7\u00f5es para a cria\u00e7\u00e3o da matriz do novo exame&#8221;, disse Sousa.<\/p>\n<p>A reuni\u00e3o contou com a presen\u00e7a da presidente do CNE, Maria Helena Guimar\u00e3es, e da vice-presidente da C\u00e2mara de Educa\u00e7\u00e3o B\u00e1sica do conselho, Am\u00e1bile Pacios. Tamb\u00e9m participaram do encontro os presidentes do Consed e da Uni\u00e3o Nacional dos Dirigentes Municipais de Educa\u00e7\u00e3o (Undime), Fred Am\u00e2ncio e Luiz Miguel, respectivamente, al\u00e9m do presidente da Federa\u00e7\u00e3o Nacional das Escolas Particulares (Fenep), Ademar Batista Pereira e do presidente da Associa\u00e7\u00e3o Nacional dos Dirigentes das Institui\u00e7\u00f5es Federais de Ensino Superior (Andifes), Edward Madureira Brasil. Estiveram na videoconfer\u00eancia, ainda, o presidente do F\u00f3rum das Institui\u00e7\u00f5es de Educa\u00e7\u00e3o Superior, Celso NIskier, a diretora do Movimento pela Base Nacional Comum Curricular, Alice Andr\u00e9s, e os especialistas em educa\u00e7\u00e3o Simon Shwartzman e Ruben Klein.<\/p>\n<p><strong>Enem<\/strong> \u2013 Realizado anualmente pelo Inep desde 1998, o Exame Nacional do Ensino M\u00e9dio avalia o desempenho escolar ao final da educa\u00e7\u00e3o b\u00e1sica. A estrutura do exame conta com uma reda\u00e7\u00e3o e 45 quest\u00f5es em cada prova das quatro \u00e1reas de conhecimento: linguagens, c\u00f3digos e suas tecnologias; ci\u00eancias humanas e suas tecnologias; ci\u00eancias da natureza e suas tecnologias; e matem\u00e1tica e suas tecnologias. As provas da edi\u00e7\u00e3o 2020 do exame est\u00e3o marcadas para os dias 17 e 24 de janeiro de 2021 (vers\u00e3o impressa); e 31 de janeiro e 7 de fevereiro de 2021 (vers\u00e3o digital).<\/p>\n","protected":false},"excerpt":{"rendered":"<p>O Instituto Nacional de Estudos e Pesquisas Educacionais An\u00edsio Teixeira (Inep) participou, nesta quarta-feira, 9 de dezembro, de reuni\u00e3o da C\u00e2mara de Educa\u00e7\u00e3o B\u00e1sica do Conselho Nacional de Educa\u00e7\u00e3o (CNE) para alinhamentos a respeito do processo de reformula\u00e7\u00e3o do Exame Nacional do Ensino M\u00e9dio (Enem). Durante a videoconfer\u00eancia, foram discutidas quest\u00f5es como a elabora\u00e7\u00e3o e [&hellip;]<\/p>\n","protected":false},"author":4,"featured_media":0,"comment_status":"closed","ping_status":"closed","sticky":false,"template":"","format":"standard","meta":{"footnotes":"","_links_to":"","_links_to_target":""},"categories":[9],"tags":[],"class_list":["post-12770","post","type-post","status-publish","format-standard","hentry","category-noticias-da-imprensa"],"yoast_head":"<!-- This site is optimized with the Yoast SEO plugin v15.1 - https:\/\/yoast.com\/wordpress\/plugins\/seo\/ -->\n<title>Inep debate reformula\u00e7\u00e3o do Enem com entidades da educa\u00e7\u00e3o &raquo; Abrelivros<\/title>\n<meta name=\"robots\" content=\"index, follow, max-snippet:-1, max-image-preview:large, max-video-preview:-1\" \/>\n<link rel=\"canonical\" href=\"https:\/\/abrelivros.org.br\/site\/inep-debate-reformulacao-do-enem-com-entidades-da-educacao\/\" \/>\n<meta property=\"og:locale\" content=\"pt_BR\" \/>\n<meta property=\"og:type\" content=\"article\" \/>\n<meta property=\"og:title\" content=\"Inep debate reformula\u00e7\u00e3o do Enem com entidades da educa\u00e7\u00e3o &raquo; Abrelivros\" \/>\n<meta property=\"og:description\" content=\"O Instituto Nacional de Estudos e Pesquisas Educacionais An\u00edsio Teixeira (Inep) participou, nesta quarta-feira, 9 de dezembro, de reuni\u00e3o da C\u00e2mara de Educa\u00e7\u00e3o B\u00e1sica do Conselho Nacional de Educa\u00e7\u00e3o (CNE) para alinhamentos a respeito do processo de reformula\u00e7\u00e3o do Exame Nacional do Ensino M\u00e9dio (Enem). Durante a videoconfer\u00eancia, foram discutidas quest\u00f5es como a elabora\u00e7\u00e3o e [&hellip;]\" \/>\n<meta property=\"og:url\" content=\"https:\/\/abrelivros.org.br\/site\/inep-debate-reformulacao-do-enem-com-entidades-da-educacao\/\" \/>\n<meta property=\"og:site_name\" content=\"Abrelivros\" \/>\n<meta property=\"article:published_time\" content=\"2020-12-11T17:15:19+00:00\" \/>\n<meta name=\"twitter:card\" content=\"summary_large_image\" \/>\n<script type=\"application\/ld+json\" class=\"yoast-schema-graph\">{\"@context\":\"https:\/\/schema.org\",\"@graph\":[{\"@type\":\"WebSite\",\"@id\":\"https:\/\/abrelivros.org.br\/site\/#website\",\"url\":\"https:\/\/abrelivros.org.br\/site\/\",\"name\":\"Abrelivros\",\"description\":\"\",\"potentialAction\":[{\"@type\":\"SearchAction\",\"target\":\"https:\/\/abrelivros.org.br\/site\/?s={search_term_string}\",\"query-input\":\"required name=search_term_string\"}],\"inLanguage\":\"pt-BR\"},{\"@type\":\"WebPage\",\"@id\":\"https:\/\/abrelivros.org.br\/site\/inep-debate-reformulacao-do-enem-com-entidades-da-educacao\/#webpage\",\"url\":\"https:\/\/abrelivros.org.br\/site\/inep-debate-reformulacao-do-enem-com-entidades-da-educacao\/\",\"name\":\"Inep debate reformula\\u00e7\\u00e3o do Enem com entidades da educa\\u00e7\\u00e3o &raquo; Abrelivros\",\"isPartOf\":{\"@id\":\"https:\/\/abrelivros.org.br\/site\/#website\"},\"datePublished\":\"2020-12-11T17:15:19+00:00\",\"dateModified\":\"2020-12-11T17:15:19+00:00\",\"author\":{\"@id\":\"https:\/\/abrelivros.org.br\/site\/#\/schema\/person\/65db80e26409802ce15ac5feec6a15fd\"},\"breadcrumb\":{\"@id\":\"https:\/\/abrelivros.org.br\/site\/inep-debate-reformulacao-do-enem-com-entidades-da-educacao\/#breadcrumb\"},\"inLanguage\":\"pt-BR\",\"potentialAction\":[{\"@type\":\"ReadAction\",\"target\":[\"https:\/\/abrelivros.org.br\/site\/inep-debate-reformulacao-do-enem-com-entidades-da-educacao\/\"]}]},{\"@type\":\"BreadcrumbList\",\"@id\":\"https:\/\/abrelivros.org.br\/site\/inep-debate-reformulacao-do-enem-com-entidades-da-educacao\/#breadcrumb\",\"itemListElement\":[{\"@type\":\"ListItem\",\"position\":1,\"item\":{\"@type\":\"WebPage\",\"@id\":\"https:\/\/abrelivros.org.br\/site\/\",\"url\":\"https:\/\/abrelivros.org.br\/site\/\",\"name\":\"In\\u00edcio\"}},{\"@type\":\"ListItem\",\"position\":2,\"item\":{\"@type\":\"WebPage\",\"@id\":\"https:\/\/abrelivros.org.br\/site\/category\/noticias\/\",\"url\":\"https:\/\/abrelivros.org.br\/site\/category\/noticias\/\",\"name\":\"Not\\u00edcias\"}},{\"@type\":\"ListItem\",\"position\":3,\"item\":{\"@type\":\"WebPage\",\"@id\":\"https:\/\/abrelivros.org.br\/site\/category\/noticias\/noticias-da-imprensa\/\",\"url\":\"https:\/\/abrelivros.org.br\/site\/category\/noticias\/noticias-da-imprensa\/\",\"name\":\"Not\\u00edcias da imprensa\"}},{\"@type\":\"ListItem\",\"position\":4,\"item\":{\"@type\":\"WebPage\",\"@id\":\"https:\/\/abrelivros.org.br\/site\/inep-debate-reformulacao-do-enem-com-entidades-da-educacao\/\",\"url\":\"https:\/\/abrelivros.org.br\/site\/inep-debate-reformulacao-do-enem-com-entidades-da-educacao\/\",\"name\":\"Inep debate reformula\\u00e7\\u00e3o do Enem com entidades da educa\\u00e7\\u00e3o\"}}]},{\"@type\":\"Person\",\"@id\":\"https:\/\/abrelivros.org.br\/site\/#\/schema\/person\/65db80e26409802ce15ac5feec6a15fd\",\"name\":\"Reda\\u00e7\\u00e3o Abrelivros\",\"image\":{\"@type\":\"ImageObject\",\"@id\":\"https:\/\/abrelivros.org.br\/site\/#personlogo\",\"inLanguage\":\"pt-BR\",\"url\":\"https:\/\/secure.gravatar.com\/avatar\/c4e57f9c7e3482965bd428192061218520756c39080b1d1820b679fa5e9af192?s=96&d=mm&r=g\",\"caption\":\"Reda\\u00e7\\u00e3o Abrelivros\"}}]}<\/script>\n<!-- \/ Yoast SEO plugin. -->","_links":{"self":[{"href":"https:\/\/abrelivros.org.br\/site\/wp-json\/wp\/v2\/posts\/12770","targetHints":{"allow":["GET"]}}],"collection":[{"href":"https:\/\/abrelivros.org.br\/site\/wp-json\/wp\/v2\/posts"}],"about":[{"href":"https:\/\/abrelivros.org.br\/site\/wp-json\/wp\/v2\/types\/post"}],"author":[{"embeddable":true,"href":"https:\/\/abrelivros.org.br\/site\/wp-json\/wp\/v2\/users\/4"}],"replies":[{"embeddable":true,"href":"https:\/\/abrelivros.org.br\/site\/wp-json\/wp\/v2\/comments?post=12770"}],"version-history":[{"count":1,"href":"https:\/\/abrelivros.org.br\/site\/wp-json\/wp\/v2\/posts\/12770\/revisions"}],"predecessor-version":[{"id":12771,"href":"https:\/\/abrelivros.org.br\/site\/wp-json\/wp\/v2\/posts\/12770\/revisions\/12771"}],"wp:attachment":[{"href":"https:\/\/abrelivros.org.br\/site\/wp-json\/wp\/v2\/media?parent=12770"}],"wp:term":[{"taxonomy":"category","embeddable":true,"href":"https:\/\/abrelivros.org.br\/site\/wp-json\/wp\/v2\/categories?post=12770"},{"taxonomy":"post_tag","embeddable":true,"href":"https:\/\/abrelivros.org.br\/site\/wp-json\/wp\/v2\/tags?post=12770"}],"curies":[{"name":"wp","href":"https:\/\/api.w.org\/{rel}","templated":true}]}}