{"id":12768,"date":"2020-12-11T14:02:09","date_gmt":"2020-12-11T17:02:09","guid":{"rendered":"https:\/\/abrelivros.org.br\/site\/?p=12768"},"modified":"2020-12-11T14:02:09","modified_gmt":"2020-12-11T17:02:09","slug":"o-que-e-o-enem-digital-e-o-que-a-prova-tera-de-diferente","status":"publish","type":"post","link":"https:\/\/abrelivros.org.br\/site\/o-que-e-o-enem-digital-e-o-que-a-prova-tera-de-diferente\/","title":{"rendered":"O que \u00e9 o Enem digital e o que a prova ter\u00e1 de diferente"},"content":{"rendered":"<p>Pela primeira vez na hist\u00f3ria, o Enem (Exame Nacional do Ensino M\u00e9dio) ter\u00e1 uma aplica\u00e7\u00e3o em formato digital, feito no computador. Quase 100 mil candidatos devem fazer a prova, que acontecer\u00e1 nos dias 31 de janeiro e 7 de fevereiro de 2021.<!--more--><\/p>\n<p>A previs\u00e3o do MEC (Minist\u00e9rio da Educa\u00e7\u00e3o) \u00e9 que as provas do Enem sejam 100% digitais at\u00e9 2026. At\u00e9 l\u00e1, ser\u00e1 feita uma transi\u00e7\u00e3o gradual entre o modelo tradicional, impresso, e o formato digital. Entre os planos do minist\u00e9rio, est\u00e1 a realiza\u00e7\u00e3o de v\u00e1rias aplica\u00e7\u00f5es do Enem ao longo de um mesmo ano.<\/p>\n<p>Para saber mais, o UOL conversou com Alexandre Lopes, presidente do Inep (Instituto Nacional de Estudos e Pesquisas Educacionais An\u00edsio Teixeira), \u00f3rg\u00e3o respons\u00e1vel pelo exame. A seguir, tire todas suas d\u00favidas sobre as provas digitais do Enem 2020 e saiba como funciona, quem pode participar, quais as diferen\u00e7as com rela\u00e7\u00e3o \u00e0 prova impressa e mais:<\/p>\n<p><strong>O que \u00e9 a prova digital do Enem?<\/strong><\/p>\n<p>A prova digital do Enem \u00e9 a vers\u00e3o informatizada do exame. Ou seja, em vez de resolver a prova no papel, os candidatos ler\u00e3o e responder\u00e3o \u00e0s quest\u00f5es diretamente no computador.<\/p>\n<p>Nesta edi\u00e7\u00e3o piloto do formato digital, apenas a prova de reda\u00e7\u00e3o continuar\u00e1 sendo aplicada em papel. Segundo o presidente do Inep, isso acontecer\u00e1 para garantir a `comparabilidade` entre todos os candidatos, tanto os que fizerem a prova digital como os que fizerem a vers\u00e3o impressa.<\/p>\n<p>Por quest\u00f5es de seguran\u00e7a, n\u00e3o ser\u00e1 poss\u00edvel fazer a prova a partir de um computador pr\u00f3prio, em casa. Os inscritos dever\u00e3o se deslocar at\u00e9 os locais de aplica\u00e7\u00e3o do exame.<\/p>\n<p><strong>Como funciona a prova digital do Enem?<\/strong><\/p>\n<p>De acordo com o presidente do Inep, a prova digital do Enem acontece em um ambiente isolado dentro do computador \u2014assim, o candidato n\u00e3o consegue acessar outros programas instalados no equipamento, como o Word ou browsers para acesso \u00e0 internet ou para fazer buscas.<\/p>\n<p>`O candidato s\u00f3 consegue acessar o ambiente da prova. Ele n\u00e3o consegue dar um alt + tab, por exemplo, e acessar outros tipos de programa. Ent\u00e3o, n\u00e3o vai ter como colar na internet`, explica Lopes.<\/p>\n<p><strong>O que \u00e9 Enem impresso e digital?<\/strong><\/p>\n<p>O Enem impresso \u00e9 o formato tradicional do exame, realizado em papel. O Enem digital, que ser\u00e1 aplicado pela primeira vez em 2021, \u00e9 o formato informatizado da prova \u2014nele, o candidato far\u00e1 o exame diretamente no computador.<\/p>\n<p>Segundo o presidente do Inep, esta primeira prova digital do Enem foi feita de forma a ficar o `mais parecida poss\u00edvel` com a de papel, para poder garantir a competi\u00e7\u00e3o em igualdade de condi\u00e7\u00f5es a todos os candidatos.<\/p>\n<p>Isso significa que, no Enem digital, o candidato poder\u00e1 mudar de p\u00e1gina para voltar a outras quest\u00f5es que tenha deixado em branco e tamb\u00e9m mudar o gabarito que tiver escolhido antes.<\/p>\n<p>Quando o aluno terminar a prova, ele precisar\u00e1 confirmar no sistema se as respostas que marcou para as quest\u00f5es representam sua escolha definitiva. S\u00f3 depois dessa confirma\u00e7\u00e3o \u00e9 que as respostas ser\u00e3o registradas no sistema \u2014caso contr\u00e1rio, o candidato n\u00e3o ter\u00e1 a prova corrigida.<\/p>\n<p><strong>Como \u00e9 uma prova digital?<\/strong><\/p>\n<p>Os candidatos leem e respondem \u00e0s quest\u00f5es diretamente no computador. Esses exames podem ser aplicados de forma online ou offline.<\/p>\n<p>No caso do Enem, o candidato n\u00e3o ter\u00e1 acesso \u00e0 internet ou a outros programas instalados no computador para evitar a `cola` durante o exame.<\/p>\n<p><strong>Como ser\u00e1 o ambiente na sala de provas?<\/strong><\/p>\n<p>Segundo o presidente do Inep, cada computador dos locais de prova ser\u00e1 previamente designado a um candidato \u2014ou seja, o participante n\u00e3o poder\u00e1 escolher o computador que ir\u00e1 usar ou o lugar onde ir\u00e1 sentar, como acontece no Enem impresso.<\/p>\n<p>A disposi\u00e7\u00e3o dos candidatos, diz Lopes, depender\u00e1 da capacidade f\u00edsica e da estrutura de cada local de aplica\u00e7\u00e3o do exame. \u00c9 poss\u00edvel que, em algumas salas, os computadores fiquem distribu\u00eddos em formato de `U`, por exemplo. Em outros, pode haver at\u00e9 mesmo uma esp\u00e9cie de cabine, ao exemplo de uma cabine de vota\u00e7\u00e3o, para garantir a privacidade do candidato e a seguran\u00e7a da prova.<\/p>\n<p><strong>Haver\u00e1 algum tipo de senha para acessar a prova do Enem digital?<\/strong><\/p>\n<p>Sim. `H\u00e1 um sistema de criptografia com chaves. N\u00e3o podemos entrar em muitos detalhes sobre como \u00e9 essa quest\u00e3o da criptografia, at\u00e9 por uma quest\u00e3o de seguran\u00e7a, mas as informa\u00e7\u00f5es s\u00e3o todas criptografadas, tem senha`, diz o presidente do Inep.<\/p>\n<p><strong>O candidato que fizer o Enem digital vai poder levar o gabarito para casa?<\/strong><\/p>\n<p>Sim. Assim como acontece no Enem impresso, os candidatos do Enem digital receber\u00e3o uma folha de rascunho, onde poder\u00e3o anotar o gabarito das quest\u00f5es, para levar para casa e posteriormente conferir com o gabarito oficial divulgado pelo Inep.<\/p>\n<p>Mas, como no Enem impresso, apenas os candidatos que ficarem at\u00e9 os 30 minutos finais da aplica\u00e7\u00e3o do exame poder\u00e3o levar a folha de rascunho (e, portanto, seus gabaritos) para casa.<\/p>\n<p><strong>O Inep vai usar c\u00e2meras de vigil\u00e2ncia no Enem digital?<\/strong><\/p>\n<p>Na aplica\u00e7\u00e3o de janeiro de 2021, n\u00e3o ser\u00e3o utilizadas webcams ou c\u00e2meras de vigil\u00e2ncia para monitoramento dos candidatos. A fiscaliza\u00e7\u00e3o seguir\u00e1 o modelo do Enem impresso, com a presen\u00e7a de fiscais na sala de aplica\u00e7\u00e3o.<\/p>\n<p><strong>Quem poder\u00e1 participar do Enem digital?<\/strong><\/p>\n<p>Em janeiro de 2021, poder\u00e3o participar do Enem digital apenas os candidatos que j\u00e1 fizeram suas inscri\u00e7\u00f5es para o exame. O per\u00edodo de inscri\u00e7\u00f5es se encerrou em maio de 2020.<\/p>\n<p>Puderam se inscrever para o Enem digital apenas os alunos matriculados no 3\u00ba ano do ensino m\u00e9dio ou que j\u00e1 conclu\u00edram essa etapa de ensino. Os chamados `treineiros` n\u00e3o poder\u00e3o fazer essa modalidade do exame.<\/p>\n<p>Na prova que ser\u00e1 aplicada em janeiro, n\u00e3o haver\u00e1 a disponibiliza\u00e7\u00e3o de recursos de acessibilidade. Participantes com defici\u00eancia auditiva ou baixa vis\u00e3o, por exemplo, devem fazer o Enem impresso.<\/p>\n<p><strong>Quantos participantes podem fazer as provas digitais do Enem?<\/strong><\/p>\n<p>A previs\u00e3o inicial do MEC era de que 50 mil candidatos poderiam participar da primeira edi\u00e7\u00e3o do Enem digital. O Inep, no entanto, aceitou quase 100 mil inscri\u00e7\u00f5es para as provas que acontecer\u00e3o em janeiro de 2021.<\/p>\n<p><strong>As provas digitais ser\u00e3o aplicadas no Brasil inteiro?<\/strong><\/p>\n<p>Apenas algumas cidades brasileiras ter\u00e3o a aplica\u00e7\u00e3o do Enem digital em janeiro de 2021. Segundo o presidente do Inep, cerca de 4.000 laborat\u00f3rios de inform\u00e1tica ser\u00e3o usados para a realiza\u00e7\u00e3o do exame, em diferentes munic\u00edpios.<\/p>\n<p><strong>Quais os locais das provas digitais do Enem?<\/strong><\/p>\n<p>De acordo com o edital do Enem digital, o exame ser\u00e1 aplicado em mais de 90 munic\u00edpios brasileiros. Confira as cidades aqui.<\/p>\n<p><strong>Como se inscrever para fazer o Enem digital?<\/strong><\/p>\n<p>As inscri\u00e7\u00f5es para o Enem digital acontecem junto \u00e0s inscri\u00e7\u00f5es para o Enem impresso. Em geral, o per\u00edodo de inscri\u00e7\u00f5es \u00e9 aberto pelo Inep no m\u00eas de maio.<\/p>\n<p><strong>\u00c9 poss\u00edvel participar da prova digital e impressa do Enem?<\/strong><\/p>\n<p>No momento da inscri\u00e7\u00e3o, o candidato deve optar por participar da prova digital do Enem ou da prova impressa. N\u00e3o \u00e9 poss\u00edvel se inscrever nas duas modalidades.<\/p>\n<p><strong>As provas digitais e impressas ser\u00e3o as mesmas?<\/strong><\/p>\n<p>N\u00e3o. Como as provas acontecer\u00e3o em datas diferentes, as provas tamb\u00e9m ser\u00e3o distintas.<\/p>\n<p><strong>O Enem digital vai ter cores de prova, assim como o Enem regular?<\/strong><\/p>\n<p>N\u00e3o exatamente. Mas, assim como no Enem impresso, existem cadernos de prova com cores diferentes \u2014de forma a evitar `cola` entre candidatos que sentem pr\u00f3ximos na sala de aplica\u00e7\u00e3o. Ou seja, a ordem das quest\u00f5es ser\u00e1 diferente para cada candidato no Enem digital.<\/p>\n<p><strong>E se o computador tiver problemas t\u00e9cnicos?<\/strong><\/p>\n<p>Segundo o presidente do Inep, cada sala de aplica\u00e7\u00e3o do Enem digital ter\u00e1 um fiscal que poder\u00e1 auxiliar em um eventual problema t\u00e9cnico do computador. Caso esse fiscal n\u00e3o consiga resolver o problema, as salas ter\u00e3o pelo menos um computador `vazio`, \u00e0 disposi\u00e7\u00e3o para poss\u00edveis complicadores.<\/p>\n<p>`O fiscal de prova pode abrir a prova do candidato nesse outro computador`, explica Lopes. Mesmo assim, caso n\u00e3o seja poss\u00edvel resolver a situa\u00e7\u00e3o ou se o problema n\u00e3o for contornado em `tempo h\u00e1bil`, diz ele, o candidato pode fazer requerimento para participar da reaplica\u00e7\u00e3o do Enem, que acontecer\u00e1 no formato impresso nos dias 24 e 25 de fevereiro de 2021.<\/p>\n<p>N\u00e3o h\u00e1 uma defini\u00e7\u00e3o do que pode ser considerado `tempo h\u00e1bil`, segundo o presidente do Inep. `Se o aluno se sentir prejudicado, ele pode fazer o requerimento para participar da reaplica\u00e7\u00e3o.`<\/p>\n<p>&nbsp;<\/p>\n","protected":false},"excerpt":{"rendered":"<p>Pela primeira vez na hist\u00f3ria, o Enem (Exame Nacional do Ensino M\u00e9dio) ter\u00e1 uma aplica\u00e7\u00e3o em formato digital, feito no computador. Quase 100 mil candidatos devem fazer a prova, que acontecer\u00e1 nos dias 31 de janeiro e 7 de fevereiro de 2021.<\/p>\n","protected":false},"author":4,"featured_media":0,"comment_status":"closed","ping_status":"closed","sticky":false,"template":"","format":"standard","meta":{"footnotes":"","_links_to":"","_links_to_target":""},"categories":[9],"tags":[],"class_list":["post-12768","post","type-post","status-publish","format-standard","hentry","category-noticias-da-imprensa"],"yoast_head":"<!-- This site is optimized with the Yoast SEO plugin v15.1 - https:\/\/yoast.com\/wordpress\/plugins\/seo\/ -->\n<title>O que \u00e9 o Enem digital e o que a prova ter\u00e1 de diferente &raquo; Abrelivros<\/title>\n<meta name=\"robots\" content=\"index, follow, max-snippet:-1, max-image-preview:large, max-video-preview:-1\" \/>\n<link rel=\"canonical\" href=\"https:\/\/abrelivros.org.br\/site\/o-que-e-o-enem-digital-e-o-que-a-prova-tera-de-diferente\/\" \/>\n<meta property=\"og:locale\" content=\"pt_BR\" \/>\n<meta property=\"og:type\" content=\"article\" \/>\n<meta property=\"og:title\" content=\"O que \u00e9 o Enem digital e o que a prova ter\u00e1 de diferente &raquo; Abrelivros\" \/>\n<meta property=\"og:description\" content=\"Pela primeira vez na hist\u00f3ria, o Enem (Exame Nacional do Ensino M\u00e9dio) ter\u00e1 uma aplica\u00e7\u00e3o em formato digital, feito no computador. Quase 100 mil candidatos devem fazer a prova, que acontecer\u00e1 nos dias 31 de janeiro e 7 de fevereiro de 2021.\" \/>\n<meta property=\"og:url\" content=\"https:\/\/abrelivros.org.br\/site\/o-que-e-o-enem-digital-e-o-que-a-prova-tera-de-diferente\/\" \/>\n<meta property=\"og:site_name\" content=\"Abrelivros\" \/>\n<meta property=\"article:published_time\" content=\"2020-12-11T17:02:09+00:00\" \/>\n<meta name=\"twitter:card\" content=\"summary_large_image\" \/>\n<script type=\"application\/ld+json\" class=\"yoast-schema-graph\">{\"@context\":\"https:\/\/schema.org\",\"@graph\":[{\"@type\":\"WebSite\",\"@id\":\"https:\/\/abrelivros.org.br\/site\/#website\",\"url\":\"https:\/\/abrelivros.org.br\/site\/\",\"name\":\"Abrelivros\",\"description\":\"\",\"potentialAction\":[{\"@type\":\"SearchAction\",\"target\":\"https:\/\/abrelivros.org.br\/site\/?s={search_term_string}\",\"query-input\":\"required name=search_term_string\"}],\"inLanguage\":\"pt-BR\"},{\"@type\":\"WebPage\",\"@id\":\"https:\/\/abrelivros.org.br\/site\/o-que-e-o-enem-digital-e-o-que-a-prova-tera-de-diferente\/#webpage\",\"url\":\"https:\/\/abrelivros.org.br\/site\/o-que-e-o-enem-digital-e-o-que-a-prova-tera-de-diferente\/\",\"name\":\"O que \\u00e9 o Enem digital e o que a prova ter\\u00e1 de diferente &raquo; Abrelivros\",\"isPartOf\":{\"@id\":\"https:\/\/abrelivros.org.br\/site\/#website\"},\"datePublished\":\"2020-12-11T17:02:09+00:00\",\"dateModified\":\"2020-12-11T17:02:09+00:00\",\"author\":{\"@id\":\"https:\/\/abrelivros.org.br\/site\/#\/schema\/person\/65db80e26409802ce15ac5feec6a15fd\"},\"breadcrumb\":{\"@id\":\"https:\/\/abrelivros.org.br\/site\/o-que-e-o-enem-digital-e-o-que-a-prova-tera-de-diferente\/#breadcrumb\"},\"inLanguage\":\"pt-BR\",\"potentialAction\":[{\"@type\":\"ReadAction\",\"target\":[\"https:\/\/abrelivros.org.br\/site\/o-que-e-o-enem-digital-e-o-que-a-prova-tera-de-diferente\/\"]}]},{\"@type\":\"BreadcrumbList\",\"@id\":\"https:\/\/abrelivros.org.br\/site\/o-que-e-o-enem-digital-e-o-que-a-prova-tera-de-diferente\/#breadcrumb\",\"itemListElement\":[{\"@type\":\"ListItem\",\"position\":1,\"item\":{\"@type\":\"WebPage\",\"@id\":\"https:\/\/abrelivros.org.br\/site\/\",\"url\":\"https:\/\/abrelivros.org.br\/site\/\",\"name\":\"In\\u00edcio\"}},{\"@type\":\"ListItem\",\"position\":2,\"item\":{\"@type\":\"WebPage\",\"@id\":\"https:\/\/abrelivros.org.br\/site\/category\/noticias\/\",\"url\":\"https:\/\/abrelivros.org.br\/site\/category\/noticias\/\",\"name\":\"Not\\u00edcias\"}},{\"@type\":\"ListItem\",\"position\":3,\"item\":{\"@type\":\"WebPage\",\"@id\":\"https:\/\/abrelivros.org.br\/site\/category\/noticias\/noticias-da-imprensa\/\",\"url\":\"https:\/\/abrelivros.org.br\/site\/category\/noticias\/noticias-da-imprensa\/\",\"name\":\"Not\\u00edcias da imprensa\"}},{\"@type\":\"ListItem\",\"position\":4,\"item\":{\"@type\":\"WebPage\",\"@id\":\"https:\/\/abrelivros.org.br\/site\/o-que-e-o-enem-digital-e-o-que-a-prova-tera-de-diferente\/\",\"url\":\"https:\/\/abrelivros.org.br\/site\/o-que-e-o-enem-digital-e-o-que-a-prova-tera-de-diferente\/\",\"name\":\"O que \\u00e9 o Enem digital e o que a prova ter\\u00e1 de diferente\"}}]},{\"@type\":\"Person\",\"@id\":\"https:\/\/abrelivros.org.br\/site\/#\/schema\/person\/65db80e26409802ce15ac5feec6a15fd\",\"name\":\"Reda\\u00e7\\u00e3o Abrelivros\",\"image\":{\"@type\":\"ImageObject\",\"@id\":\"https:\/\/abrelivros.org.br\/site\/#personlogo\",\"inLanguage\":\"pt-BR\",\"url\":\"https:\/\/secure.gravatar.com\/avatar\/c4e57f9c7e3482965bd428192061218520756c39080b1d1820b679fa5e9af192?s=96&d=mm&r=g\",\"caption\":\"Reda\\u00e7\\u00e3o Abrelivros\"}}]}<\/script>\n<!-- \/ Yoast SEO plugin. -->","_links":{"self":[{"href":"https:\/\/abrelivros.org.br\/site\/wp-json\/wp\/v2\/posts\/12768","targetHints":{"allow":["GET"]}}],"collection":[{"href":"https:\/\/abrelivros.org.br\/site\/wp-json\/wp\/v2\/posts"}],"about":[{"href":"https:\/\/abrelivros.org.br\/site\/wp-json\/wp\/v2\/types\/post"}],"author":[{"embeddable":true,"href":"https:\/\/abrelivros.org.br\/site\/wp-json\/wp\/v2\/users\/4"}],"replies":[{"embeddable":true,"href":"https:\/\/abrelivros.org.br\/site\/wp-json\/wp\/v2\/comments?post=12768"}],"version-history":[{"count":1,"href":"https:\/\/abrelivros.org.br\/site\/wp-json\/wp\/v2\/posts\/12768\/revisions"}],"predecessor-version":[{"id":12769,"href":"https:\/\/abrelivros.org.br\/site\/wp-json\/wp\/v2\/posts\/12768\/revisions\/12769"}],"wp:attachment":[{"href":"https:\/\/abrelivros.org.br\/site\/wp-json\/wp\/v2\/media?parent=12768"}],"wp:term":[{"taxonomy":"category","embeddable":true,"href":"https:\/\/abrelivros.org.br\/site\/wp-json\/wp\/v2\/categories?post=12768"},{"taxonomy":"post_tag","embeddable":true,"href":"https:\/\/abrelivros.org.br\/site\/wp-json\/wp\/v2\/tags?post=12768"}],"curies":[{"name":"wp","href":"https:\/\/api.w.org\/{rel}","templated":true}]}}